{"id":2059,"date":"2020-08-28T10:59:38","date_gmt":"2020-08-28T08:59:38","guid":{"rendered":"http:\/\/sitetab3.ac-reims.fr\/clg-cote-legris\/-wp-\/?p=2059"},"modified":"2020-08-28T10:59:38","modified_gmt":"2020-08-28T08:59:38","slug":"oreille-en-fete-2020","status":"publish","type":"post","link":"https:\/\/sitetab3.ac-reims.fr\/clg-cote-legris\/-wp-\/oreille-en-fete-2020\/","title":{"rendered":"Oreille en F\u00eate 2020"},"content":{"rendered":"<p>Dans le cadre de la F\u00eate de la Musique et surtout pour pallier notre d\u00e9ception apr\u00e8s l&#8217;annulation des concerts des chorales pr\u00e9vus au mois de juin, l&#8217;association&nbsp;<strong>L&#8217;Oreille en F\u00eate<\/strong>&nbsp;( association des chorales scolaires du bassin \u00c9pernay) vous offre sa vid\u00e9o&nbsp;<strong>VOLER DE NUIT<\/strong>, extrait virtuel de notre spectacle intitul\u00e9&nbsp;<strong>L&#8217;Ombre et la Lumi\u00e8re<\/strong>, r\u00e9alis\u00e9e durant le confinement. Ce spectacle est report\u00e9 en juin 2021.<\/p>\n<p>Les \u00e9l\u00e8ves se sont confront\u00e9s au difficile exercice de l&#8217;enregistrement individuel avec un simple t\u00e9l\u00e9phone portable pour tout mat\u00e9riel technique.<\/p>\n<p>Il ne restait plus ensuite qu&#8217;\u00e0 mixer toutes les pistes sonores et \u00e0 monter les images.<\/p>\n<p>Merci \u00e0 tous les participants, \u00e9l\u00e8ves ou non, pour ce passionnant travail collectif.<\/p>\n<p>&nbsp;<br \/>\n<iframe loading=\"lazy\" src=\"https:\/\/www.youtube.com\/embed\/bXNCIjNjKtQ\" width=\"560\" height=\"315\" frameborder=\"0\" allowfullscreen=\"allowfullscreen\"><\/iframe><\/p>\n","protected":false},"excerpt":{"rendered":"<p>Dans le cadre de la F\u00eate de la Musique et surtout pour pallier notre d\u00e9ception apr\u00e8s l&#8217;annulation des concerts des chorales pr\u00e9vus au mois de juin, l&#8217;association&nbsp;L&#8217;Oreille en F\u00eate&nbsp;( association des chorales scolaires du bassin \u00c9pernay) vous offre sa vid\u00e9o&nbsp;VOLER DE NUIT, extrait virtuel de notre spectacle intitul\u00e9&nbsp;L&#8217;Ombre et la Lumi\u00e8re, r\u00e9alis\u00e9e durant le confinement. [&hellip;]<\/p>\n","protected":false},"author":2,"featured_media":0,"comment_status":"open","ping_status":"open","sticky":false,"template":"","format":"standard","meta":{"ngg_post_thumbnail":0,"footnotes":""},"categories":[1],"tags":[],"_links":{"self":[{"href":"https:\/\/sitetab3.ac-reims.fr\/clg-cote-legris\/-wp-\/wp-json\/wp\/v2\/posts\/2059"}],"collection":[{"href":"https:\/\/sitetab3.ac-reims.fr\/clg-cote-legris\/-wp-\/wp-json\/wp\/v2\/posts"}],"about":[{"href":"https:\/\/sitetab3.ac-reims.fr\/clg-cote-legris\/-wp-\/wp-json\/wp\/v2\/types\/post"}],"author":[{"embeddable":true,"href":"https:\/\/sitetab3.ac-reims.fr\/clg-cote-legris\/-wp-\/wp-json\/wp\/v2\/users\/2"}],"replies":[{"embeddable":true,"href":"https:\/\/sitetab3.ac-reims.fr\/clg-cote-legris\/-wp-\/wp-json\/wp\/v2\/comments?post=2059"}],"version-history":[{"count":1,"href":"https:\/\/sitetab3.ac-reims.fr\/clg-cote-legris\/-wp-\/wp-json\/wp\/v2\/posts\/2059\/revisions"}],"predecessor-version":[{"id":2060,"href":"https:\/\/sitetab3.ac-reims.fr\/clg-cote-legris\/-wp-\/wp-json\/wp\/v2\/posts\/2059\/revisions\/2060"}],"wp:attachment":[{"href":"https:\/\/sitetab3.ac-reims.fr\/clg-cote-legris\/-wp-\/wp-json\/wp\/v2\/media?parent=2059"}],"wp:term":[{"taxonomy":"category","embeddable":true,"href":"https:\/\/sitetab3.ac-reims.fr\/clg-cote-legris\/-wp-\/wp-json\/wp\/v2\/categories?post=2059"},{"taxonomy":"post_tag","embeddable":true,"href":"https:\/\/sitetab3.ac-reims.fr\/clg-cote-legris\/-wp-\/wp-json\/wp\/v2\/tags?post=2059"}],"curies":[{"name":"wp","href":"https:\/\/api.w.org\/{rel}","templated":true}]}}