{"id":2174,"date":"2021-03-06T22:59:22","date_gmt":"2021-03-06T21:59:22","guid":{"rendered":"http:\/\/sitetab3.ac-reims.fr\/clg-cote-legris\/-wp-\/?p=2174"},"modified":"2021-03-06T22:59:22","modified_gmt":"2021-03-06T21:59:22","slug":"lautrice-judith-bouilloc-au-cdi","status":"publish","type":"post","link":"https:\/\/sitetab3.ac-reims.fr\/clg-cote-legris\/-wp-\/lautrice-judith-bouilloc-au-cdi\/","title":{"rendered":"L&#8217;autrice Judith Bouilloc au CDI"},"content":{"rendered":"<p><img loading=\"lazy\" decoding=\"async\" class=\"size-medium wp-image-2175 aligncenter\" src=\"http:\/\/sitetab3.ac-reims.fr\/clg-cote-legris\/-wp-\/wp-content\/uploads\/20210219_091026-169x300.jpg\" alt=\"\" width=\"169\" height=\"300\" srcset=\"https:\/\/sitetab3.ac-reims.fr\/clg-cote-legris\/-wp-\/wp-content\/uploads\/20210219_091026-169x300.jpg 169w, https:\/\/sitetab3.ac-reims.fr\/clg-cote-legris\/-wp-\/wp-content\/uploads\/20210219_091026.jpg 432w\" sizes=\"(max-width: 169px) 100vw, 169px\" \/>Judith Bouilloc, l&#8217;autrice du roman &#8220;L&#8217;arrache-mots&#8221;, s\u00e9lectionn\u00e9 pour le d\u00e9fi-lecture, est venue au coll\u00e8ge ce vendredi 19 f\u00e9vrier au matin. Elle a rencontr\u00e9 de 9h \u00e0 10h les \u00e9l\u00e8ves de 6e2, qui avaient pr\u00e9par\u00e9 ce moment avec Mme Jolly, et quelques \u00e9l\u00e8ves de 6e3 qui ont beaucoup appr\u00e9ci\u00e9cette lecture. De 10h30 \u00e0 11h30, ce fut au tour des \u00e9l\u00e8ves de CM2 de l&#8217;\u00e9cole Jean Jaur\u00e8s de se d\u00e9placer au coll\u00e8ge pour assister \u00e0 cette rencontre.<\/p>\n<p>Judith Bouilloc s&#8217;est volontiers pr\u00eat\u00e9 aux jeux de questions pr\u00e9par\u00e9es par les \u00e9l\u00e8ves, elle les a \u00e9cout\u00e9 lire des extraits de son roman et a sign\u00e9 bon nombre de d\u00e9dicaces. Elle a partag\u00e9 son enthousiasme pour son m\u00e9tier d&#8217;autrice en apportant ses carnets de recherche pour ses romans et en donnant aux \u00e9l\u00e8ves des illustrations de &#8220;L&#8217;arrache-mots&#8221;. La magie a op\u00e9r\u00e9 et les \u00e9tincelles ont brill\u00e9 dans les yeux des \u00e9l\u00e8ves ! Merci \u00e0 elle pour cette belle matin\u00e9e !<\/p>\n","protected":false},"excerpt":{"rendered":"<p>Judith Bouilloc, l&#8217;autrice du roman &#8220;L&#8217;arrache-mots&#8221;, s\u00e9lectionn\u00e9 pour le d\u00e9fi-lecture, est venue au coll\u00e8ge ce vendredi 19 f\u00e9vrier au matin. Elle a rencontr\u00e9 de 9h \u00e0 10h les \u00e9l\u00e8ves de 6e2, qui avaient pr\u00e9par\u00e9 ce moment avec Mme Jolly, et quelques \u00e9l\u00e8ves de 6e3 qui ont beaucoup appr\u00e9ci\u00e9cette lecture. De 10h30 \u00e0 11h30, ce fut [&hellip;]<\/p>\n","protected":false},"author":2,"featured_media":0,"comment_status":"open","ping_status":"open","sticky":false,"template":"","format":"standard","meta":{"ngg_post_thumbnail":0,"footnotes":""},"categories":[39],"tags":[],"_links":{"self":[{"href":"https:\/\/sitetab3.ac-reims.fr\/clg-cote-legris\/-wp-\/wp-json\/wp\/v2\/posts\/2174"}],"collection":[{"href":"https:\/\/sitetab3.ac-reims.fr\/clg-cote-legris\/-wp-\/wp-json\/wp\/v2\/posts"}],"about":[{"href":"https:\/\/sitetab3.ac-reims.fr\/clg-cote-legris\/-wp-\/wp-json\/wp\/v2\/types\/post"}],"author":[{"embeddable":true,"href":"https:\/\/sitetab3.ac-reims.fr\/clg-cote-legris\/-wp-\/wp-json\/wp\/v2\/users\/2"}],"replies":[{"embeddable":true,"href":"https:\/\/sitetab3.ac-reims.fr\/clg-cote-legris\/-wp-\/wp-json\/wp\/v2\/comments?post=2174"}],"version-history":[{"count":3,"href":"https:\/\/sitetab3.ac-reims.fr\/clg-cote-legris\/-wp-\/wp-json\/wp\/v2\/posts\/2174\/revisions"}],"predecessor-version":[{"id":2178,"href":"https:\/\/sitetab3.ac-reims.fr\/clg-cote-legris\/-wp-\/wp-json\/wp\/v2\/posts\/2174\/revisions\/2178"}],"wp:attachment":[{"href":"https:\/\/sitetab3.ac-reims.fr\/clg-cote-legris\/-wp-\/wp-json\/wp\/v2\/media?parent=2174"}],"wp:term":[{"taxonomy":"category","embeddable":true,"href":"https:\/\/sitetab3.ac-reims.fr\/clg-cote-legris\/-wp-\/wp-json\/wp\/v2\/categories?post=2174"},{"taxonomy":"post_tag","embeddable":true,"href":"https:\/\/sitetab3.ac-reims.fr\/clg-cote-legris\/-wp-\/wp-json\/wp\/v2\/tags?post=2174"}],"curies":[{"name":"wp","href":"https:\/\/api.w.org\/{rel}","templated":true}]}}