{"id":2208,"date":"2021-03-14T23:39:24","date_gmt":"2021-03-14T22:39:24","guid":{"rendered":"http:\/\/sitetab3.ac-reims.fr\/clg-cote-legris\/-wp-\/?p=2208"},"modified":"2021-03-14T23:39:24","modified_gmt":"2021-03-14T22:39:24","slug":"la-semaine-des-mathematiques","status":"publish","type":"post","link":"https:\/\/sitetab3.ac-reims.fr\/clg-cote-legris\/-wp-\/la-semaine-des-mathematiques\/","title":{"rendered":"La semaine des math\u00e9matiques"},"content":{"rendered":"<p><strong><em>A l\u2019occasion de la semaine des math\u00e9matiques<\/em><\/strong><\/p>\n<p>&nbsp;<\/p>\n<p>Chaque jour, tout au long de la semaine, nous vous proposerons une petite \u00e9nigme.<\/p>\n<p>Vous la trouverez \u00e0 l&#8217;entr\u00e9e des salles de math\u00e9matiques, aux entr\u00e9es de la cours, aux casiers.<\/p>\n<p>Pour jouer, rien de plus simple, il suffit de mettre sur une feuille&nbsp;:<\/p>\n<ul>\n<li>son nom et pr\u00e9nom<\/li>\n<li>sa classe<\/li>\n<li>les r\u00e9ponses de chacune des \u00e9nigmes<\/li>\n<\/ul>\n<p>\u00c0 la fin de la semaine, d\u00e9poser votre feuille r\u00e9ponse dans l\u2019urne \u00e0 l\u2019entr\u00e9e.<\/p>\n<p>Une petite surprise viendra r\u00e9compenser le plus perspicace de chaque niveau.<\/p>\n<p>(s\u2019il y en a plusieurs, un tirage au sort sera effectu\u00e9)<\/p>\n<p>Le principal \u00e9tant de participer et de s\u2019amuser.<\/p>\n<p>Bonne chance \u00e0 vous&nbsp;!<\/p>\n","protected":false},"excerpt":{"rendered":"<p>A l\u2019occasion de la semaine des math\u00e9matiques &nbsp; Chaque jour, tout au long de la semaine, nous vous proposerons une petite \u00e9nigme. Vous la trouverez \u00e0 l&#8217;entr\u00e9e des salles de math\u00e9matiques, aux entr\u00e9es de la cours, aux casiers. Pour jouer, rien de plus simple, il suffit de mettre sur une feuille&nbsp;: son nom et pr\u00e9nom [&hellip;]<\/p>\n","protected":false},"author":2,"featured_media":0,"comment_status":"open","ping_status":"open","sticky":false,"template":"","format":"standard","meta":{"ngg_post_thumbnail":0,"footnotes":""},"categories":[13],"tags":[],"_links":{"self":[{"href":"https:\/\/sitetab3.ac-reims.fr\/clg-cote-legris\/-wp-\/wp-json\/wp\/v2\/posts\/2208"}],"collection":[{"href":"https:\/\/sitetab3.ac-reims.fr\/clg-cote-legris\/-wp-\/wp-json\/wp\/v2\/posts"}],"about":[{"href":"https:\/\/sitetab3.ac-reims.fr\/clg-cote-legris\/-wp-\/wp-json\/wp\/v2\/types\/post"}],"author":[{"embeddable":true,"href":"https:\/\/sitetab3.ac-reims.fr\/clg-cote-legris\/-wp-\/wp-json\/wp\/v2\/users\/2"}],"replies":[{"embeddable":true,"href":"https:\/\/sitetab3.ac-reims.fr\/clg-cote-legris\/-wp-\/wp-json\/wp\/v2\/comments?post=2208"}],"version-history":[{"count":1,"href":"https:\/\/sitetab3.ac-reims.fr\/clg-cote-legris\/-wp-\/wp-json\/wp\/v2\/posts\/2208\/revisions"}],"predecessor-version":[{"id":2209,"href":"https:\/\/sitetab3.ac-reims.fr\/clg-cote-legris\/-wp-\/wp-json\/wp\/v2\/posts\/2208\/revisions\/2209"}],"wp:attachment":[{"href":"https:\/\/sitetab3.ac-reims.fr\/clg-cote-legris\/-wp-\/wp-json\/wp\/v2\/media?parent=2208"}],"wp:term":[{"taxonomy":"category","embeddable":true,"href":"https:\/\/sitetab3.ac-reims.fr\/clg-cote-legris\/-wp-\/wp-json\/wp\/v2\/categories?post=2208"},{"taxonomy":"post_tag","embeddable":true,"href":"https:\/\/sitetab3.ac-reims.fr\/clg-cote-legris\/-wp-\/wp-json\/wp\/v2\/tags?post=2208"}],"curies":[{"name":"wp","href":"https:\/\/api.w.org\/{rel}","templated":true}]}}