{"id":2502,"date":"2022-03-02T20:25:24","date_gmt":"2022-03-02T19:25:24","guid":{"rendered":"http:\/\/sitetab3.ac-reims.fr\/clg-cote-legris\/-wp-\/?p=2502"},"modified":"2022-03-02T20:25:24","modified_gmt":"2022-03-02T19:25:24","slug":"section-sportive-football","status":"publish","type":"post","link":"https:\/\/sitetab3.ac-reims.fr\/clg-cote-legris\/-wp-\/section-sportive-football\/","title":{"rendered":"Section sportive Football"},"content":{"rendered":"\n<p style=\"text-align: center;\"><img loading=\"lazy\" decoding=\"async\" class=\"alignnone  wp-image-1365\" src=\"http:\/\/sitetab3.ac-reims.fr\/clg-cote-legris\/-wp-\/wp-content\/uploads\/Section_sportive\/2013_2014\/terrain_foot_1__lwpjif.jpg\" alt=\"\" width=\"129\" height=\"129\" srcset=\"https:\/\/sitetab3.ac-reims.fr\/clg-cote-legris\/-wp-\/wp-content\/uploads\/Section_sportive\/2013_2014\/terrain_foot_1__lwpjif.jpg 270w, https:\/\/sitetab3.ac-reims.fr\/clg-cote-legris\/-wp-\/wp-content\/uploads\/Section_sportive\/2013_2014\/terrain_foot_1__lwpjif-150x150.jpg 150w\" sizes=\"(max-width: 129px) 100vw, 129px\" \/><\/p>\n<p>Le coll\u00e8ge C\u00f4te Legris poss\u00e8de une classe section sportive football. Les \u00e9l\u00e8ves faisant partis de ce dispositif ont la possibilit\u00e9 de faire 2 entra\u00eenements de football dans le cadre de leur emploi du temps scolaire. L&#8217;objectif est de permettre aux \u00e9l\u00e8ves de progresser davantage dans leur discipline de pr\u00e9dilection tout en gardant un cadre scolaire ordinaire de proximit\u00e9.<\/p>\n<p>Pour entrer en section sportive les \u00e9l\u00e8ves devront passer des tests d&#8217;entr\u00e9e.<\/p>\n<p>Ces tests d&#8217;entr\u00e9e en section foot se d\u00e9rouleront le mercredi 4 mai 2022. Pour s&#8217;inscrire aux tests, vous avez 2 possibilit\u00e9s :<\/p>\n<ul>\n<li>soit compl\u00e9ter ce formulaire en ligne <a href=\"https:\/\/forms.gle\/TZghAMQSZL4cAt4j9\">en cliquant ICI<\/a><\/li>\n<li>soit t\u00e9l\u00e9charger <a href=\"http:\/\/sitetab3.ac-reims.fr\/clg-cote-legris\/-wp-\/wp-content\/uploads\/2022-Section-foot-inscription-aux-tests-dentree.pdf\">(cliquer ici pour t\u00e9l\u00e9charger le document)<\/a> pour ou retirer un dossier d&#8217;inscription papier au coll\u00e8ge et le rapporter au coll\u00e8ge avant le jeudi 28 avril 2022.<\/li>\n<\/ul>\n<p>Pour plus d&#8217;information n&#8217;h\u00e9sitez pas \u00e0 contacter le coll\u00e8ge.<\/p>\n","protected":false},"excerpt":{"rendered":"","protected":false},"author":2,"featured_media":0,"comment_status":"open","ping_status":"open","sticky":false,"template":"","format":"standard","meta":{"ngg_post_thumbnail":0,"footnotes":""},"categories":[26],"tags":[],"_links":{"self":[{"href":"https:\/\/sitetab3.ac-reims.fr\/clg-cote-legris\/-wp-\/wp-json\/wp\/v2\/posts\/2502"}],"collection":[{"href":"https:\/\/sitetab3.ac-reims.fr\/clg-cote-legris\/-wp-\/wp-json\/wp\/v2\/posts"}],"about":[{"href":"https:\/\/sitetab3.ac-reims.fr\/clg-cote-legris\/-wp-\/wp-json\/wp\/v2\/types\/post"}],"author":[{"embeddable":true,"href":"https:\/\/sitetab3.ac-reims.fr\/clg-cote-legris\/-wp-\/wp-json\/wp\/v2\/users\/2"}],"replies":[{"embeddable":true,"href":"https:\/\/sitetab3.ac-reims.fr\/clg-cote-legris\/-wp-\/wp-json\/wp\/v2\/comments?post=2502"}],"version-history":[{"count":2,"href":"https:\/\/sitetab3.ac-reims.fr\/clg-cote-legris\/-wp-\/wp-json\/wp\/v2\/posts\/2502\/revisions"}],"predecessor-version":[{"id":2792,"href":"https:\/\/sitetab3.ac-reims.fr\/clg-cote-legris\/-wp-\/wp-json\/wp\/v2\/posts\/2502\/revisions\/2792"}],"wp:attachment":[{"href":"https:\/\/sitetab3.ac-reims.fr\/clg-cote-legris\/-wp-\/wp-json\/wp\/v2\/media?parent=2502"}],"wp:term":[{"taxonomy":"category","embeddable":true,"href":"https:\/\/sitetab3.ac-reims.fr\/clg-cote-legris\/-wp-\/wp-json\/wp\/v2\/categories?post=2502"},{"taxonomy":"post_tag","embeddable":true,"href":"https:\/\/sitetab3.ac-reims.fr\/clg-cote-legris\/-wp-\/wp-json\/wp\/v2\/tags?post=2502"}],"curies":[{"name":"wp","href":"https:\/\/api.w.org\/{rel}","templated":true}]}}