{"id":2583,"date":"2022-05-14T08:07:29","date_gmt":"2022-05-14T06:07:29","guid":{"rendered":"http:\/\/sitetab3.ac-reims.fr\/clg-cote-legris\/-wp-\/?p=2583"},"modified":"2022-05-14T08:07:29","modified_gmt":"2022-05-14T06:07:29","slug":"spectacle-de-loreille-en-fete","status":"publish","type":"post","link":"https:\/\/sitetab3.ac-reims.fr\/clg-cote-legris\/-wp-\/spectacle-de-loreille-en-fete\/","title":{"rendered":"Spectacle de l&#8217;Oreille en f\u00eate"},"content":{"rendered":"\n<p><img loading=\"lazy\" decoding=\"async\" class=\"alignnone size-medium wp-image-2579 aligncenter\" src=\"http:\/\/sitetab3.ac-reims.fr\/clg-cote-legris\/-wp-\/wp-content\/uploads\/affiche-226x300.jpg\" alt=\"\" width=\"226\" height=\"300\" srcset=\"https:\/\/sitetab3.ac-reims.fr\/clg-cote-legris\/-wp-\/wp-content\/uploads\/affiche-226x300.jpg 226w, https:\/\/sitetab3.ac-reims.fr\/clg-cote-legris\/-wp-\/wp-content\/uploads\/affiche-768x1020.jpg 768w, https:\/\/sitetab3.ac-reims.fr\/clg-cote-legris\/-wp-\/wp-content\/uploads\/affiche.jpg 771w\" sizes=\"(max-width: 226px) 100vw, 226px\" \/><\/p>\n<p style=\"text-align: center;\"><strong><em><u>\u00ab&nbsp;POURQUOI PAS DEMAIN&nbsp;?&nbsp;\u00bb<\/u><\/em><\/strong><\/p>\n<p><strong>&nbsp;<\/strong>Apr\u00e8s cette longue p\u00e9riode d\u2019arr\u00eat et une \u00e9dition 2021 masqu\u00e9e, le ch\u0153ur de l\u2019Oreille en F\u00eate, regroupant les chorales des coll\u00e8ges d\u2019\u00c9pernay et Ay ainsi que le ch\u0153ur de l\u2019option musique du lyc\u00e9e St\u00e9phane Hessel, donnera en concert un spectacle in\u00e9dit au Palais des F\u00eates d\u2019\u00c9pernay les 8 et 9 juin \u00e0 20 heures.<\/p>\n<p>&nbsp;Les 200 \u00e9l\u00e8ves participant au projet travaillent depuis le mois de septembre dernier \u00e0 l\u2019\u00e9laboration du spectacle intitul\u00e9 <strong><em><u>Pourquoi pas demain&nbsp;?<\/u><\/em><\/strong><\/p>\n<p>Les musiques ont \u00e9t\u00e9 \u00e9crites par les professeurs d\u2019\u00e9ducation musicale, Michel Copp\u00e9 et Pascal Monate, sur des textes de Samuel Hours et Sophie Godet. Les voix seront accompagn\u00e9es par une formation instrumentale h\u00e9t\u00e9roclite assez inattendue: Quatuor \u00e0 cordes, accord\u00e9on et ensemble rock.<\/p>\n<p>Des travaux des \u00e9l\u00e8ves d\u2019Arts Plastiques de Madame Pr\u00e9voteau illustreront le spectacle sous la forme de projections vid\u00e9o.<\/p>\n<p>Cette \u0153uvre, faisant suite \u00e0 Une presque Belle \u00c9poque, spectacle cr\u00e9\u00e9 en 2017,&nbsp; propose une vaste fresque retra\u00e7ant l\u2019\u00e9volution de notre soci\u00e9t\u00e9, de la Deuxi\u00e8me guerre jusqu\u2019\u00e0 aujourd\u2019hui en passant par les Trente Glorieuses et pose la question&nbsp;: Quel monde pour demain&nbsp;?<\/p>\n<p>&nbsp;La musique \u00e9voluera aussi en fonction des \u00e9poques.<\/p>\n<p>Alors tous \u00e0 vos agendas pour cette nouvelle cr\u00e9ation&nbsp;!<\/p>\n<p><em>Palais des F\u00eates d\u2019\u00c9pernay, mercredi 8 et jeudi 9 juin 2022. Places en vente au CDI des coll\u00e8ges.<\/em><\/p>\n<p><img loading=\"lazy\" decoding=\"async\" class=\"size-medium wp-image-2580 aligncenter\" src=\"http:\/\/sitetab3.ac-reims.fr\/clg-cote-legris\/-wp-\/wp-content\/uploads\/Oreille-en-Fete-300x200.jpg\" alt=\"\" width=\"300\" height=\"200\" srcset=\"https:\/\/sitetab3.ac-reims.fr\/clg-cote-legris\/-wp-\/wp-content\/uploads\/Oreille-en-Fete-300x200.jpg 300w, https:\/\/sitetab3.ac-reims.fr\/clg-cote-legris\/-wp-\/wp-content\/uploads\/Oreille-en-Fete-1024x684.jpg 1024w, https:\/\/sitetab3.ac-reims.fr\/clg-cote-legris\/-wp-\/wp-content\/uploads\/Oreille-en-Fete-768x513.jpg 768w, https:\/\/sitetab3.ac-reims.fr\/clg-cote-legris\/-wp-\/wp-content\/uploads\/Oreille-en-Fete-1536x1025.jpg 1536w, https:\/\/sitetab3.ac-reims.fr\/clg-cote-legris\/-wp-\/wp-content\/uploads\/Oreille-en-Fete.jpg 2048w\" sizes=\"(max-width: 300px) 100vw, 300px\" \/><\/p>\n","protected":false},"excerpt":{"rendered":"","protected":false},"author":2,"featured_media":0,"comment_status":"open","ping_status":"open","sticky":false,"template":"","format":"standard","meta":{"ngg_post_thumbnail":0,"footnotes":""},"categories":[6,19],"tags":[],"_links":{"self":[{"href":"https:\/\/sitetab3.ac-reims.fr\/clg-cote-legris\/-wp-\/wp-json\/wp\/v2\/posts\/2583"}],"collection":[{"href":"https:\/\/sitetab3.ac-reims.fr\/clg-cote-legris\/-wp-\/wp-json\/wp\/v2\/posts"}],"about":[{"href":"https:\/\/sitetab3.ac-reims.fr\/clg-cote-legris\/-wp-\/wp-json\/wp\/v2\/types\/post"}],"author":[{"embeddable":true,"href":"https:\/\/sitetab3.ac-reims.fr\/clg-cote-legris\/-wp-\/wp-json\/wp\/v2\/users\/2"}],"replies":[{"embeddable":true,"href":"https:\/\/sitetab3.ac-reims.fr\/clg-cote-legris\/-wp-\/wp-json\/wp\/v2\/comments?post=2583"}],"version-history":[{"count":1,"href":"https:\/\/sitetab3.ac-reims.fr\/clg-cote-legris\/-wp-\/wp-json\/wp\/v2\/posts\/2583\/revisions"}],"predecessor-version":[{"id":2584,"href":"https:\/\/sitetab3.ac-reims.fr\/clg-cote-legris\/-wp-\/wp-json\/wp\/v2\/posts\/2583\/revisions\/2584"}],"wp:attachment":[{"href":"https:\/\/sitetab3.ac-reims.fr\/clg-cote-legris\/-wp-\/wp-json\/wp\/v2\/media?parent=2583"}],"wp:term":[{"taxonomy":"category","embeddable":true,"href":"https:\/\/sitetab3.ac-reims.fr\/clg-cote-legris\/-wp-\/wp-json\/wp\/v2\/categories?post=2583"},{"taxonomy":"post_tag","embeddable":true,"href":"https:\/\/sitetab3.ac-reims.fr\/clg-cote-legris\/-wp-\/wp-json\/wp\/v2\/tags?post=2583"}],"curies":[{"name":"wp","href":"https:\/\/api.w.org\/{rel}","templated":true}]}}