{"id":2622,"date":"2022-08-30T18:30:32","date_gmt":"2022-08-30T16:30:32","guid":{"rendered":"https:\/\/sitetab3.ac-reims.fr\/clg-cote-legris\/-wp-\/?p=2622"},"modified":"2022-08-30T18:32:04","modified_gmt":"2022-08-30T16:32:04","slug":"concours-dart-plastique","status":"publish","type":"post","link":"https:\/\/sitetab3.ac-reims.fr\/clg-cote-legris\/-wp-\/concours-dart-plastique\/","title":{"rendered":"Concours d&#8217;art plastique"},"content":{"rendered":"\n<p>Dans le cadre du cours d\u2019art plastique et \u00e0 l\u2019initiative du Lions Club les \u00e9l\u00e8ves de 4eme et de 3eme SEGPA ont particip\u00e9 au concours d\u2019affiche dont le th\u00e8me \u00e9tait \u00ab&nbsp;La for\u00eat notre 3eme poumon&nbsp;\u00bb.<\/p>\n\n\n\n<p>Mr Gavroy est venu leur remettre leurs prix mardi 28 juin au coll\u00e8ge.<\/p>\n\n\n\n<p>Ils ont remport\u00e9 les trois premiers prix et une r\u00e9compense de 550 euros que nous utiliserons pour l\u2019achat de mat\u00e9riel.<\/p>\n\n\n\n<p>1<sup>er<\/sup> prix et 1<sup>er<\/sup> prix r\u00e9gion Grand Est&nbsp;: Tom LELOUP (4eme1)<\/p>\n\n\n\n<p>2eme prix&nbsp;: Nathan MARTINET (3eme1)<\/p>\n\n\n\n<p>3eme prix&nbsp;: Mandy MAGOTT (3eme1)<\/p>\n\n\n\n<p>Bravo et f\u00e9licitations \u00e0 eux pour la qualit\u00e9 de leur travail et leur engagement\u00a0!<\/p>\n\n\n\n<figure class=\"wp-block-image size-large is-resized\"><img loading=\"lazy\" decoding=\"async\" src=\"https:\/\/sitetab3.ac-reims.fr\/clg-cote-legris\/-wp-\/wp-content\/uploads\/LELOUP-1ER-PRIX-REGION-1-1024x718.jpg\" alt=\"\" class=\"wp-image-2624\" width=\"539\" height=\"377\" srcset=\"https:\/\/sitetab3.ac-reims.fr\/clg-cote-legris\/-wp-\/wp-content\/uploads\/LELOUP-1ER-PRIX-REGION-1-1024x718.jpg 1024w, https:\/\/sitetab3.ac-reims.fr\/clg-cote-legris\/-wp-\/wp-content\/uploads\/LELOUP-1ER-PRIX-REGION-1-300x210.jpg 300w, https:\/\/sitetab3.ac-reims.fr\/clg-cote-legris\/-wp-\/wp-content\/uploads\/LELOUP-1ER-PRIX-REGION-1-768x538.jpg 768w, https:\/\/sitetab3.ac-reims.fr\/clg-cote-legris\/-wp-\/wp-content\/uploads\/LELOUP-1ER-PRIX-REGION-1-1536x1077.jpg 1536w, https:\/\/sitetab3.ac-reims.fr\/clg-cote-legris\/-wp-\/wp-content\/uploads\/LELOUP-1ER-PRIX-REGION-1-2048x1436.jpg 2048w\" sizes=\"(max-width: 539px) 100vw, 539px\" \/><figcaption>dav<\/figcaption><\/figure>\n\n\n\n<figure class=\"wp-block-image size-large is-resized\"><img loading=\"lazy\" decoding=\"async\" src=\"https:\/\/sitetab3.ac-reims.fr\/clg-cote-legris\/-wp-\/wp-content\/uploads\/LELOUP-1ER-PRIX-1024x721.jpg\" alt=\"\" class=\"wp-image-2625\" width=\"534\" height=\"376\" srcset=\"https:\/\/sitetab3.ac-reims.fr\/clg-cote-legris\/-wp-\/wp-content\/uploads\/LELOUP-1ER-PRIX-1024x721.jpg 1024w, https:\/\/sitetab3.ac-reims.fr\/clg-cote-legris\/-wp-\/wp-content\/uploads\/LELOUP-1ER-PRIX-300x211.jpg 300w, https:\/\/sitetab3.ac-reims.fr\/clg-cote-legris\/-wp-\/wp-content\/uploads\/LELOUP-1ER-PRIX-768x540.jpg 768w, https:\/\/sitetab3.ac-reims.fr\/clg-cote-legris\/-wp-\/wp-content\/uploads\/LELOUP-1ER-PRIX-1536x1081.jpg 1536w, https:\/\/sitetab3.ac-reims.fr\/clg-cote-legris\/-wp-\/wp-content\/uploads\/LELOUP-1ER-PRIX-2048x1441.jpg 2048w\" sizes=\"(max-width: 534px) 100vw, 534px\" \/><figcaption>dav<\/figcaption><\/figure>\n\n\n\n<figure class=\"wp-block-image size-large is-resized\"><img loading=\"lazy\" decoding=\"async\" src=\"https:\/\/sitetab3.ac-reims.fr\/clg-cote-legris\/-wp-\/wp-content\/uploads\/MAGOTT-3EME-PRIX-1024x716.jpg\" alt=\"\" class=\"wp-image-2626\" width=\"529\" height=\"370\" srcset=\"https:\/\/sitetab3.ac-reims.fr\/clg-cote-legris\/-wp-\/wp-content\/uploads\/MAGOTT-3EME-PRIX-1024x716.jpg 1024w, https:\/\/sitetab3.ac-reims.fr\/clg-cote-legris\/-wp-\/wp-content\/uploads\/MAGOTT-3EME-PRIX-300x210.jpg 300w, https:\/\/sitetab3.ac-reims.fr\/clg-cote-legris\/-wp-\/wp-content\/uploads\/MAGOTT-3EME-PRIX-768x537.jpg 768w, https:\/\/sitetab3.ac-reims.fr\/clg-cote-legris\/-wp-\/wp-content\/uploads\/MAGOTT-3EME-PRIX-1536x1074.jpg 1536w, https:\/\/sitetab3.ac-reims.fr\/clg-cote-legris\/-wp-\/wp-content\/uploads\/MAGOTT-3EME-PRIX-2048x1432.jpg 2048w\" sizes=\"(max-width: 529px) 100vw, 529px\" \/><figcaption>dav<\/figcaption><\/figure>\n\n\n\n<figure class=\"wp-block-image size-large is-resized\"><img loading=\"lazy\" decoding=\"async\" src=\"https:\/\/sitetab3.ac-reims.fr\/clg-cote-legris\/-wp-\/wp-content\/uploads\/MANDY-MAGOTT-698x1024.jpg\" alt=\"\" class=\"wp-image-2627\" width=\"514\" height=\"754\" srcset=\"https:\/\/sitetab3.ac-reims.fr\/clg-cote-legris\/-wp-\/wp-content\/uploads\/MANDY-MAGOTT-698x1024.jpg 698w, https:\/\/sitetab3.ac-reims.fr\/clg-cote-legris\/-wp-\/wp-content\/uploads\/MANDY-MAGOTT-205x300.jpg 205w, https:\/\/sitetab3.ac-reims.fr\/clg-cote-legris\/-wp-\/wp-content\/uploads\/MANDY-MAGOTT-768x1127.jpg 768w, https:\/\/sitetab3.ac-reims.fr\/clg-cote-legris\/-wp-\/wp-content\/uploads\/MANDY-MAGOTT-1047x1536.jpg 1047w, https:\/\/sitetab3.ac-reims.fr\/clg-cote-legris\/-wp-\/wp-content\/uploads\/MANDY-MAGOTT-1396x2048.jpg 1396w, https:\/\/sitetab3.ac-reims.fr\/clg-cote-legris\/-wp-\/wp-content\/uploads\/MANDY-MAGOTT-scaled.jpg 1745w\" sizes=\"(max-width: 514px) 100vw, 514px\" \/><figcaption>dav<\/figcaption><\/figure>\n\n\n\n<figure class=\"wp-block-image size-large is-resized\"><img loading=\"lazy\" decoding=\"async\" src=\"https:\/\/sitetab3.ac-reims.fr\/clg-cote-legris\/-wp-\/wp-content\/uploads\/MARTINET-2EME-PRIX-1024x703.jpg\" alt=\"\" class=\"wp-image-2628\" width=\"517\" height=\"354\" srcset=\"https:\/\/sitetab3.ac-reims.fr\/clg-cote-legris\/-wp-\/wp-content\/uploads\/MARTINET-2EME-PRIX-1024x703.jpg 1024w, https:\/\/sitetab3.ac-reims.fr\/clg-cote-legris\/-wp-\/wp-content\/uploads\/MARTINET-2EME-PRIX-300x206.jpg 300w, https:\/\/sitetab3.ac-reims.fr\/clg-cote-legris\/-wp-\/wp-content\/uploads\/MARTINET-2EME-PRIX-768x527.jpg 768w, https:\/\/sitetab3.ac-reims.fr\/clg-cote-legris\/-wp-\/wp-content\/uploads\/MARTINET-2EME-PRIX-1536x1055.jpg 1536w, https:\/\/sitetab3.ac-reims.fr\/clg-cote-legris\/-wp-\/wp-content\/uploads\/MARTINET-2EME-PRIX-2048x1406.jpg 2048w\" sizes=\"(max-width: 517px) 100vw, 517px\" \/><figcaption>dav<\/figcaption><\/figure>\n\n\n\n<figure class=\"wp-block-image size-large is-resized\"><img loading=\"lazy\" decoding=\"async\" src=\"https:\/\/sitetab3.ac-reims.fr\/clg-cote-legris\/-wp-\/wp-content\/uploads\/NATHAN-MARTINET-708x1024.jpg\" alt=\"\" class=\"wp-image-2629\" width=\"516\" height=\"746\" srcset=\"https:\/\/sitetab3.ac-reims.fr\/clg-cote-legris\/-wp-\/wp-content\/uploads\/NATHAN-MARTINET-708x1024.jpg 708w, https:\/\/sitetab3.ac-reims.fr\/clg-cote-legris\/-wp-\/wp-content\/uploads\/NATHAN-MARTINET-207x300.jpg 207w, https:\/\/sitetab3.ac-reims.fr\/clg-cote-legris\/-wp-\/wp-content\/uploads\/NATHAN-MARTINET-768x1111.jpg 768w, https:\/\/sitetab3.ac-reims.fr\/clg-cote-legris\/-wp-\/wp-content\/uploads\/NATHAN-MARTINET-1062x1536.jpg 1062w, https:\/\/sitetab3.ac-reims.fr\/clg-cote-legris\/-wp-\/wp-content\/uploads\/NATHAN-MARTINET-1416x2048.jpg 1416w, https:\/\/sitetab3.ac-reims.fr\/clg-cote-legris\/-wp-\/wp-content\/uploads\/NATHAN-MARTINET-scaled.jpg 1770w\" sizes=\"(max-width: 516px) 100vw, 516px\" \/><figcaption>dav<\/figcaption><\/figure>\n\n\n\n<figure class=\"wp-block-image size-large is-resized\"><img loading=\"lazy\" decoding=\"async\" src=\"https:\/\/sitetab3.ac-reims.fr\/clg-cote-legris\/-wp-\/wp-content\/uploads\/TOM-LELOUP-724x1024.jpg\" alt=\"\" class=\"wp-image-2630\" width=\"516\" height=\"730\" srcset=\"https:\/\/sitetab3.ac-reims.fr\/clg-cote-legris\/-wp-\/wp-content\/uploads\/TOM-LELOUP-724x1024.jpg 724w, https:\/\/sitetab3.ac-reims.fr\/clg-cote-legris\/-wp-\/wp-content\/uploads\/TOM-LELOUP-212x300.jpg 212w, https:\/\/sitetab3.ac-reims.fr\/clg-cote-legris\/-wp-\/wp-content\/uploads\/TOM-LELOUP-768x1086.jpg 768w, https:\/\/sitetab3.ac-reims.fr\/clg-cote-legris\/-wp-\/wp-content\/uploads\/TOM-LELOUP-1086x1536.jpg 1086w, https:\/\/sitetab3.ac-reims.fr\/clg-cote-legris\/-wp-\/wp-content\/uploads\/TOM-LELOUP-1448x2048.jpg 1448w, https:\/\/sitetab3.ac-reims.fr\/clg-cote-legris\/-wp-\/wp-content\/uploads\/TOM-LELOUP-scaled.jpg 1810w\" sizes=\"(max-width: 516px) 100vw, 516px\" \/><figcaption>dav<\/figcaption><\/figure>\n","protected":false},"excerpt":{"rendered":"<p>Dans le cadre du cours d\u2019art plastique et \u00e0 l\u2019initiative du Lions Club les \u00e9l\u00e8ves de 4eme et de 3eme SEGPA ont particip\u00e9 au concours d\u2019affiche dont le th\u00e8me \u00e9tait \u00ab&nbsp;La for\u00eat notre 3eme poumon&nbsp;\u00bb. Mr Gavroy est venu leur remettre leurs prix mardi 28 juin au coll\u00e8ge. Ils ont remport\u00e9 les trois premiers prix [&hellip;]<\/p>\n","protected":false},"author":2,"featured_media":0,"comment_status":"open","ping_status":"open","sticky":false,"template":"","format":"standard","meta":{"ngg_post_thumbnail":0,"footnotes":""},"categories":[15,11],"tags":[],"_links":{"self":[{"href":"https:\/\/sitetab3.ac-reims.fr\/clg-cote-legris\/-wp-\/wp-json\/wp\/v2\/posts\/2622"}],"collection":[{"href":"https:\/\/sitetab3.ac-reims.fr\/clg-cote-legris\/-wp-\/wp-json\/wp\/v2\/posts"}],"about":[{"href":"https:\/\/sitetab3.ac-reims.fr\/clg-cote-legris\/-wp-\/wp-json\/wp\/v2\/types\/post"}],"author":[{"embeddable":true,"href":"https:\/\/sitetab3.ac-reims.fr\/clg-cote-legris\/-wp-\/wp-json\/wp\/v2\/users\/2"}],"replies":[{"embeddable":true,"href":"https:\/\/sitetab3.ac-reims.fr\/clg-cote-legris\/-wp-\/wp-json\/wp\/v2\/comments?post=2622"}],"version-history":[{"count":2,"href":"https:\/\/sitetab3.ac-reims.fr\/clg-cote-legris\/-wp-\/wp-json\/wp\/v2\/posts\/2622\/revisions"}],"predecessor-version":[{"id":2633,"href":"https:\/\/sitetab3.ac-reims.fr\/clg-cote-legris\/-wp-\/wp-json\/wp\/v2\/posts\/2622\/revisions\/2633"}],"wp:attachment":[{"href":"https:\/\/sitetab3.ac-reims.fr\/clg-cote-legris\/-wp-\/wp-json\/wp\/v2\/media?parent=2622"}],"wp:term":[{"taxonomy":"category","embeddable":true,"href":"https:\/\/sitetab3.ac-reims.fr\/clg-cote-legris\/-wp-\/wp-json\/wp\/v2\/categories?post=2622"},{"taxonomy":"post_tag","embeddable":true,"href":"https:\/\/sitetab3.ac-reims.fr\/clg-cote-legris\/-wp-\/wp-json\/wp\/v2\/tags?post=2622"}],"curies":[{"name":"wp","href":"https:\/\/api.w.org\/{rel}","templated":true}]}}