{"id":2793,"date":"2024-02-05T00:04:00","date_gmt":"2024-02-04T23:04:00","guid":{"rendered":"https:\/\/sitetab3.ac-reims.fr\/clg-cote-legris\/-wp-\/?p=2793"},"modified":"2024-02-05T00:18:23","modified_gmt":"2024-02-04T23:18:23","slug":"test-dentree-pour-la-section-sportive-football-du-college-cote-legris","status":"publish","type":"post","link":"https:\/\/sitetab3.ac-reims.fr\/clg-cote-legris\/-wp-\/test-dentree-pour-la-section-sportive-football-du-college-cote-legris\/","title":{"rendered":"Test d&#8217;entr\u00e9e pour la section sportive football du coll\u00e8ge C\u00f4t\u00e9 Legris"},"content":{"rendered":"\n<div class=\"wp-block-image\"><figure class=\"aligncenter size-full\"><img loading=\"lazy\" decoding=\"async\" width=\"491\" height=\"681\" src=\"https:\/\/sitetab3.ac-reims.fr\/clg-cote-legris\/-wp-\/wp-content\/uploads\/section-sportive-2024.png\" alt=\"\" class=\"wp-image-3130\" srcset=\"https:\/\/sitetab3.ac-reims.fr\/clg-cote-legris\/-wp-\/wp-content\/uploads\/section-sportive-2024.png 491w, https:\/\/sitetab3.ac-reims.fr\/clg-cote-legris\/-wp-\/wp-content\/uploads\/section-sportive-2024-216x300.png 216w\" sizes=\"(max-width: 491px) 100vw, 491px\" \/><\/figure><\/div>\n\n\n\n<p>Le coll\u00e8ge C\u00f4te Legris poss\u00e8de une classe section sportive football. Les \u00e9l\u00e8ves faisant partis de ce dispositif ont la possibilit\u00e9 de faire 2 entra\u00eenements de football dans le cadre de leur emploi du temps scolaire. L&#8217;objectif est de permettre aux \u00e9l\u00e8ves de progresser davantage dans leur discipline de pr\u00e9dilection tout en gardant un cadre scolaire ordinaire de proximit\u00e9.<\/p>\n\n\n\n<p>Pour entrer en section sportive les \u00e9l\u00e8ves devront passer des tests d&#8217;entr\u00e9e.<\/p>\n\n\n\n<p>Ces tests d&#8217;entr\u00e9e en section foot se d\u00e9rouleront le mercredi 17 avril 2024. Pour s&#8217;inscrire aux tests, vous avez 2 possibilit\u00e9s :<\/p>\n\n\n\n<ul><li>soit compl\u00e9ter ce formulaire en ligne\u00a0<a href=\"https:\/\/forms.gle\/TZghAMQSZL4cAt4j9\">en cliquant ICI<\/a><\/li><li>soit t\u00e9l\u00e9charger\u00a0<a href=\"http:\/\/sitetab3.ac-reims.fr\/clg-cote-legris\/-wp-\/wp-content\/uploads\/SSF-Dossier-Inscrip.-2024-25.pdf\">(cliquer ici pour t\u00e9l\u00e9charger le document)<\/a>\u00a0ou retirer un dossier d&#8217;inscription papier au coll\u00e8ge et le rapporter au coll\u00e8ge avant le vendredi 5 avril 2024.<\/li><\/ul>\n\n\n\n<p>Pour plus d&#8217;information n&#8217;h\u00e9sitez pas \u00e0 contacter le coll\u00e8ge.<\/p>\n","protected":false},"excerpt":{"rendered":"<p>Le coll\u00e8ge C\u00f4te Legris poss\u00e8de une classe section sportive football. Les \u00e9l\u00e8ves faisant partis de ce dispositif ont la possibilit\u00e9 de faire 2 entra\u00eenements de football dans le cadre de leur emploi du temps scolaire. L&#8217;objectif est de permettre aux \u00e9l\u00e8ves de progresser davantage dans leur discipline de pr\u00e9dilection tout en gardant un cadre scolaire [&hellip;]<\/p>\n","protected":false},"author":2,"featured_media":0,"comment_status":"open","ping_status":"open","sticky":false,"template":"","format":"standard","meta":{"ngg_post_thumbnail":0,"footnotes":""},"categories":[26],"tags":[],"_links":{"self":[{"href":"https:\/\/sitetab3.ac-reims.fr\/clg-cote-legris\/-wp-\/wp-json\/wp\/v2\/posts\/2793"}],"collection":[{"href":"https:\/\/sitetab3.ac-reims.fr\/clg-cote-legris\/-wp-\/wp-json\/wp\/v2\/posts"}],"about":[{"href":"https:\/\/sitetab3.ac-reims.fr\/clg-cote-legris\/-wp-\/wp-json\/wp\/v2\/types\/post"}],"author":[{"embeddable":true,"href":"https:\/\/sitetab3.ac-reims.fr\/clg-cote-legris\/-wp-\/wp-json\/wp\/v2\/users\/2"}],"replies":[{"embeddable":true,"href":"https:\/\/sitetab3.ac-reims.fr\/clg-cote-legris\/-wp-\/wp-json\/wp\/v2\/comments?post=2793"}],"version-history":[{"count":6,"href":"https:\/\/sitetab3.ac-reims.fr\/clg-cote-legris\/-wp-\/wp-json\/wp\/v2\/posts\/2793\/revisions"}],"predecessor-version":[{"id":3134,"href":"https:\/\/sitetab3.ac-reims.fr\/clg-cote-legris\/-wp-\/wp-json\/wp\/v2\/posts\/2793\/revisions\/3134"}],"wp:attachment":[{"href":"https:\/\/sitetab3.ac-reims.fr\/clg-cote-legris\/-wp-\/wp-json\/wp\/v2\/media?parent=2793"}],"wp:term":[{"taxonomy":"category","embeddable":true,"href":"https:\/\/sitetab3.ac-reims.fr\/clg-cote-legris\/-wp-\/wp-json\/wp\/v2\/categories?post=2793"},{"taxonomy":"post_tag","embeddable":true,"href":"https:\/\/sitetab3.ac-reims.fr\/clg-cote-legris\/-wp-\/wp-json\/wp\/v2\/tags?post=2793"}],"curies":[{"name":"wp","href":"https:\/\/api.w.org\/{rel}","templated":true}]}}