{"id":2834,"date":"2023-03-21T00:22:39","date_gmt":"2023-03-20T23:22:39","guid":{"rendered":"https:\/\/sitetab3.ac-reims.fr\/clg-cote-legris\/-wp-\/?p=2834"},"modified":"2023-03-21T00:26:58","modified_gmt":"2023-03-20T23:26:58","slug":"je-filme-le-metier-qui-me-plait","status":"publish","type":"post","link":"https:\/\/sitetab3.ac-reims.fr\/clg-cote-legris\/-wp-\/je-filme-le-metier-qui-me-plait\/","title":{"rendered":"Je filme le m\u00e9tier qui me pla\u00eet !"},"content":{"rendered":"\n<div class=\"wp-block-image\"><figure class=\"aligncenter size-large is-resized\"><img loading=\"lazy\" decoding=\"async\" src=\"http:\/\/sitetab3.ac-reims.fr\/clg-cote-legris\/-wp-\/wp-content\/uploads\/Visuel_CLinfo_JFLMQMP-1024x576.png\" alt=\"\" class=\"wp-image-2833\" width=\"415\" height=\"233\" srcset=\"https:\/\/sitetab3.ac-reims.fr\/clg-cote-legris\/-wp-\/wp-content\/uploads\/Visuel_CLinfo_JFLMQMP-1024x576.png 1024w, https:\/\/sitetab3.ac-reims.fr\/clg-cote-legris\/-wp-\/wp-content\/uploads\/Visuel_CLinfo_JFLMQMP-300x169.png 300w, https:\/\/sitetab3.ac-reims.fr\/clg-cote-legris\/-wp-\/wp-content\/uploads\/Visuel_CLinfo_JFLMQMP-768x432.png 768w, https:\/\/sitetab3.ac-reims.fr\/clg-cote-legris\/-wp-\/wp-content\/uploads\/Visuel_CLinfo_JFLMQMP-1536x864.png 1536w, https:\/\/sitetab3.ac-reims.fr\/clg-cote-legris\/-wp-\/wp-content\/uploads\/Visuel_CLinfo_JFLMQMP.png 1600w\" sizes=\"(max-width: 415px) 100vw, 415px\" \/><\/figure><\/div>\n\n\n\n<p>Les 4e1 sont retenus en s\u00e9lection officielle du concours JE FILME LE M\u00c9TIER QUI ME PLA\u00ceT !<\/p>\n\n\n\n<p>Les \u00e9l\u00e8ves de 4e1 participent au concours national JE FILME LE M\u00c9TIER QUI ME PLA\u00ceT dans lequel les jeunes sont invit\u00e9s \u00e0 r\u00e9aliser un film de trois minutes pr\u00e9sentant un m\u00e9tier de leur choix.<\/p>\n\n\n\n<p>Les adolescents ont choisi de d\u00e9couvrir le m\u00e9tier de viticulteur bio et sont all\u00e9s \u00e0 la rencontre de professionnels au lyc\u00e9e Avize Viti Campus et au Champagne De Sousa pour tourner leur film : une \u00e9dition sp\u00e9ciale d\u2019un faux journal t\u00e9l\u00e9vis\u00e9.<\/p>\n\n\n\n<p>Le concours se cl\u00f4turera par une remise des prix le 25 mai prochain, dans la plus grande salle de cin\u00e9ma d\u2019Europe, Le Grand Rex \u00e0 Paris. L\u2019actrice G\u00e9raldine Nakache fera l\u2019honneur de pr\u00e9sider le jury r\u00e9compensant 150 films parmi 1 500 candidatures.<\/p>\n\n\n\n<p>Les jeunes cin\u00e9astes du coll\u00e8ge esp\u00e8rent gagner un des 150 claps, dont celui de la communication remis au film ayant le plus fait parler de lui dans les m\u00e9dias. Ils vous encouragent \u00e0 visionner leur film et \u00e0 aimer la vid\u00e9o pour atteindre leur objectif.<\/p>\n\n\n\n<p><a href=\"https:\/\/www.parcoursmetiers.tv\/video\/14812-edition-speciale-viticulteur-bio\" target=\"_blank\" rel=\"noreferrer noopener\">Pour d\u00e9couvrir le film, cliquez ici : tinyurl.com\/cotelegris<\/a><\/p>\n\n\n\n<p>Visionnez, aimez et partagez !<\/p>\n\n\n\n<div class=\"wp-block-image\"><figure class=\"aligncenter size-large is-resized\"><img loading=\"lazy\" decoding=\"async\" src=\"http:\/\/sitetab3.ac-reims.fr\/clg-cote-legris\/-wp-\/wp-content\/uploads\/Flyer_JFLMQMP_A5_vf-721x1024.jpg\" alt=\"\" class=\"wp-image-2832\" width=\"485\" height=\"689\" srcset=\"https:\/\/sitetab3.ac-reims.fr\/clg-cote-legris\/-wp-\/wp-content\/uploads\/Flyer_JFLMQMP_A5_vf-721x1024.jpg 721w, https:\/\/sitetab3.ac-reims.fr\/clg-cote-legris\/-wp-\/wp-content\/uploads\/Flyer_JFLMQMP_A5_vf-211x300.jpg 211w, https:\/\/sitetab3.ac-reims.fr\/clg-cote-legris\/-wp-\/wp-content\/uploads\/Flyer_JFLMQMP_A5_vf-768x1090.jpg 768w, https:\/\/sitetab3.ac-reims.fr\/clg-cote-legris\/-wp-\/wp-content\/uploads\/Flyer_JFLMQMP_A5_vf-1082x1536.jpg 1082w, https:\/\/sitetab3.ac-reims.fr\/clg-cote-legris\/-wp-\/wp-content\/uploads\/Flyer_JFLMQMP_A5_vf.jpg 1409w\" sizes=\"(max-width: 485px) 100vw, 485px\" \/><\/figure><\/div>\n","protected":false},"excerpt":{"rendered":"<p>Les 4e1 sont retenus en s\u00e9lection officielle du concours JE FILME LE M\u00c9TIER QUI ME PLA\u00ceT ! Les \u00e9l\u00e8ves de 4e1 participent au concours national JE FILME LE M\u00c9TIER QUI ME PLA\u00ceT dans lequel les jeunes sont invit\u00e9s \u00e0 r\u00e9aliser un film de trois minutes pr\u00e9sentant un m\u00e9tier de leur choix. Les adolescents ont choisi [&hellip;]<\/p>\n","protected":false},"author":2,"featured_media":0,"comment_status":"open","ping_status":"open","sticky":false,"template":"","format":"standard","meta":{"ngg_post_thumbnail":0,"footnotes":""},"categories":[28],"tags":[],"_links":{"self":[{"href":"https:\/\/sitetab3.ac-reims.fr\/clg-cote-legris\/-wp-\/wp-json\/wp\/v2\/posts\/2834"}],"collection":[{"href":"https:\/\/sitetab3.ac-reims.fr\/clg-cote-legris\/-wp-\/wp-json\/wp\/v2\/posts"}],"about":[{"href":"https:\/\/sitetab3.ac-reims.fr\/clg-cote-legris\/-wp-\/wp-json\/wp\/v2\/types\/post"}],"author":[{"embeddable":true,"href":"https:\/\/sitetab3.ac-reims.fr\/clg-cote-legris\/-wp-\/wp-json\/wp\/v2\/users\/2"}],"replies":[{"embeddable":true,"href":"https:\/\/sitetab3.ac-reims.fr\/clg-cote-legris\/-wp-\/wp-json\/wp\/v2\/comments?post=2834"}],"version-history":[{"count":3,"href":"https:\/\/sitetab3.ac-reims.fr\/clg-cote-legris\/-wp-\/wp-json\/wp\/v2\/posts\/2834\/revisions"}],"predecessor-version":[{"id":2838,"href":"https:\/\/sitetab3.ac-reims.fr\/clg-cote-legris\/-wp-\/wp-json\/wp\/v2\/posts\/2834\/revisions\/2838"}],"wp:attachment":[{"href":"https:\/\/sitetab3.ac-reims.fr\/clg-cote-legris\/-wp-\/wp-json\/wp\/v2\/media?parent=2834"}],"wp:term":[{"taxonomy":"category","embeddable":true,"href":"https:\/\/sitetab3.ac-reims.fr\/clg-cote-legris\/-wp-\/wp-json\/wp\/v2\/categories?post=2834"},{"taxonomy":"post_tag","embeddable":true,"href":"https:\/\/sitetab3.ac-reims.fr\/clg-cote-legris\/-wp-\/wp-json\/wp\/v2\/tags?post=2834"}],"curies":[{"name":"wp","href":"https:\/\/api.w.org\/{rel}","templated":true}]}}