{"id":2874,"date":"2023-05-31T00:36:01","date_gmt":"2023-05-30T22:36:01","guid":{"rendered":"https:\/\/sitetab3.ac-reims.fr\/clg-cote-legris\/-wp-\/?p=2874"},"modified":"2023-05-31T00:40:46","modified_gmt":"2023-05-30T22:40:46","slug":"les-eleves-de-cote-legris-remportent-les-deux-trophees-du-defi-lecture","status":"publish","type":"post","link":"https:\/\/sitetab3.ac-reims.fr\/clg-cote-legris\/-wp-\/les-eleves-de-cote-legris-remportent-les-deux-trophees-du-defi-lecture\/","title":{"rendered":"Les \u00e9l\u00e8ves de C\u00f4te Legris remportent les deux troph\u00e9es du d\u00e9fi-lecture !"},"content":{"rendered":"\n<p>La finale du d\u00e9fi-lecture s&#8217;est d\u00e9roul\u00e9e ce mardi 30 mai, au Palais des f\u00eates d&#8217;Epernay. Pr\u00e8s de 260 \u00e9l\u00e8ves, gagnants dans leur \u00e9tablissement ont particip\u00e9 \u00e0 cet \u00e9v\u00e9nement. Tout au long de la journ\u00e9e, ils ont r\u00e9pondu en \u00e9quipes \u00e0 des questions sur les livres. Les 54 \u00e9l\u00e8ves de C\u00f4te Legris ont tout gagn\u00e9 ! Les deux troph\u00e9es (&#8220;juniors&#8221; pour les 6e\/5e et &#8220;ados&#8221; pour les 4e\/3e\/2nde) sont d\u00e9sormais au coll\u00e8ge et expos\u00e9s au CDI ! un \u00e9norme BRAVO \u00e0 eux tous !<\/p>\n\n\n\n<p>David Bry, l&#8217;auteur du roman &#8220;Les h\u00e9ritiers de Brisaine&#8221;, prix Imagin&#8217;\u00e0 lire 2022, \u00e9tait pr\u00e9sent tout au long de la journ\u00e9e. Il a rencontr\u00e9 les \u00e9l\u00e8ves, sign\u00e9 de nombreuses d\u00e9dicaces et annonc\u00e9 les prix Imagin&#8217;\u00e0 lire 2023, qui vont \u00e0 Adeline Avril&nbsp;pour la bande dessin\u00e9e &#8220;Calamity Jane&#8221;&nbsp;dans la cat\u00e9gorie &#8220;juniors&#8221; et \u00e0 Joe Witek&nbsp;pour le roman &#8220;J&#8217;ai 14 ans et ce n&#8217;est pas une bonne nouvelle&#8221;&nbsp;dans la cat\u00e9gorie &#8220;ados&#8221;. Ces deux livres seront \u00e0 nouveau dans la s\u00e9lection du d\u00e9fi-lecture l&#8217;an prochain.<\/p>\n\n\n\n<figure class=\"wp-block-image size-medium\"><img loading=\"lazy\" decoding=\"async\" width=\"300\" height=\"225\" src=\"https:\/\/sitetab3.ac-reims.fr\/clg-cote-legris\/-wp-\/wp-content\/uploads\/defi-lecture-2023-125-300x225.jpg\" alt=\"\" class=\"wp-image-2875\" srcset=\"https:\/\/sitetab3.ac-reims.fr\/clg-cote-legris\/-wp-\/wp-content\/uploads\/defi-lecture-2023-125-300x225.jpg 300w, https:\/\/sitetab3.ac-reims.fr\/clg-cote-legris\/-wp-\/wp-content\/uploads\/defi-lecture-2023-125-1024x768.jpg 1024w, https:\/\/sitetab3.ac-reims.fr\/clg-cote-legris\/-wp-\/wp-content\/uploads\/defi-lecture-2023-125-768x576.jpg 768w, https:\/\/sitetab3.ac-reims.fr\/clg-cote-legris\/-wp-\/wp-content\/uploads\/defi-lecture-2023-125-1536x1152.jpg 1536w, https:\/\/sitetab3.ac-reims.fr\/clg-cote-legris\/-wp-\/wp-content\/uploads\/defi-lecture-2023-125-2048x1536.jpg 2048w\" sizes=\"(max-width: 300px) 100vw, 300px\" \/><figcaption>Les gagnants &#8220;juniors&#8221; et ados&#8221; r\u00e9unis autour de David Bry<\/figcaption><\/figure>\n\n\n\n<figure class=\"wp-block-image size-medium\"><img loading=\"lazy\" decoding=\"async\" width=\"300\" height=\"225\" src=\"https:\/\/sitetab3.ac-reims.fr\/clg-cote-legris\/-wp-\/wp-content\/uploads\/defi-lecture-2023-75-300x225.jpg\" alt=\"\" class=\"wp-image-2876\" srcset=\"https:\/\/sitetab3.ac-reims.fr\/clg-cote-legris\/-wp-\/wp-content\/uploads\/defi-lecture-2023-75-300x225.jpg 300w, https:\/\/sitetab3.ac-reims.fr\/clg-cote-legris\/-wp-\/wp-content\/uploads\/defi-lecture-2023-75-1024x768.jpg 1024w, https:\/\/sitetab3.ac-reims.fr\/clg-cote-legris\/-wp-\/wp-content\/uploads\/defi-lecture-2023-75-768x576.jpg 768w, https:\/\/sitetab3.ac-reims.fr\/clg-cote-legris\/-wp-\/wp-content\/uploads\/defi-lecture-2023-75-1536x1152.jpg 1536w, https:\/\/sitetab3.ac-reims.fr\/clg-cote-legris\/-wp-\/wp-content\/uploads\/defi-lecture-2023-75-2048x1536.jpg 2048w\" sizes=\"(max-width: 300px) 100vw, 300px\" \/><figcaption>Les 260 participants<\/figcaption><\/figure>\n\n\n\n<figure class=\"wp-block-image size-medium\"><img loading=\"lazy\" decoding=\"async\" width=\"300\" height=\"225\" src=\"https:\/\/sitetab3.ac-reims.fr\/clg-cote-legris\/-wp-\/wp-content\/uploads\/defi-lecture-2023-122-300x225.jpg\" alt=\"\" class=\"wp-image-2877\" srcset=\"https:\/\/sitetab3.ac-reims.fr\/clg-cote-legris\/-wp-\/wp-content\/uploads\/defi-lecture-2023-122-300x225.jpg 300w, https:\/\/sitetab3.ac-reims.fr\/clg-cote-legris\/-wp-\/wp-content\/uploads\/defi-lecture-2023-122-1024x768.jpg 1024w, https:\/\/sitetab3.ac-reims.fr\/clg-cote-legris\/-wp-\/wp-content\/uploads\/defi-lecture-2023-122-768x576.jpg 768w, https:\/\/sitetab3.ac-reims.fr\/clg-cote-legris\/-wp-\/wp-content\/uploads\/defi-lecture-2023-122-1536x1152.jpg 1536w, https:\/\/sitetab3.ac-reims.fr\/clg-cote-legris\/-wp-\/wp-content\/uploads\/defi-lecture-2023-122-2048x1536.jpg 2048w\" sizes=\"(max-width: 300px) 100vw, 300px\" \/><figcaption>Les gagnants &#8220;juniors&#8221; avec David Bry<\/figcaption><\/figure>\n\n\n\n<figure class=\"wp-block-image size-medium\"><img loading=\"lazy\" decoding=\"async\" width=\"300\" height=\"225\" src=\"https:\/\/sitetab3.ac-reims.fr\/clg-cote-legris\/-wp-\/wp-content\/uploads\/defi-lecture-2023-124-300x225.jpg\" alt=\"\" class=\"wp-image-2878\" srcset=\"https:\/\/sitetab3.ac-reims.fr\/clg-cote-legris\/-wp-\/wp-content\/uploads\/defi-lecture-2023-124-300x225.jpg 300w, https:\/\/sitetab3.ac-reims.fr\/clg-cote-legris\/-wp-\/wp-content\/uploads\/defi-lecture-2023-124-1024x768.jpg 1024w, https:\/\/sitetab3.ac-reims.fr\/clg-cote-legris\/-wp-\/wp-content\/uploads\/defi-lecture-2023-124-768x576.jpg 768w, https:\/\/sitetab3.ac-reims.fr\/clg-cote-legris\/-wp-\/wp-content\/uploads\/defi-lecture-2023-124-1536x1152.jpg 1536w, https:\/\/sitetab3.ac-reims.fr\/clg-cote-legris\/-wp-\/wp-content\/uploads\/defi-lecture-2023-124-2048x1536.jpg 2048w\" sizes=\"(max-width: 300px) 100vw, 300px\" \/><figcaption>Les gagnants &#8220;ados&#8221; avec David Bry<\/figcaption><\/figure>\n","protected":false},"excerpt":{"rendered":"<p>La finale du d\u00e9fi-lecture s&#8217;est d\u00e9roul\u00e9e ce mardi 30 mai, au Palais des f\u00eates d&#8217;Epernay. Pr\u00e8s de 260 \u00e9l\u00e8ves, gagnants dans leur \u00e9tablissement ont particip\u00e9 \u00e0 cet \u00e9v\u00e9nement. Tout au long de la journ\u00e9e, ils ont r\u00e9pondu en \u00e9quipes \u00e0 des questions sur les livres. Les 54 \u00e9l\u00e8ves de C\u00f4te Legris ont tout gagn\u00e9 ! [&hellip;]<\/p>\n","protected":false},"author":3,"featured_media":0,"comment_status":"open","ping_status":"open","sticky":false,"template":"","format":"standard","meta":{"ngg_post_thumbnail":0,"footnotes":""},"categories":[39,1],"tags":[],"_links":{"self":[{"href":"https:\/\/sitetab3.ac-reims.fr\/clg-cote-legris\/-wp-\/wp-json\/wp\/v2\/posts\/2874"}],"collection":[{"href":"https:\/\/sitetab3.ac-reims.fr\/clg-cote-legris\/-wp-\/wp-json\/wp\/v2\/posts"}],"about":[{"href":"https:\/\/sitetab3.ac-reims.fr\/clg-cote-legris\/-wp-\/wp-json\/wp\/v2\/types\/post"}],"author":[{"embeddable":true,"href":"https:\/\/sitetab3.ac-reims.fr\/clg-cote-legris\/-wp-\/wp-json\/wp\/v2\/users\/3"}],"replies":[{"embeddable":true,"href":"https:\/\/sitetab3.ac-reims.fr\/clg-cote-legris\/-wp-\/wp-json\/wp\/v2\/comments?post=2874"}],"version-history":[{"count":2,"href":"https:\/\/sitetab3.ac-reims.fr\/clg-cote-legris\/-wp-\/wp-json\/wp\/v2\/posts\/2874\/revisions"}],"predecessor-version":[{"id":2880,"href":"https:\/\/sitetab3.ac-reims.fr\/clg-cote-legris\/-wp-\/wp-json\/wp\/v2\/posts\/2874\/revisions\/2880"}],"wp:attachment":[{"href":"https:\/\/sitetab3.ac-reims.fr\/clg-cote-legris\/-wp-\/wp-json\/wp\/v2\/media?parent=2874"}],"wp:term":[{"taxonomy":"category","embeddable":true,"href":"https:\/\/sitetab3.ac-reims.fr\/clg-cote-legris\/-wp-\/wp-json\/wp\/v2\/categories?post=2874"},{"taxonomy":"post_tag","embeddable":true,"href":"https:\/\/sitetab3.ac-reims.fr\/clg-cote-legris\/-wp-\/wp-json\/wp\/v2\/tags?post=2874"}],"curies":[{"name":"wp","href":"https:\/\/api.w.org\/{rel}","templated":true}]}}