{"id":2888,"date":"2023-06-12T00:24:01","date_gmt":"2023-06-11T22:24:01","guid":{"rendered":"https:\/\/sitetab3.ac-reims.fr\/clg-cote-legris\/-wp-\/?p=2888"},"modified":"2023-06-12T00:24:07","modified_gmt":"2023-06-11T22:24:07","slug":"concours-daffiches-sur-lenvironnement","status":"publish","type":"post","link":"https:\/\/sitetab3.ac-reims.fr\/clg-cote-legris\/-wp-\/concours-daffiches-sur-lenvironnement\/","title":{"rendered":"Concours d&#8217;affiches sur l&#8217;environnement"},"content":{"rendered":"\n<p>Cette ann\u00e9e encore les \u00e9l\u00e8ves de 4eme SEGPA se sont distingu\u00e9s lors du Concours Affiches Environnement 2023 propos\u00e9 par le Lions Club International dont le th\u00e8me \u00e9tait &#8221; Tous au secours des abeilles, porteuses de vie&#8221; puisque nous avons \u00e0 nouveau remport\u00e9 3 prix.<\/p>\n\n\n\n<p>1er prix : L\u00e9o C.<\/p>\n\n\n\n<p>2eme prix : Hugo P. <\/p>\n\n\n\n<p>3eme prix : L\u00e9o B.<\/p>\n\n\n\n<p>La somme remport\u00e9e servira \u00e0 financer un nouveau projet \u00e0 la rentr\u00e9e (un graff dans le couloir qui m\u00e8ne au classe de SEGPA) avec l&#8217;intervention d&#8217;un artiste graffeur.<\/p>\n\n\n\n<figure class=\"wp-block-gallery columns-3 is-cropped wp-block-gallery-1 is-layout-flex wp-block-gallery-is-layout-flex\"><ul class=\"blocks-gallery-grid\"><li class=\"blocks-gallery-item\"><figure><img loading=\"lazy\" decoding=\"async\" width=\"1024\" height=\"728\" src=\"http:\/\/sitetab3.ac-reims.fr\/clg-cote-legris\/-wp-\/wp-content\/uploads\/IMG_20230605_114115-1024x728.jpg\" alt=\"\" data-id=\"2887\" data-full-url=\"http:\/\/sitetab3.ac-reims.fr\/clg-cote-legris\/-wp-\/wp-content\/uploads\/IMG_20230605_114115-scaled.jpg\" data-link=\"https:\/\/sitetab3.ac-reims.fr\/clg-cote-legris\/-wp-\/dav-13\/\" class=\"wp-image-2887\" srcset=\"https:\/\/sitetab3.ac-reims.fr\/clg-cote-legris\/-wp-\/wp-content\/uploads\/IMG_20230605_114115-1024x728.jpg 1024w, https:\/\/sitetab3.ac-reims.fr\/clg-cote-legris\/-wp-\/wp-content\/uploads\/IMG_20230605_114115-300x213.jpg 300w, https:\/\/sitetab3.ac-reims.fr\/clg-cote-legris\/-wp-\/wp-content\/uploads\/IMG_20230605_114115-768x546.jpg 768w, https:\/\/sitetab3.ac-reims.fr\/clg-cote-legris\/-wp-\/wp-content\/uploads\/IMG_20230605_114115-1536x1092.jpg 1536w, https:\/\/sitetab3.ac-reims.fr\/clg-cote-legris\/-wp-\/wp-content\/uploads\/IMG_20230605_114115-2048x1456.jpg 2048w\" sizes=\"(max-width: 1024px) 100vw, 1024px\" \/><figcaption class=\"blocks-gallery-item__caption\">dav<\/figcaption><\/figure><\/li><li class=\"blocks-gallery-item\"><figure><img loading=\"lazy\" decoding=\"async\" width=\"720\" height=\"1024\" src=\"http:\/\/sitetab3.ac-reims.fr\/clg-cote-legris\/-wp-\/wp-content\/uploads\/IMG_20230520_173935-720x1024.jpg\" alt=\"\" data-id=\"2886\" data-full-url=\"http:\/\/sitetab3.ac-reims.fr\/clg-cote-legris\/-wp-\/wp-content\/uploads\/IMG_20230520_173935-scaled.jpg\" data-link=\"https:\/\/sitetab3.ac-reims.fr\/clg-cote-legris\/-wp-\/dav-12\/\" class=\"wp-image-2886\" srcset=\"https:\/\/sitetab3.ac-reims.fr\/clg-cote-legris\/-wp-\/wp-content\/uploads\/IMG_20230520_173935-720x1024.jpg 720w, https:\/\/sitetab3.ac-reims.fr\/clg-cote-legris\/-wp-\/wp-content\/uploads\/IMG_20230520_173935-211x300.jpg 211w, https:\/\/sitetab3.ac-reims.fr\/clg-cote-legris\/-wp-\/wp-content\/uploads\/IMG_20230520_173935-768x1092.jpg 768w, https:\/\/sitetab3.ac-reims.fr\/clg-cote-legris\/-wp-\/wp-content\/uploads\/IMG_20230520_173935-1080x1536.jpg 1080w, https:\/\/sitetab3.ac-reims.fr\/clg-cote-legris\/-wp-\/wp-content\/uploads\/IMG_20230520_173935-1440x2048.jpg 1440w, https:\/\/sitetab3.ac-reims.fr\/clg-cote-legris\/-wp-\/wp-content\/uploads\/IMG_20230520_173935-scaled.jpg 1800w\" sizes=\"(max-width: 720px) 100vw, 720px\" \/><figcaption class=\"blocks-gallery-item__caption\">dav<\/figcaption><\/figure><\/li><li class=\"blocks-gallery-item\"><figure><img loading=\"lazy\" decoding=\"async\" width=\"1024\" height=\"722\" src=\"http:\/\/sitetab3.ac-reims.fr\/clg-cote-legris\/-wp-\/wp-content\/uploads\/IMG_20230520_173900-1024x722.jpg\" alt=\"\" data-id=\"2885\" data-full-url=\"http:\/\/sitetab3.ac-reims.fr\/clg-cote-legris\/-wp-\/wp-content\/uploads\/IMG_20230520_173900-scaled.jpg\" data-link=\"https:\/\/sitetab3.ac-reims.fr\/clg-cote-legris\/-wp-\/dav-11\/\" class=\"wp-image-2885\" srcset=\"https:\/\/sitetab3.ac-reims.fr\/clg-cote-legris\/-wp-\/wp-content\/uploads\/IMG_20230520_173900-1024x722.jpg 1024w, https:\/\/sitetab3.ac-reims.fr\/clg-cote-legris\/-wp-\/wp-content\/uploads\/IMG_20230520_173900-300x211.jpg 300w, https:\/\/sitetab3.ac-reims.fr\/clg-cote-legris\/-wp-\/wp-content\/uploads\/IMG_20230520_173900-768x541.jpg 768w, https:\/\/sitetab3.ac-reims.fr\/clg-cote-legris\/-wp-\/wp-content\/uploads\/IMG_20230520_173900-1536x1083.jpg 1536w, https:\/\/sitetab3.ac-reims.fr\/clg-cote-legris\/-wp-\/wp-content\/uploads\/IMG_20230520_173900-2048x1444.jpg 2048w\" sizes=\"(max-width: 1024px) 100vw, 1024px\" \/><figcaption class=\"blocks-gallery-item__caption\">dav<\/figcaption><\/figure><\/li><li class=\"blocks-gallery-item\"><figure><img loading=\"lazy\" decoding=\"async\" width=\"703\" height=\"1024\" src=\"http:\/\/sitetab3.ac-reims.fr\/clg-cote-legris\/-wp-\/wp-content\/uploads\/IMG_20230520_173826-703x1024.jpg\" alt=\"\" data-id=\"2884\" data-full-url=\"http:\/\/sitetab3.ac-reims.fr\/clg-cote-legris\/-wp-\/wp-content\/uploads\/IMG_20230520_173826-scaled.jpg\" data-link=\"https:\/\/sitetab3.ac-reims.fr\/clg-cote-legris\/-wp-\/mde\/\" class=\"wp-image-2884\" srcset=\"https:\/\/sitetab3.ac-reims.fr\/clg-cote-legris\/-wp-\/wp-content\/uploads\/IMG_20230520_173826-703x1024.jpg 703w, https:\/\/sitetab3.ac-reims.fr\/clg-cote-legris\/-wp-\/wp-content\/uploads\/IMG_20230520_173826-206x300.jpg 206w, https:\/\/sitetab3.ac-reims.fr\/clg-cote-legris\/-wp-\/wp-content\/uploads\/IMG_20230520_173826-768x1119.jpg 768w, https:\/\/sitetab3.ac-reims.fr\/clg-cote-legris\/-wp-\/wp-content\/uploads\/IMG_20230520_173826-1054x1536.jpg 1054w, https:\/\/sitetab3.ac-reims.fr\/clg-cote-legris\/-wp-\/wp-content\/uploads\/IMG_20230520_173826-1406x2048.jpg 1406w, https:\/\/sitetab3.ac-reims.fr\/clg-cote-legris\/-wp-\/wp-content\/uploads\/IMG_20230520_173826-scaled.jpg 1757w\" sizes=\"(max-width: 703px) 100vw, 703px\" \/><figcaption class=\"blocks-gallery-item__caption\">mde<\/figcaption><\/figure><\/li><li class=\"blocks-gallery-item\"><figure><img loading=\"lazy\" decoding=\"async\" width=\"1024\" height=\"702\" src=\"http:\/\/sitetab3.ac-reims.fr\/clg-cote-legris\/-wp-\/wp-content\/uploads\/IMG_20230520_173801_edit_81194486653235-1024x702.jpg\" alt=\"\" data-id=\"2883\" data-full-url=\"http:\/\/sitetab3.ac-reims.fr\/clg-cote-legris\/-wp-\/wp-content\/uploads\/IMG_20230520_173801_edit_81194486653235-scaled.jpg\" data-link=\"https:\/\/sitetab3.ac-reims.fr\/clg-cote-legris\/-wp-\/dav-10\/\" class=\"wp-image-2883\" srcset=\"https:\/\/sitetab3.ac-reims.fr\/clg-cote-legris\/-wp-\/wp-content\/uploads\/IMG_20230520_173801_edit_81194486653235-1024x702.jpg 1024w, https:\/\/sitetab3.ac-reims.fr\/clg-cote-legris\/-wp-\/wp-content\/uploads\/IMG_20230520_173801_edit_81194486653235-300x206.jpg 300w, https:\/\/sitetab3.ac-reims.fr\/clg-cote-legris\/-wp-\/wp-content\/uploads\/IMG_20230520_173801_edit_81194486653235-768x526.jpg 768w, https:\/\/sitetab3.ac-reims.fr\/clg-cote-legris\/-wp-\/wp-content\/uploads\/IMG_20230520_173801_edit_81194486653235-1536x1053.jpg 1536w, https:\/\/sitetab3.ac-reims.fr\/clg-cote-legris\/-wp-\/wp-content\/uploads\/IMG_20230520_173801_edit_81194486653235-2048x1404.jpg 2048w\" sizes=\"(max-width: 1024px) 100vw, 1024px\" \/><figcaption class=\"blocks-gallery-item__caption\">dav<\/figcaption><\/figure><\/li><li class=\"blocks-gallery-item\"><figure><img loading=\"lazy\" decoding=\"async\" width=\"1024\" height=\"717\" src=\"http:\/\/sitetab3.ac-reims.fr\/clg-cote-legris\/-wp-\/wp-content\/uploads\/IMG_20230520_173709_edit_81203667711046-1024x717.jpg\" alt=\"\" data-id=\"2882\" data-full-url=\"http:\/\/sitetab3.ac-reims.fr\/clg-cote-legris\/-wp-\/wp-content\/uploads\/IMG_20230520_173709_edit_81203667711046-scaled.jpg\" data-link=\"https:\/\/sitetab3.ac-reims.fr\/clg-cote-legris\/-wp-\/dav-9\/\" class=\"wp-image-2882\" srcset=\"https:\/\/sitetab3.ac-reims.fr\/clg-cote-legris\/-wp-\/wp-content\/uploads\/IMG_20230520_173709_edit_81203667711046-1024x717.jpg 1024w, https:\/\/sitetab3.ac-reims.fr\/clg-cote-legris\/-wp-\/wp-content\/uploads\/IMG_20230520_173709_edit_81203667711046-300x210.jpg 300w, https:\/\/sitetab3.ac-reims.fr\/clg-cote-legris\/-wp-\/wp-content\/uploads\/IMG_20230520_173709_edit_81203667711046-768x538.jpg 768w, https:\/\/sitetab3.ac-reims.fr\/clg-cote-legris\/-wp-\/wp-content\/uploads\/IMG_20230520_173709_edit_81203667711046-1536x1075.jpg 1536w, https:\/\/sitetab3.ac-reims.fr\/clg-cote-legris\/-wp-\/wp-content\/uploads\/IMG_20230520_173709_edit_81203667711046-2048x1434.jpg 2048w\" sizes=\"(max-width: 1024px) 100vw, 1024px\" \/><figcaption class=\"blocks-gallery-item__caption\">dav<\/figcaption><\/figure><\/li><\/ul><\/figure>\n","protected":false},"excerpt":{"rendered":"<p>Cette ann\u00e9e encore les \u00e9l\u00e8ves de 4eme SEGPA se sont distingu\u00e9s lors du Concours Affiches Environnement 2023 propos\u00e9 par le Lions Club International dont le th\u00e8me \u00e9tait &#8221; Tous au secours des abeilles, porteuses de vie&#8221; puisque nous avons \u00e0 nouveau remport\u00e9 3 prix. 1er prix : L\u00e9o C. 2eme prix : Hugo P. 3eme [&hellip;]<\/p>\n","protected":false},"author":2,"featured_media":0,"comment_status":"open","ping_status":"open","sticky":false,"template":"","format":"standard","meta":{"ngg_post_thumbnail":0,"footnotes":""},"categories":[1],"tags":[],"_links":{"self":[{"href":"https:\/\/sitetab3.ac-reims.fr\/clg-cote-legris\/-wp-\/wp-json\/wp\/v2\/posts\/2888"}],"collection":[{"href":"https:\/\/sitetab3.ac-reims.fr\/clg-cote-legris\/-wp-\/wp-json\/wp\/v2\/posts"}],"about":[{"href":"https:\/\/sitetab3.ac-reims.fr\/clg-cote-legris\/-wp-\/wp-json\/wp\/v2\/types\/post"}],"author":[{"embeddable":true,"href":"https:\/\/sitetab3.ac-reims.fr\/clg-cote-legris\/-wp-\/wp-json\/wp\/v2\/users\/2"}],"replies":[{"embeddable":true,"href":"https:\/\/sitetab3.ac-reims.fr\/clg-cote-legris\/-wp-\/wp-json\/wp\/v2\/comments?post=2888"}],"version-history":[{"count":1,"href":"https:\/\/sitetab3.ac-reims.fr\/clg-cote-legris\/-wp-\/wp-json\/wp\/v2\/posts\/2888\/revisions"}],"predecessor-version":[{"id":2889,"href":"https:\/\/sitetab3.ac-reims.fr\/clg-cote-legris\/-wp-\/wp-json\/wp\/v2\/posts\/2888\/revisions\/2889"}],"wp:attachment":[{"href":"https:\/\/sitetab3.ac-reims.fr\/clg-cote-legris\/-wp-\/wp-json\/wp\/v2\/media?parent=2888"}],"wp:term":[{"taxonomy":"category","embeddable":true,"href":"https:\/\/sitetab3.ac-reims.fr\/clg-cote-legris\/-wp-\/wp-json\/wp\/v2\/categories?post=2888"},{"taxonomy":"post_tag","embeddable":true,"href":"https:\/\/sitetab3.ac-reims.fr\/clg-cote-legris\/-wp-\/wp-json\/wp\/v2\/tags?post=2888"}],"curies":[{"name":"wp","href":"https:\/\/api.w.org\/{rel}","templated":true}]}}