{"id":2996,"date":"2023-09-03T20:40:27","date_gmt":"2023-09-03T18:40:27","guid":{"rendered":"https:\/\/sitetab3.ac-reims.fr\/clg-cote-legris\/-wp-\/?p=2996"},"modified":"2023-09-03T20:40:33","modified_gmt":"2023-09-03T18:40:33","slug":"rentree-2023","status":"publish","type":"post","link":"https:\/\/sitetab3.ac-reims.fr\/clg-cote-legris\/-wp-\/rentree-2023\/","title":{"rendered":"Rentr\u00e9e 2023"},"content":{"rendered":"\n<div class=\"wp-block-image\"><figure class=\"aligncenter size-full\"><img loading=\"lazy\" decoding=\"async\" width=\"407\" height=\"284\" src=\"http:\/\/sitetab3.ac-reims.fr\/clg-cote-legris\/-wp-\/wp-content\/uploads\/tableau-rentree.png\" alt=\"\" class=\"wp-image-2977\" srcset=\"https:\/\/sitetab3.ac-reims.fr\/clg-cote-legris\/-wp-\/wp-content\/uploads\/tableau-rentree.png 407w, https:\/\/sitetab3.ac-reims.fr\/clg-cote-legris\/-wp-\/wp-content\/uploads\/tableau-rentree-300x209.png 300w\" sizes=\"(max-width: 407px) 100vw, 407px\" \/><\/figure><\/div>\n\n\n\n<p class=\"has-text-align-center\">Pour les sixi\u00e8mes, la rentr\u00e9e est&nbsp;lundi&nbsp;4&nbsp;septembre 2023&nbsp;de 8h \u00e0 16h30.<\/p>\n\n\n\n<p class=\"has-text-align-center\">Les parents des \u00e9l\u00e8ves de sixi\u00e8me peuvent accompagner leur enfant dans la cours du coll\u00e8ge \u00e0 8h.<\/p>\n\n\n\n<p class=\"has-text-align-center\">Pour les cinqui\u00e8mes, quatri\u00e8mes et troisi\u00e8mes, la rentr\u00e9e est mardi 5&nbsp;septembre 2023&nbsp;\u00e0 8h.&nbsp;<\/p>\n","protected":false},"excerpt":{"rendered":"<p>Pour les sixi\u00e8mes, la rentr\u00e9e est&nbsp;lundi&nbsp;4&nbsp;septembre 2023&nbsp;de 8h \u00e0 16h30. Les parents des \u00e9l\u00e8ves de sixi\u00e8me peuvent accompagner leur enfant dans la cours du coll\u00e8ge \u00e0 8h. Pour les cinqui\u00e8mes, quatri\u00e8mes et troisi\u00e8mes, la rentr\u00e9e est mardi 5&nbsp;septembre 2023&nbsp;\u00e0 8h.&nbsp;<\/p>\n","protected":false},"author":2,"featured_media":0,"comment_status":"open","ping_status":"open","sticky":false,"template":"","format":"standard","meta":{"ngg_post_thumbnail":0,"footnotes":""},"categories":[34],"tags":[],"_links":{"self":[{"href":"https:\/\/sitetab3.ac-reims.fr\/clg-cote-legris\/-wp-\/wp-json\/wp\/v2\/posts\/2996"}],"collection":[{"href":"https:\/\/sitetab3.ac-reims.fr\/clg-cote-legris\/-wp-\/wp-json\/wp\/v2\/posts"}],"about":[{"href":"https:\/\/sitetab3.ac-reims.fr\/clg-cote-legris\/-wp-\/wp-json\/wp\/v2\/types\/post"}],"author":[{"embeddable":true,"href":"https:\/\/sitetab3.ac-reims.fr\/clg-cote-legris\/-wp-\/wp-json\/wp\/v2\/users\/2"}],"replies":[{"embeddable":true,"href":"https:\/\/sitetab3.ac-reims.fr\/clg-cote-legris\/-wp-\/wp-json\/wp\/v2\/comments?post=2996"}],"version-history":[{"count":1,"href":"https:\/\/sitetab3.ac-reims.fr\/clg-cote-legris\/-wp-\/wp-json\/wp\/v2\/posts\/2996\/revisions"}],"predecessor-version":[{"id":2997,"href":"https:\/\/sitetab3.ac-reims.fr\/clg-cote-legris\/-wp-\/wp-json\/wp\/v2\/posts\/2996\/revisions\/2997"}],"wp:attachment":[{"href":"https:\/\/sitetab3.ac-reims.fr\/clg-cote-legris\/-wp-\/wp-json\/wp\/v2\/media?parent=2996"}],"wp:term":[{"taxonomy":"category","embeddable":true,"href":"https:\/\/sitetab3.ac-reims.fr\/clg-cote-legris\/-wp-\/wp-json\/wp\/v2\/categories?post=2996"},{"taxonomy":"post_tag","embeddable":true,"href":"https:\/\/sitetab3.ac-reims.fr\/clg-cote-legris\/-wp-\/wp-json\/wp\/v2\/tags?post=2996"}],"curies":[{"name":"wp","href":"https:\/\/api.w.org\/{rel}","templated":true}]}}