{"id":3072,"date":"2023-12-18T21:58:50","date_gmt":"2023-12-18T20:58:50","guid":{"rendered":"https:\/\/sitetab3.ac-reims.fr\/clg-cote-legris\/-wp-\/?p=3072"},"modified":"2023-12-21T23:40:59","modified_gmt":"2023-12-21T22:40:59","slug":"la-flamme-olympique-de-passage-au-college","status":"publish","type":"post","link":"https:\/\/sitetab3.ac-reims.fr\/clg-cote-legris\/-wp-\/la-flamme-olympique-de-passage-au-college\/","title":{"rendered":"La flamme olympique de passage au coll\u00e8ge"},"content":{"rendered":"\n<p>Le jeudi 14 d\u00e9cembre 2023, la flamme olympique acad\u00e9mique a \u00e9t\u00e9 apport\u00e9e par les \u00e9l\u00e8ves de CM1 et CM2 de l&#8217;\u00e9cole Chaude Ruelle jusqu&#8217;au coll\u00e8ge C\u00f4te Legris. Elle a \u00e9t\u00e9 transmise dans le CDI, o\u00f9 une trentaine d&#8217;\u00e9l\u00e8ves de 5e les attendaient, en compagnie de Mohamed Fofana, ancien footballeur professionnel qui a jou\u00e9 \u00e0 Toulouse, Reims et Lens. Ils avaient auparavant \u00e9t\u00e9 rejoints par un petit groupe d&#8217;enfants de l&#8217;IME et leurs \u00e9ducateurs. Le footballeur a r\u00e9pondu \u00e0 toutes les questions (voir <a href=\"https:\/\/www.canva.com\/design\/DAF3UetRTi0\/UhGADnrJbxNu6wfDwl8e2g\/view?utm_content=DAF3UetRTi0&amp;utm_campaign=designshare&amp;utm_medium=link&amp;utm_source=editor\">interview<\/a>). Apr\u00e8s les traditionnelles photos de groupe, puis photos individuelles (chacun a pu tenir la flamme !), tout le monde est mont\u00e9 au gymnase pour partager un moment sportif. &#8220;Cette activit\u00e9 \u00e9tait vraiment super&#8221; ont affirm\u00e9 Na\u00ebl, Charles et Tristan. Marius regrette juste, avec le sourire,  &#8220;Dommage que M. Fofana n&#8217;\u00e9tait pas dans mon \u00e9quipe ! &#8220;.  M. Ipas, principal adjoint du coll\u00e8ge insiste : &#8220;c&#8217;est un moment de partage o\u00f9 l&#8217;on ne distingue pas les \u00e9l\u00e8ves &#8220;ordinaires&#8221;, les \u00e9l\u00e8ves de segpa et ceux de l&#8217;IME&#8221;. Une fois remis de leurs \u00e9motions, vers 13h30, les 30 \u00e9l\u00e8ves de 5e s\u00e9lectionn\u00e9s par les professeurs principaux sont partis en run and bike avec la flamme olympique pour l&#8217;amener au coll\u00e8ge Yvette Lundy d&#8217;A\u00ff, sous les applaudissements de tous, r\u00e9unis dans les gradins de la cour. Ils sont rentr\u00e9s fatigu\u00e9s mais heureux ! Certains assuraient que c&#8217;\u00e9tait la meilleure journ\u00e9e qu&#8217;ils aient jamais pass\u00e9e au coll\u00e8ge !  Cette journ\u00e9e restera donc un moment de partage et de joie pour tous. Pourvu qu&#8217;on revive les m\u00eames \u00e9motions cet \u00e9t\u00e9 lors des JO de Paris !<\/p>\n\n\n\n<p>Article \u00e9crit par Anastasia, Meya et Axel (qui pr\u00e9parent \u00e9galement un reportage pour la radio du coll\u00e8ge sur cette journ\u00e9e)<\/p>\n\n\n\n<figure class=\"wp-block-gallery columns-3 is-cropped wp-block-gallery-1 is-layout-flex wp-block-gallery-is-layout-flex\"><ul class=\"blocks-gallery-grid\"><li class=\"blocks-gallery-item\"><figure><img loading=\"lazy\" decoding=\"async\" width=\"1024\" height=\"759\" src=\"http:\/\/sitetab3.ac-reims.fr\/clg-cote-legris\/-wp-\/wp-content\/uploads\/IMG_20231214_103505-1024x759.jpg\" alt=\"\" data-id=\"3076\" data-full-url=\"http:\/\/sitetab3.ac-reims.fr\/clg-cote-legris\/-wp-\/wp-content\/uploads\/IMG_20231214_103505-scaled.jpg\" data-link=\"https:\/\/sitetab3.ac-reims.fr\/clg-cote-legris\/-wp-\/?attachment_id=3076\" class=\"wp-image-3076\" srcset=\"https:\/\/sitetab3.ac-reims.fr\/clg-cote-legris\/-wp-\/wp-content\/uploads\/IMG_20231214_103505-1024x759.jpg 1024w, https:\/\/sitetab3.ac-reims.fr\/clg-cote-legris\/-wp-\/wp-content\/uploads\/IMG_20231214_103505-300x222.jpg 300w, https:\/\/sitetab3.ac-reims.fr\/clg-cote-legris\/-wp-\/wp-content\/uploads\/IMG_20231214_103505-768x569.jpg 768w, https:\/\/sitetab3.ac-reims.fr\/clg-cote-legris\/-wp-\/wp-content\/uploads\/IMG_20231214_103505-1536x1139.jpg 1536w, https:\/\/sitetab3.ac-reims.fr\/clg-cote-legris\/-wp-\/wp-content\/uploads\/IMG_20231214_103505-2048x1518.jpg 2048w\" sizes=\"(max-width: 1024px) 100vw, 1024px\" \/><\/figure><\/li><li class=\"blocks-gallery-item\"><figure><img loading=\"lazy\" decoding=\"async\" width=\"1024\" height=\"768\" src=\"http:\/\/sitetab3.ac-reims.fr\/clg-cote-legris\/-wp-\/wp-content\/uploads\/IMG-20231214-WA0034-1024x768.jpg\" alt=\"\" data-id=\"3082\" data-full-url=\"http:\/\/sitetab3.ac-reims.fr\/clg-cote-legris\/-wp-\/wp-content\/uploads\/IMG-20231214-WA0034.jpg\" data-link=\"https:\/\/sitetab3.ac-reims.fr\/clg-cote-legris\/-wp-\/?attachment_id=3082\" class=\"wp-image-3082\" srcset=\"https:\/\/sitetab3.ac-reims.fr\/clg-cote-legris\/-wp-\/wp-content\/uploads\/IMG-20231214-WA0034-1024x768.jpg 1024w, https:\/\/sitetab3.ac-reims.fr\/clg-cote-legris\/-wp-\/wp-content\/uploads\/IMG-20231214-WA0034-300x225.jpg 300w, https:\/\/sitetab3.ac-reims.fr\/clg-cote-legris\/-wp-\/wp-content\/uploads\/IMG-20231214-WA0034-768x576.jpg 768w, https:\/\/sitetab3.ac-reims.fr\/clg-cote-legris\/-wp-\/wp-content\/uploads\/IMG-20231214-WA0034-1536x1152.jpg 1536w, https:\/\/sitetab3.ac-reims.fr\/clg-cote-legris\/-wp-\/wp-content\/uploads\/IMG-20231214-WA0034.jpg 1600w\" sizes=\"(max-width: 1024px) 100vw, 1024px\" \/><\/figure><\/li><li class=\"blocks-gallery-item\"><figure><img loading=\"lazy\" decoding=\"async\" width=\"1024\" height=\"768\" src=\"http:\/\/sitetab3.ac-reims.fr\/clg-cote-legris\/-wp-\/wp-content\/uploads\/IMG-20231214-WA0035-1024x768.jpg\" alt=\"\" data-id=\"3083\" data-full-url=\"http:\/\/sitetab3.ac-reims.fr\/clg-cote-legris\/-wp-\/wp-content\/uploads\/IMG-20231214-WA0035.jpg\" data-link=\"https:\/\/sitetab3.ac-reims.fr\/clg-cote-legris\/-wp-\/?attachment_id=3083\" class=\"wp-image-3083\" srcset=\"https:\/\/sitetab3.ac-reims.fr\/clg-cote-legris\/-wp-\/wp-content\/uploads\/IMG-20231214-WA0035-1024x768.jpg 1024w, https:\/\/sitetab3.ac-reims.fr\/clg-cote-legris\/-wp-\/wp-content\/uploads\/IMG-20231214-WA0035-300x225.jpg 300w, https:\/\/sitetab3.ac-reims.fr\/clg-cote-legris\/-wp-\/wp-content\/uploads\/IMG-20231214-WA0035-768x576.jpg 768w, https:\/\/sitetab3.ac-reims.fr\/clg-cote-legris\/-wp-\/wp-content\/uploads\/IMG-20231214-WA0035-1536x1152.jpg 1536w, https:\/\/sitetab3.ac-reims.fr\/clg-cote-legris\/-wp-\/wp-content\/uploads\/IMG-20231214-WA0035.jpg 1600w\" sizes=\"(max-width: 1024px) 100vw, 1024px\" \/><\/figure><\/li><li class=\"blocks-gallery-item\"><figure><img loading=\"lazy\" decoding=\"async\" width=\"1024\" height=\"768\" src=\"http:\/\/sitetab3.ac-reims.fr\/clg-cote-legris\/-wp-\/wp-content\/uploads\/IMG-20231214-WA0032-1024x768.jpg\" alt=\"\" data-id=\"3081\" data-full-url=\"http:\/\/sitetab3.ac-reims.fr\/clg-cote-legris\/-wp-\/wp-content\/uploads\/IMG-20231214-WA0032.jpg\" data-link=\"https:\/\/sitetab3.ac-reims.fr\/clg-cote-legris\/-wp-\/?attachment_id=3081\" class=\"wp-image-3081\" srcset=\"https:\/\/sitetab3.ac-reims.fr\/clg-cote-legris\/-wp-\/wp-content\/uploads\/IMG-20231214-WA0032-1024x768.jpg 1024w, https:\/\/sitetab3.ac-reims.fr\/clg-cote-legris\/-wp-\/wp-content\/uploads\/IMG-20231214-WA0032-300x225.jpg 300w, https:\/\/sitetab3.ac-reims.fr\/clg-cote-legris\/-wp-\/wp-content\/uploads\/IMG-20231214-WA0032-768x576.jpg 768w, https:\/\/sitetab3.ac-reims.fr\/clg-cote-legris\/-wp-\/wp-content\/uploads\/IMG-20231214-WA0032-1536x1152.jpg 1536w, https:\/\/sitetab3.ac-reims.fr\/clg-cote-legris\/-wp-\/wp-content\/uploads\/IMG-20231214-WA0032.jpg 1600w\" sizes=\"(max-width: 1024px) 100vw, 1024px\" \/><\/figure><\/li><li class=\"blocks-gallery-item\"><figure><img loading=\"lazy\" decoding=\"async\" width=\"768\" height=\"1024\" src=\"http:\/\/sitetab3.ac-reims.fr\/clg-cote-legris\/-wp-\/wp-content\/uploads\/IMG_20231214_101149-768x1024.jpg\" alt=\"\" data-id=\"3074\" data-full-url=\"http:\/\/sitetab3.ac-reims.fr\/clg-cote-legris\/-wp-\/wp-content\/uploads\/IMG_20231214_101149-scaled.jpg\" data-link=\"https:\/\/sitetab3.ac-reims.fr\/clg-cote-legris\/-wp-\/?attachment_id=3074\" class=\"wp-image-3074\" srcset=\"https:\/\/sitetab3.ac-reims.fr\/clg-cote-legris\/-wp-\/wp-content\/uploads\/IMG_20231214_101149-768x1024.jpg 768w, https:\/\/sitetab3.ac-reims.fr\/clg-cote-legris\/-wp-\/wp-content\/uploads\/IMG_20231214_101149-225x300.jpg 225w, https:\/\/sitetab3.ac-reims.fr\/clg-cote-legris\/-wp-\/wp-content\/uploads\/IMG_20231214_101149-1152x1536.jpg 1152w, https:\/\/sitetab3.ac-reims.fr\/clg-cote-legris\/-wp-\/wp-content\/uploads\/IMG_20231214_101149-1536x2048.jpg 1536w, https:\/\/sitetab3.ac-reims.fr\/clg-cote-legris\/-wp-\/wp-content\/uploads\/IMG_20231214_101149-scaled.jpg 1920w\" sizes=\"(max-width: 768px) 100vw, 768px\" \/><\/figure><\/li><li class=\"blocks-gallery-item\"><figure><img loading=\"lazy\" decoding=\"async\" width=\"1024\" height=\"759\" src=\"http:\/\/sitetab3.ac-reims.fr\/clg-cote-legris\/-wp-\/wp-content\/uploads\/IMG_20231214_102603-1024x759.jpg\" alt=\"\" data-id=\"3075\" data-full-url=\"http:\/\/sitetab3.ac-reims.fr\/clg-cote-legris\/-wp-\/wp-content\/uploads\/IMG_20231214_102603-scaled.jpg\" data-link=\"https:\/\/sitetab3.ac-reims.fr\/clg-cote-legris\/-wp-\/?attachment_id=3075\" class=\"wp-image-3075\" srcset=\"https:\/\/sitetab3.ac-reims.fr\/clg-cote-legris\/-wp-\/wp-content\/uploads\/IMG_20231214_102603-1024x759.jpg 1024w, https:\/\/sitetab3.ac-reims.fr\/clg-cote-legris\/-wp-\/wp-content\/uploads\/IMG_20231214_102603-300x222.jpg 300w, https:\/\/sitetab3.ac-reims.fr\/clg-cote-legris\/-wp-\/wp-content\/uploads\/IMG_20231214_102603-768x569.jpg 768w, https:\/\/sitetab3.ac-reims.fr\/clg-cote-legris\/-wp-\/wp-content\/uploads\/IMG_20231214_102603-1536x1139.jpg 1536w, https:\/\/sitetab3.ac-reims.fr\/clg-cote-legris\/-wp-\/wp-content\/uploads\/IMG_20231214_102603-2048x1518.jpg 2048w\" sizes=\"(max-width: 1024px) 100vw, 1024px\" \/><\/figure><\/li><li class=\"blocks-gallery-item\"><figure><img loading=\"lazy\" decoding=\"async\" width=\"768\" height=\"1024\" src=\"http:\/\/sitetab3.ac-reims.fr\/clg-cote-legris\/-wp-\/wp-content\/uploads\/IMG_20231214_103951-768x1024.jpg\" alt=\"\" data-id=\"3077\" data-full-url=\"http:\/\/sitetab3.ac-reims.fr\/clg-cote-legris\/-wp-\/wp-content\/uploads\/IMG_20231214_103951-scaled.jpg\" data-link=\"https:\/\/sitetab3.ac-reims.fr\/clg-cote-legris\/-wp-\/?attachment_id=3077\" class=\"wp-image-3077\" srcset=\"https:\/\/sitetab3.ac-reims.fr\/clg-cote-legris\/-wp-\/wp-content\/uploads\/IMG_20231214_103951-768x1024.jpg 768w, https:\/\/sitetab3.ac-reims.fr\/clg-cote-legris\/-wp-\/wp-content\/uploads\/IMG_20231214_103951-225x300.jpg 225w, https:\/\/sitetab3.ac-reims.fr\/clg-cote-legris\/-wp-\/wp-content\/uploads\/IMG_20231214_103951-1152x1536.jpg 1152w, https:\/\/sitetab3.ac-reims.fr\/clg-cote-legris\/-wp-\/wp-content\/uploads\/IMG_20231214_103951-1536x2048.jpg 1536w, https:\/\/sitetab3.ac-reims.fr\/clg-cote-legris\/-wp-\/wp-content\/uploads\/IMG_20231214_103951-scaled.jpg 1920w\" sizes=\"(max-width: 768px) 100vw, 768px\" \/><\/figure><\/li><li class=\"blocks-gallery-item\"><figure><img loading=\"lazy\" decoding=\"async\" width=\"1024\" height=\"759\" src=\"http:\/\/sitetab3.ac-reims.fr\/clg-cote-legris\/-wp-\/wp-content\/uploads\/IMG_20231214_105818-1024x759.jpg\" alt=\"\" data-id=\"3078\" data-full-url=\"http:\/\/sitetab3.ac-reims.fr\/clg-cote-legris\/-wp-\/wp-content\/uploads\/IMG_20231214_105818-scaled.jpg\" data-link=\"https:\/\/sitetab3.ac-reims.fr\/clg-cote-legris\/-wp-\/?attachment_id=3078\" class=\"wp-image-3078\" srcset=\"https:\/\/sitetab3.ac-reims.fr\/clg-cote-legris\/-wp-\/wp-content\/uploads\/IMG_20231214_105818-1024x759.jpg 1024w, https:\/\/sitetab3.ac-reims.fr\/clg-cote-legris\/-wp-\/wp-content\/uploads\/IMG_20231214_105818-300x222.jpg 300w, https:\/\/sitetab3.ac-reims.fr\/clg-cote-legris\/-wp-\/wp-content\/uploads\/IMG_20231214_105818-768x569.jpg 768w, https:\/\/sitetab3.ac-reims.fr\/clg-cote-legris\/-wp-\/wp-content\/uploads\/IMG_20231214_105818-1536x1139.jpg 1536w, https:\/\/sitetab3.ac-reims.fr\/clg-cote-legris\/-wp-\/wp-content\/uploads\/IMG_20231214_105818-2048x1518.jpg 2048w\" sizes=\"(max-width: 1024px) 100vw, 1024px\" \/><\/figure><\/li><li class=\"blocks-gallery-item\"><figure><img loading=\"lazy\" decoding=\"async\" width=\"1024\" height=\"768\" src=\"http:\/\/sitetab3.ac-reims.fr\/clg-cote-legris\/-wp-\/wp-content\/uploads\/IMG_20231214_111521-1024x768.jpg\" alt=\"\" data-id=\"3079\" data-full-url=\"http:\/\/sitetab3.ac-reims.fr\/clg-cote-legris\/-wp-\/wp-content\/uploads\/IMG_20231214_111521-scaled.jpg\" data-link=\"https:\/\/sitetab3.ac-reims.fr\/clg-cote-legris\/-wp-\/?attachment_id=3079\" class=\"wp-image-3079\" srcset=\"https:\/\/sitetab3.ac-reims.fr\/clg-cote-legris\/-wp-\/wp-content\/uploads\/IMG_20231214_111521-1024x768.jpg 1024w, https:\/\/sitetab3.ac-reims.fr\/clg-cote-legris\/-wp-\/wp-content\/uploads\/IMG_20231214_111521-300x225.jpg 300w, https:\/\/sitetab3.ac-reims.fr\/clg-cote-legris\/-wp-\/wp-content\/uploads\/IMG_20231214_111521-768x576.jpg 768w, https:\/\/sitetab3.ac-reims.fr\/clg-cote-legris\/-wp-\/wp-content\/uploads\/IMG_20231214_111521-1536x1152.jpg 1536w, https:\/\/sitetab3.ac-reims.fr\/clg-cote-legris\/-wp-\/wp-content\/uploads\/IMG_20231214_111521-2048x1536.jpg 2048w\" sizes=\"(max-width: 1024px) 100vw, 1024px\" \/><\/figure><\/li><li class=\"blocks-gallery-item\"><figure><img loading=\"lazy\" decoding=\"async\" width=\"1024\" height=\"759\" src=\"http:\/\/sitetab3.ac-reims.fr\/clg-cote-legris\/-wp-\/wp-content\/uploads\/IMG_20231214_130724-1024x759.jpg\" alt=\"\" data-id=\"3080\" data-full-url=\"http:\/\/sitetab3.ac-reims.fr\/clg-cote-legris\/-wp-\/wp-content\/uploads\/IMG_20231214_130724-scaled.jpg\" data-link=\"https:\/\/sitetab3.ac-reims.fr\/clg-cote-legris\/-wp-\/?attachment_id=3080\" class=\"wp-image-3080\" srcset=\"https:\/\/sitetab3.ac-reims.fr\/clg-cote-legris\/-wp-\/wp-content\/uploads\/IMG_20231214_130724-1024x759.jpg 1024w, https:\/\/sitetab3.ac-reims.fr\/clg-cote-legris\/-wp-\/wp-content\/uploads\/IMG_20231214_130724-300x222.jpg 300w, https:\/\/sitetab3.ac-reims.fr\/clg-cote-legris\/-wp-\/wp-content\/uploads\/IMG_20231214_130724-768x569.jpg 768w, https:\/\/sitetab3.ac-reims.fr\/clg-cote-legris\/-wp-\/wp-content\/uploads\/IMG_20231214_130724-1536x1139.jpg 1536w, https:\/\/sitetab3.ac-reims.fr\/clg-cote-legris\/-wp-\/wp-content\/uploads\/IMG_20231214_130724-2048x1518.jpg 2048w\" sizes=\"(max-width: 1024px) 100vw, 1024px\" \/><\/figure><\/li><\/ul><\/figure>\n","protected":false},"excerpt":{"rendered":"<p>Le jeudi 14 d\u00e9cembre 2023, la flamme olympique acad\u00e9mique a \u00e9t\u00e9 apport\u00e9e par les \u00e9l\u00e8ves de CM1 et CM2 de l&#8217;\u00e9cole Chaude Ruelle jusqu&#8217;au coll\u00e8ge C\u00f4te Legris. Elle a \u00e9t\u00e9 transmise dans le CDI, o\u00f9 une trentaine d&#8217;\u00e9l\u00e8ves de 5e les attendaient, en compagnie de Mohamed Fofana, ancien footballeur professionnel qui a jou\u00e9 \u00e0 Toulouse, [&hellip;]<\/p>\n","protected":false},"author":3,"featured_media":0,"comment_status":"open","ping_status":"open","sticky":false,"template":"","format":"standard","meta":{"ngg_post_thumbnail":0,"footnotes":""},"categories":[17,1],"tags":[],"_links":{"self":[{"href":"https:\/\/sitetab3.ac-reims.fr\/clg-cote-legris\/-wp-\/wp-json\/wp\/v2\/posts\/3072"}],"collection":[{"href":"https:\/\/sitetab3.ac-reims.fr\/clg-cote-legris\/-wp-\/wp-json\/wp\/v2\/posts"}],"about":[{"href":"https:\/\/sitetab3.ac-reims.fr\/clg-cote-legris\/-wp-\/wp-json\/wp\/v2\/types\/post"}],"author":[{"embeddable":true,"href":"https:\/\/sitetab3.ac-reims.fr\/clg-cote-legris\/-wp-\/wp-json\/wp\/v2\/users\/3"}],"replies":[{"embeddable":true,"href":"https:\/\/sitetab3.ac-reims.fr\/clg-cote-legris\/-wp-\/wp-json\/wp\/v2\/comments?post=3072"}],"version-history":[{"count":6,"href":"https:\/\/sitetab3.ac-reims.fr\/clg-cote-legris\/-wp-\/wp-json\/wp\/v2\/posts\/3072\/revisions"}],"predecessor-version":[{"id":3090,"href":"https:\/\/sitetab3.ac-reims.fr\/clg-cote-legris\/-wp-\/wp-json\/wp\/v2\/posts\/3072\/revisions\/3090"}],"wp:attachment":[{"href":"https:\/\/sitetab3.ac-reims.fr\/clg-cote-legris\/-wp-\/wp-json\/wp\/v2\/media?parent=3072"}],"wp:term":[{"taxonomy":"category","embeddable":true,"href":"https:\/\/sitetab3.ac-reims.fr\/clg-cote-legris\/-wp-\/wp-json\/wp\/v2\/categories?post=3072"},{"taxonomy":"post_tag","embeddable":true,"href":"https:\/\/sitetab3.ac-reims.fr\/clg-cote-legris\/-wp-\/wp-json\/wp\/v2\/tags?post=3072"}],"curies":[{"name":"wp","href":"https:\/\/api.w.org\/{rel}","templated":true}]}}