{"id":3143,"date":"2024-02-08T19:31:24","date_gmt":"2024-02-08T18:31:24","guid":{"rendered":"https:\/\/sitetab3.ac-reims.fr\/clg-cote-legris\/-wp-\/?p=3143"},"modified":"2024-02-08T19:31:30","modified_gmt":"2024-02-08T18:31:30","slug":"concours-si-on-lisait-a-voix-haute","status":"publish","type":"post","link":"https:\/\/sitetab3.ac-reims.fr\/clg-cote-legris\/-wp-\/concours-si-on-lisait-a-voix-haute\/","title":{"rendered":"Concours &#8220;Si on lisait \u00e0 voix haute&#8221;"},"content":{"rendered":"\n<p>Nous avons&nbsp;l&#8217;immense joie de vous annoncer que Lise, \u00e9l\u00e8ve de 3e4, est demi-finaliste au concours &#8220;Si on lisait \u00e0 voix haute&#8221;, organis\u00e9 par &#8220;La Grande Librairie&#8221; !<\/p>\n\n\n\n<p>Dans le cadre de l&#8217;\u00e9loquence, tout le premier trimestre a \u00e9t\u00e9 consacr\u00e9 \u00e0 la mise en voix expressive de textes d&#8217;auteurs. Mme Roblot et Mme Jolly&nbsp;ont&nbsp;entra\u00een\u00e9 leurs&nbsp;trois classes, en demi-groupes, et trois&nbsp;\u00e9l\u00e8ves ont ainsi&nbsp;\u00e9t\u00e9 s\u00e9lectionn\u00e9es par leurs pairs, pour participer \u00e0 ce concours. Ces trois \u00e9l\u00e8ves (Norah, Ninon et Lise)&nbsp;ont r\u00e9alis\u00e9 des lectures de grande qualit\u00e9.<\/p>\n\n\n\n<p>120 000 \u00e9l\u00e8ves y ont particip\u00e9 cette ann\u00e9e. Les jurys acad\u00e9miques ont re\u00e7u pr\u00e8s de 300 vid\u00e9os, et ont retenu 200 candidats (133 coll\u00e9giens et 67 lyc\u00e9ens). C&#8217;est Lise qui a retenu leur attention ! Mme Roblot et Mme Jolly&nbsp;sont&nbsp;tr\u00e8s fi\u00e8res d&#8217;elle et de tout le travail qu&#8217;elle a men\u00e9 pour arriver \u00e0 ce r\u00e9sultat. Ils sont 4 \u00e9l\u00e8ves (parmi les 133 coll\u00e9giens) \u00e0 repr\u00e9senter&nbsp;l&#8217;acad\u00e9mie de Reims.<\/p>\n\n\n\n<p>Prochaine \u00e9tape : la mise en voix expressive d&#8217;un second texte et donc l&#8217;envoi d&#8217;une seconde vid\u00e9o, en mars, pour esp\u00e9rer participer \u00e0 la grande finale qui aura lieu en juin, sur le plateau de France 5, en pr\u00e9sence de Fran\u00e7ois Busnel.<\/p>\n","protected":false},"excerpt":{"rendered":"<p>Nous avons&nbsp;l&#8217;immense joie de vous annoncer que Lise, \u00e9l\u00e8ve de 3e4, est demi-finaliste au concours &#8220;Si on lisait \u00e0 voix haute&#8221;, organis\u00e9 par &#8220;La Grande Librairie&#8221; ! Dans le cadre de l&#8217;\u00e9loquence, tout le premier trimestre a \u00e9t\u00e9 consacr\u00e9 \u00e0 la mise en voix expressive de textes d&#8217;auteurs. Mme Roblot et Mme Jolly&nbsp;ont&nbsp;entra\u00een\u00e9 leurs&nbsp;trois classes, [&hellip;]<\/p>\n","protected":false},"author":2,"featured_media":0,"comment_status":"open","ping_status":"open","sticky":false,"template":"","format":"standard","meta":{"ngg_post_thumbnail":0,"footnotes":""},"categories":[16],"tags":[],"_links":{"self":[{"href":"https:\/\/sitetab3.ac-reims.fr\/clg-cote-legris\/-wp-\/wp-json\/wp\/v2\/posts\/3143"}],"collection":[{"href":"https:\/\/sitetab3.ac-reims.fr\/clg-cote-legris\/-wp-\/wp-json\/wp\/v2\/posts"}],"about":[{"href":"https:\/\/sitetab3.ac-reims.fr\/clg-cote-legris\/-wp-\/wp-json\/wp\/v2\/types\/post"}],"author":[{"embeddable":true,"href":"https:\/\/sitetab3.ac-reims.fr\/clg-cote-legris\/-wp-\/wp-json\/wp\/v2\/users\/2"}],"replies":[{"embeddable":true,"href":"https:\/\/sitetab3.ac-reims.fr\/clg-cote-legris\/-wp-\/wp-json\/wp\/v2\/comments?post=3143"}],"version-history":[{"count":1,"href":"https:\/\/sitetab3.ac-reims.fr\/clg-cote-legris\/-wp-\/wp-json\/wp\/v2\/posts\/3143\/revisions"}],"predecessor-version":[{"id":3144,"href":"https:\/\/sitetab3.ac-reims.fr\/clg-cote-legris\/-wp-\/wp-json\/wp\/v2\/posts\/3143\/revisions\/3144"}],"wp:attachment":[{"href":"https:\/\/sitetab3.ac-reims.fr\/clg-cote-legris\/-wp-\/wp-json\/wp\/v2\/media?parent=3143"}],"wp:term":[{"taxonomy":"category","embeddable":true,"href":"https:\/\/sitetab3.ac-reims.fr\/clg-cote-legris\/-wp-\/wp-json\/wp\/v2\/categories?post=3143"},{"taxonomy":"post_tag","embeddable":true,"href":"https:\/\/sitetab3.ac-reims.fr\/clg-cote-legris\/-wp-\/wp-json\/wp\/v2\/tags?post=3143"}],"curies":[{"name":"wp","href":"https:\/\/api.w.org\/{rel}","templated":true}]}}