{"id":3153,"date":"2024-03-18T21:00:36","date_gmt":"2024-03-18T20:00:36","guid":{"rendered":"https:\/\/sitetab3.ac-reims.fr\/clg-cote-legris\/-wp-\/?p=3153"},"modified":"2024-03-18T21:12:20","modified_gmt":"2024-03-18T20:12:20","slug":"repetition-de-la-chorale","status":"publish","type":"post","link":"https:\/\/sitetab3.ac-reims.fr\/clg-cote-legris\/-wp-\/repetition-de-la-chorale\/","title":{"rendered":"R\u00e9p\u00e9tition de la chorale"},"content":{"rendered":"\n<div class=\"wp-block-image\"><figure class=\"aligncenter size-full is-resized\"><img loading=\"lazy\" decoding=\"async\" src=\"https:\/\/sitetab3.ac-reims.fr\/clg-cote-legris\/-wp-\/wp-content\/uploads\/repetition.jpg\" alt=\"\" class=\"wp-image-3154\" width=\"486\" height=\"322\" srcset=\"https:\/\/sitetab3.ac-reims.fr\/clg-cote-legris\/-wp-\/wp-content\/uploads\/repetition.jpg 1007w, https:\/\/sitetab3.ac-reims.fr\/clg-cote-legris\/-wp-\/wp-content\/uploads\/repetition-300x199.jpg 300w, https:\/\/sitetab3.ac-reims.fr\/clg-cote-legris\/-wp-\/wp-content\/uploads\/repetition-768x509.jpg 768w\" sizes=\"(max-width: 486px) 100vw, 486px\" \/><\/figure><\/div>\n\n\n\n<p class=\"has-text-align-center\">Vendredi 15 mars, les \u00e9l\u00e8ves de la chorale ont retrouv\u00e9 leurs homologues des coll\u00e8ges de Terres Rouges, de Jean Monnet et d&#8217;Yvette Lundy pour une r\u00e9p\u00e9tition. Les chorales se sont retrouv\u00e9es pour pr\u00e9parer les concerts du 5 et 6 juin qui auront lieu comme chaque ann\u00e9e au palais des f\u00eates d&#8217;Epernay.<\/p>\n","protected":false},"excerpt":{"rendered":"<p>Vendredi 15 mars, les \u00e9l\u00e8ves de la chorale ont retrouv\u00e9 leurs homologues des coll\u00e8ges de Terres Rouges, de Jean Monnet et d&#8217;Yvette Lundy pour une r\u00e9p\u00e9tition. Les chorales se sont retrouv\u00e9es pour pr\u00e9parer les concerts du 5 et 6 juin qui auront lieu comme chaque ann\u00e9e au palais des f\u00eates d&#8217;Epernay.<\/p>\n","protected":false},"author":2,"featured_media":0,"comment_status":"open","ping_status":"open","sticky":false,"template":"","format":"standard","meta":{"ngg_post_thumbnail":0,"footnotes":""},"categories":[19,1],"tags":[],"_links":{"self":[{"href":"https:\/\/sitetab3.ac-reims.fr\/clg-cote-legris\/-wp-\/wp-json\/wp\/v2\/posts\/3153"}],"collection":[{"href":"https:\/\/sitetab3.ac-reims.fr\/clg-cote-legris\/-wp-\/wp-json\/wp\/v2\/posts"}],"about":[{"href":"https:\/\/sitetab3.ac-reims.fr\/clg-cote-legris\/-wp-\/wp-json\/wp\/v2\/types\/post"}],"author":[{"embeddable":true,"href":"https:\/\/sitetab3.ac-reims.fr\/clg-cote-legris\/-wp-\/wp-json\/wp\/v2\/users\/2"}],"replies":[{"embeddable":true,"href":"https:\/\/sitetab3.ac-reims.fr\/clg-cote-legris\/-wp-\/wp-json\/wp\/v2\/comments?post=3153"}],"version-history":[{"count":1,"href":"https:\/\/sitetab3.ac-reims.fr\/clg-cote-legris\/-wp-\/wp-json\/wp\/v2\/posts\/3153\/revisions"}],"predecessor-version":[{"id":3155,"href":"https:\/\/sitetab3.ac-reims.fr\/clg-cote-legris\/-wp-\/wp-json\/wp\/v2\/posts\/3153\/revisions\/3155"}],"wp:attachment":[{"href":"https:\/\/sitetab3.ac-reims.fr\/clg-cote-legris\/-wp-\/wp-json\/wp\/v2\/media?parent=3153"}],"wp:term":[{"taxonomy":"category","embeddable":true,"href":"https:\/\/sitetab3.ac-reims.fr\/clg-cote-legris\/-wp-\/wp-json\/wp\/v2\/categories?post=3153"},{"taxonomy":"post_tag","embeddable":true,"href":"https:\/\/sitetab3.ac-reims.fr\/clg-cote-legris\/-wp-\/wp-json\/wp\/v2\/tags?post=3153"}],"curies":[{"name":"wp","href":"https:\/\/api.w.org\/{rel}","templated":true}]}}