{"id":3189,"date":"2024-04-02T11:39:05","date_gmt":"2024-04-02T09:39:05","guid":{"rendered":"https:\/\/sitetab3.ac-reims.fr\/clg-cote-legris\/-wp-\/?p=3189"},"modified":"2024-04-02T11:39:12","modified_gmt":"2024-04-02T09:39:12","slug":"semaines-des-mathematiques-recompenses","status":"publish","type":"post","link":"https:\/\/sitetab3.ac-reims.fr\/clg-cote-legris\/-wp-\/semaines-des-mathematiques-recompenses\/","title":{"rendered":"Semaines des math\u00e9matiques : r\u00e9compenses"},"content":{"rendered":"\n<p>A l&#8217;occasion de la semaine des math\u00e9matiques, 5 \u00e9nigmes ont \u00e9t\u00e9 propos\u00e9es tout au long de la semaine.<\/p>\n\n\n\n<p>Personne n&#8217;a trouv\u00e9 les 5 bonnes r\u00e9ponses, pour les avoir n&#8217;h\u00e9sitez pas \u00e0 demander \u00e0 vos professeurs de math\u00e9matiques.<\/p>\n\n\n\n<p>Les vainqueurs vont recevoir un bon de 10 \u20ac \u00e0 la librairie l&#8217;Apostrophe.<\/p>\n\n\n\n<p>Voici la liste des gagnants :<\/p>\n\n\n\n<p>en sixi\u00e8me : Hugo, Romain et Minjad<\/p>\n\n\n\n<p>en cinqui\u00e8me : Maelys, Louise, Sacha et Max<\/p>\n\n\n\n<p>en quatri\u00e8me : Valentin et Eva<\/p>\n\n\n\n<p>en troisi\u00e8me : aucun participant malheureusement<\/p>\n","protected":false},"excerpt":{"rendered":"<p>A l&#8217;occasion de la semaine des math\u00e9matiques, 5 \u00e9nigmes ont \u00e9t\u00e9 propos\u00e9es tout au long de la semaine. Personne n&#8217;a trouv\u00e9 les 5 bonnes r\u00e9ponses, pour les avoir n&#8217;h\u00e9sitez pas \u00e0 demander \u00e0 vos professeurs de math\u00e9matiques. Les vainqueurs vont recevoir un bon de 10 \u20ac \u00e0 la librairie l&#8217;Apostrophe. Voici la liste des gagnants [&hellip;]<\/p>\n","protected":false},"author":2,"featured_media":0,"comment_status":"open","ping_status":"open","sticky":false,"template":"","format":"standard","meta":{"ngg_post_thumbnail":0,"footnotes":""},"categories":[13],"tags":[],"_links":{"self":[{"href":"https:\/\/sitetab3.ac-reims.fr\/clg-cote-legris\/-wp-\/wp-json\/wp\/v2\/posts\/3189"}],"collection":[{"href":"https:\/\/sitetab3.ac-reims.fr\/clg-cote-legris\/-wp-\/wp-json\/wp\/v2\/posts"}],"about":[{"href":"https:\/\/sitetab3.ac-reims.fr\/clg-cote-legris\/-wp-\/wp-json\/wp\/v2\/types\/post"}],"author":[{"embeddable":true,"href":"https:\/\/sitetab3.ac-reims.fr\/clg-cote-legris\/-wp-\/wp-json\/wp\/v2\/users\/2"}],"replies":[{"embeddable":true,"href":"https:\/\/sitetab3.ac-reims.fr\/clg-cote-legris\/-wp-\/wp-json\/wp\/v2\/comments?post=3189"}],"version-history":[{"count":1,"href":"https:\/\/sitetab3.ac-reims.fr\/clg-cote-legris\/-wp-\/wp-json\/wp\/v2\/posts\/3189\/revisions"}],"predecessor-version":[{"id":3190,"href":"https:\/\/sitetab3.ac-reims.fr\/clg-cote-legris\/-wp-\/wp-json\/wp\/v2\/posts\/3189\/revisions\/3190"}],"wp:attachment":[{"href":"https:\/\/sitetab3.ac-reims.fr\/clg-cote-legris\/-wp-\/wp-json\/wp\/v2\/media?parent=3189"}],"wp:term":[{"taxonomy":"category","embeddable":true,"href":"https:\/\/sitetab3.ac-reims.fr\/clg-cote-legris\/-wp-\/wp-json\/wp\/v2\/categories?post=3189"},{"taxonomy":"post_tag","embeddable":true,"href":"https:\/\/sitetab3.ac-reims.fr\/clg-cote-legris\/-wp-\/wp-json\/wp\/v2\/tags?post=3189"}],"curies":[{"name":"wp","href":"https:\/\/api.w.org\/{rel}","templated":true}]}}