{"id":3193,"date":"2024-04-28T23:13:52","date_gmt":"2024-04-28T21:13:52","guid":{"rendered":"https:\/\/sitetab3.ac-reims.fr\/clg-cote-legris\/-wp-\/?p=3193"},"modified":"2024-04-28T23:13:59","modified_gmt":"2024-04-28T21:13:59","slug":"concours-je-filme-le-metier-qui-me-plait","status":"publish","type":"post","link":"https:\/\/sitetab3.ac-reims.fr\/clg-cote-legris\/-wp-\/concours-je-filme-le-metier-qui-me-plait\/","title":{"rendered":"Concours : Je filme le m\u00e9tier qui me pla\u00eet"},"content":{"rendered":"\n<div class=\"wp-block-image\"><figure class=\"aligncenter size-full is-resized\"><img loading=\"lazy\" decoding=\"async\" src=\"https:\/\/sitetab3.ac-reims.fr\/clg-cote-legris\/-wp-\/wp-content\/uploads\/film.png\" alt=\"\" class=\"wp-image-3194\" width=\"387\" height=\"219\" srcset=\"https:\/\/sitetab3.ac-reims.fr\/clg-cote-legris\/-wp-\/wp-content\/uploads\/film.png 605w, https:\/\/sitetab3.ac-reims.fr\/clg-cote-legris\/-wp-\/wp-content\/uploads\/film-300x170.png 300w\" sizes=\"(max-width: 387px) 100vw, 387px\" \/><\/figure><\/div>\n\n\n\n<p><strong>LES 4<sup>e<\/sup>1 et 3<sup>e<\/sup>1 DU COLL\u00c8GE EN S\u00c9LECTION OFFICIELLE DU CONCOURS JE FILME LE M\u00c9TIER QUI ME PLA\u00ceT<\/strong><\/p>\n\n\n\n<p>Les \u00e9l\u00e8ves de 4<sup>e<\/sup>1 et de 3<sup>e<\/sup>1 participent au concours national JE FILME LE M\u00c9TIER QUI ME PLA\u00ceT dans lequel les jeunes sont invit\u00e9s \u00e0 r\u00e9aliser un film de trois minutes pr\u00e9sentant un m\u00e9tier de leur choix.<\/p>\n\n\n\n<p>Les jeunes de 4<sup>e<\/sup>1 ont choisi de pr\u00e9senter le m\u00e9tier de serveur dans un restaurant \u00e0 travers une chanson qu\u2019ils ont \u00e9crite en interpr\u00e9t\u00e9e en classe. Leur film <a href=\"https:\/\/bit.ly\/cotelegris4e\"><strong>\u00ab&nbsp;Gar\u00e7on&nbsp;!&nbsp;\u00bb<\/strong><\/a> a \u00e9t\u00e9 tourn\u00e9 au restaurant Le Th\u00e9\u00e2tre \u00e0 \u00c9pernay.<\/p>\n\n\n\n<p>Les \u00e9l\u00e8ves de 3<sup>e<\/sup>1 participent pour la deuxi\u00e8me fois. Apr\u00e8s avoir r\u00e9alis\u00e9 un faux journal t\u00e9l\u00e9vis\u00e9 au c\u0153ur du vignoble champenois en 2023, ils ont choisi de pr\u00e9senter le m\u00e9tier de ferronnier d\u2019art. C\u2019est au c\u0153ur des ateliers du lyc\u00e9e St\u00e9phane-Hessel d\u2019\u00c9pernay qu\u2019il ont tourn\u00e9 leur film&nbsp;<a href=\"https:\/\/bit.ly\/cotelegris3e\"><strong>\u00ab&nbsp;La ferronnerie, une histoire d\u2019hommes&nbsp;\u00bb<\/strong><\/a>.<\/p>\n\n\n\n<p>Le concours se cl\u00f4turera par une <strong>remise des prix le 29 mai prochain au Grand Rex de Paris<\/strong>, la plus grande salle de cin\u00e9ma d\u2019Europe. Le photographe et r\u00e9alisateur <strong>Yann Arthus Bertrand<\/strong> fera l\u2019honneur de pr\u00e9sider le jury r\u00e9compensant 150 films parmi les 800 s\u00e9lectionn\u00e9s.<\/p>\n\n\n\n<p>Suivez la candidature sur les r\u00e9seaux sociaux\u00a0: <a href=\"https:\/\/facebook.com\/jflmqmp51\">Facebook<\/a>, <a href=\"https:\/\/www.instagram.com\/jflmqmp51\/\">Instagram<\/a><\/p>\n","protected":false},"excerpt":{"rendered":"<p>LES 4e1 et 3e1 DU COLL\u00c8GE EN S\u00c9LECTION OFFICIELLE DU CONCOURS JE FILME LE M\u00c9TIER QUI ME PLA\u00ceT Les \u00e9l\u00e8ves de 4e1 et de 3e1 participent au concours national JE FILME LE M\u00c9TIER QUI ME PLA\u00ceT dans lequel les jeunes sont invit\u00e9s \u00e0 r\u00e9aliser un film de trois minutes pr\u00e9sentant un m\u00e9tier de leur choix. [&hellip;]<\/p>\n","protected":false},"author":2,"featured_media":0,"comment_status":"open","ping_status":"open","sticky":false,"template":"","format":"standard","meta":{"ngg_post_thumbnail":0,"footnotes":""},"categories":[28],"tags":[],"_links":{"self":[{"href":"https:\/\/sitetab3.ac-reims.fr\/clg-cote-legris\/-wp-\/wp-json\/wp\/v2\/posts\/3193"}],"collection":[{"href":"https:\/\/sitetab3.ac-reims.fr\/clg-cote-legris\/-wp-\/wp-json\/wp\/v2\/posts"}],"about":[{"href":"https:\/\/sitetab3.ac-reims.fr\/clg-cote-legris\/-wp-\/wp-json\/wp\/v2\/types\/post"}],"author":[{"embeddable":true,"href":"https:\/\/sitetab3.ac-reims.fr\/clg-cote-legris\/-wp-\/wp-json\/wp\/v2\/users\/2"}],"replies":[{"embeddable":true,"href":"https:\/\/sitetab3.ac-reims.fr\/clg-cote-legris\/-wp-\/wp-json\/wp\/v2\/comments?post=3193"}],"version-history":[{"count":1,"href":"https:\/\/sitetab3.ac-reims.fr\/clg-cote-legris\/-wp-\/wp-json\/wp\/v2\/posts\/3193\/revisions"}],"predecessor-version":[{"id":3195,"href":"https:\/\/sitetab3.ac-reims.fr\/clg-cote-legris\/-wp-\/wp-json\/wp\/v2\/posts\/3193\/revisions\/3195"}],"wp:attachment":[{"href":"https:\/\/sitetab3.ac-reims.fr\/clg-cote-legris\/-wp-\/wp-json\/wp\/v2\/media?parent=3193"}],"wp:term":[{"taxonomy":"category","embeddable":true,"href":"https:\/\/sitetab3.ac-reims.fr\/clg-cote-legris\/-wp-\/wp-json\/wp\/v2\/categories?post=3193"},{"taxonomy":"post_tag","embeddable":true,"href":"https:\/\/sitetab3.ac-reims.fr\/clg-cote-legris\/-wp-\/wp-json\/wp\/v2\/tags?post=3193"}],"curies":[{"name":"wp","href":"https:\/\/api.w.org\/{rel}","templated":true}]}}