{"id":3242,"date":"2024-04-29T00:19:49","date_gmt":"2024-04-28T22:19:49","guid":{"rendered":"https:\/\/sitetab3.ac-reims.fr\/clg-cote-legris\/-wp-\/?p=3242"},"modified":"2024-04-29T00:19:55","modified_gmt":"2024-04-28T22:19:55","slug":"visite-du-chateau-de-versailles","status":"publish","type":"post","link":"https:\/\/sitetab3.ac-reims.fr\/clg-cote-legris\/-wp-\/visite-du-chateau-de-versailles\/","title":{"rendered":"Visite du ch\u00e2teau de Versailles"},"content":{"rendered":"\n<figure class=\"wp-block-gallery columns-3 is-cropped wp-block-gallery-1 is-layout-flex wp-block-gallery-is-layout-flex\"><ul class=\"blocks-gallery-grid\"><li class=\"blocks-gallery-item\"><figure><img loading=\"lazy\" decoding=\"async\" width=\"765\" height=\"1024\" src=\"http:\/\/sitetab3.ac-reims.fr\/clg-cote-legris\/-wp-\/wp-content\/uploads\/IHWN3051-765x1024.jpg\" alt=\"\" data-id=\"3241\" data-full-url=\"http:\/\/sitetab3.ac-reims.fr\/clg-cote-legris\/-wp-\/wp-content\/uploads\/IHWN3051.jpg\" data-link=\"https:\/\/sitetab3.ac-reims.fr\/clg-cote-legris\/-wp-\/ihwn3051\/\" class=\"wp-image-3241\" srcset=\"https:\/\/sitetab3.ac-reims.fr\/clg-cote-legris\/-wp-\/wp-content\/uploads\/IHWN3051-765x1024.jpg 765w, https:\/\/sitetab3.ac-reims.fr\/clg-cote-legris\/-wp-\/wp-content\/uploads\/IHWN3051-224x300.jpg 224w, https:\/\/sitetab3.ac-reims.fr\/clg-cote-legris\/-wp-\/wp-content\/uploads\/IHWN3051-768x1027.jpg 768w, https:\/\/sitetab3.ac-reims.fr\/clg-cote-legris\/-wp-\/wp-content\/uploads\/IHWN3051-1148x1536.jpg 1148w, https:\/\/sitetab3.ac-reims.fr\/clg-cote-legris\/-wp-\/wp-content\/uploads\/IHWN3051.jpg 1196w\" sizes=\"(max-width: 765px) 100vw, 765px\" \/><\/figure><\/li><li class=\"blocks-gallery-item\"><figure><img loading=\"lazy\" decoding=\"async\" width=\"765\" height=\"1024\" src=\"http:\/\/sitetab3.ac-reims.fr\/clg-cote-legris\/-wp-\/wp-content\/uploads\/HHDO4449-765x1024.jpg\" alt=\"\" data-id=\"3240\" data-full-url=\"http:\/\/sitetab3.ac-reims.fr\/clg-cote-legris\/-wp-\/wp-content\/uploads\/HHDO4449.jpg\" data-link=\"https:\/\/sitetab3.ac-reims.fr\/clg-cote-legris\/-wp-\/hhdo4449\/\" class=\"wp-image-3240\" srcset=\"https:\/\/sitetab3.ac-reims.fr\/clg-cote-legris\/-wp-\/wp-content\/uploads\/HHDO4449-765x1024.jpg 765w, https:\/\/sitetab3.ac-reims.fr\/clg-cote-legris\/-wp-\/wp-content\/uploads\/HHDO4449-224x300.jpg 224w, https:\/\/sitetab3.ac-reims.fr\/clg-cote-legris\/-wp-\/wp-content\/uploads\/HHDO4449-768x1027.jpg 768w, https:\/\/sitetab3.ac-reims.fr\/clg-cote-legris\/-wp-\/wp-content\/uploads\/HHDO4449-1148x1536.jpg 1148w, https:\/\/sitetab3.ac-reims.fr\/clg-cote-legris\/-wp-\/wp-content\/uploads\/HHDO4449.jpg 1196w\" sizes=\"(max-width: 765px) 100vw, 765px\" \/><\/figure><\/li><li class=\"blocks-gallery-item\"><figure><img loading=\"lazy\" decoding=\"async\" width=\"1024\" height=\"765\" src=\"http:\/\/sitetab3.ac-reims.fr\/clg-cote-legris\/-wp-\/wp-content\/uploads\/DBBO2269-1024x765.jpg\" alt=\"\" data-id=\"3239\" data-full-url=\"http:\/\/sitetab3.ac-reims.fr\/clg-cote-legris\/-wp-\/wp-content\/uploads\/DBBO2269.jpg\" data-link=\"https:\/\/sitetab3.ac-reims.fr\/clg-cote-legris\/-wp-\/dbbo2269\/\" class=\"wp-image-3239\" srcset=\"https:\/\/sitetab3.ac-reims.fr\/clg-cote-legris\/-wp-\/wp-content\/uploads\/DBBO2269-1024x765.jpg 1024w, https:\/\/sitetab3.ac-reims.fr\/clg-cote-legris\/-wp-\/wp-content\/uploads\/DBBO2269-300x224.jpg 300w, https:\/\/sitetab3.ac-reims.fr\/clg-cote-legris\/-wp-\/wp-content\/uploads\/DBBO2269-768x574.jpg 768w, https:\/\/sitetab3.ac-reims.fr\/clg-cote-legris\/-wp-\/wp-content\/uploads\/DBBO2269-1536x1148.jpg 1536w, https:\/\/sitetab3.ac-reims.fr\/clg-cote-legris\/-wp-\/wp-content\/uploads\/DBBO2269.jpg 1600w\" sizes=\"(max-width: 1024px) 100vw, 1024px\" \/><\/figure><\/li><li class=\"blocks-gallery-item\"><figure><img loading=\"lazy\" decoding=\"async\" width=\"765\" height=\"1024\" src=\"http:\/\/sitetab3.ac-reims.fr\/clg-cote-legris\/-wp-\/wp-content\/uploads\/ROUK5967-765x1024.jpg\" alt=\"\" data-id=\"3238\" data-full-url=\"http:\/\/sitetab3.ac-reims.fr\/clg-cote-legris\/-wp-\/wp-content\/uploads\/ROUK5967.jpg\" data-link=\"https:\/\/sitetab3.ac-reims.fr\/clg-cote-legris\/-wp-\/rouk5967\/\" class=\"wp-image-3238\" srcset=\"https:\/\/sitetab3.ac-reims.fr\/clg-cote-legris\/-wp-\/wp-content\/uploads\/ROUK5967-765x1024.jpg 765w, https:\/\/sitetab3.ac-reims.fr\/clg-cote-legris\/-wp-\/wp-content\/uploads\/ROUK5967-224x300.jpg 224w, https:\/\/sitetab3.ac-reims.fr\/clg-cote-legris\/-wp-\/wp-content\/uploads\/ROUK5967-768x1027.jpg 768w, https:\/\/sitetab3.ac-reims.fr\/clg-cote-legris\/-wp-\/wp-content\/uploads\/ROUK5967-1148x1536.jpg 1148w, https:\/\/sitetab3.ac-reims.fr\/clg-cote-legris\/-wp-\/wp-content\/uploads\/ROUK5967.jpg 1196w\" sizes=\"(max-width: 765px) 100vw, 765px\" \/><\/figure><\/li><li class=\"blocks-gallery-item\"><figure><img loading=\"lazy\" decoding=\"async\" width=\"765\" height=\"1024\" src=\"http:\/\/sitetab3.ac-reims.fr\/clg-cote-legris\/-wp-\/wp-content\/uploads\/NOMM1815-765x1024.jpg\" alt=\"\" data-id=\"3237\" data-full-url=\"http:\/\/sitetab3.ac-reims.fr\/clg-cote-legris\/-wp-\/wp-content\/uploads\/NOMM1815.jpg\" data-link=\"https:\/\/sitetab3.ac-reims.fr\/clg-cote-legris\/-wp-\/nomm1815\/\" class=\"wp-image-3237\" srcset=\"https:\/\/sitetab3.ac-reims.fr\/clg-cote-legris\/-wp-\/wp-content\/uploads\/NOMM1815-765x1024.jpg 765w, https:\/\/sitetab3.ac-reims.fr\/clg-cote-legris\/-wp-\/wp-content\/uploads\/NOMM1815-224x300.jpg 224w, https:\/\/sitetab3.ac-reims.fr\/clg-cote-legris\/-wp-\/wp-content\/uploads\/NOMM1815-768x1027.jpg 768w, https:\/\/sitetab3.ac-reims.fr\/clg-cote-legris\/-wp-\/wp-content\/uploads\/NOMM1815-1148x1536.jpg 1148w, https:\/\/sitetab3.ac-reims.fr\/clg-cote-legris\/-wp-\/wp-content\/uploads\/NOMM1815.jpg 1196w\" sizes=\"(max-width: 765px) 100vw, 765px\" \/><\/figure><\/li><li class=\"blocks-gallery-item\"><figure><img loading=\"lazy\" decoding=\"async\" width=\"1024\" height=\"768\" src=\"http:\/\/sitetab3.ac-reims.fr\/clg-cote-legris\/-wp-\/wp-content\/uploads\/IMG_5053-1024x768.jpg\" alt=\"\" data-id=\"3236\" data-full-url=\"http:\/\/sitetab3.ac-reims.fr\/clg-cote-legris\/-wp-\/wp-content\/uploads\/IMG_5053-scaled.jpg\" data-link=\"https:\/\/sitetab3.ac-reims.fr\/clg-cote-legris\/-wp-\/img_5053\/\" class=\"wp-image-3236\" srcset=\"https:\/\/sitetab3.ac-reims.fr\/clg-cote-legris\/-wp-\/wp-content\/uploads\/IMG_5053-1024x768.jpg 1024w, https:\/\/sitetab3.ac-reims.fr\/clg-cote-legris\/-wp-\/wp-content\/uploads\/IMG_5053-300x225.jpg 300w, https:\/\/sitetab3.ac-reims.fr\/clg-cote-legris\/-wp-\/wp-content\/uploads\/IMG_5053-768x576.jpg 768w, https:\/\/sitetab3.ac-reims.fr\/clg-cote-legris\/-wp-\/wp-content\/uploads\/IMG_5053-1536x1152.jpg 1536w, https:\/\/sitetab3.ac-reims.fr\/clg-cote-legris\/-wp-\/wp-content\/uploads\/IMG_5053-2048x1536.jpg 2048w\" sizes=\"(max-width: 1024px) 100vw, 1024px\" \/><\/figure><\/li><li class=\"blocks-gallery-item\"><figure><img loading=\"lazy\" decoding=\"async\" width=\"768\" height=\"1024\" src=\"http:\/\/sitetab3.ac-reims.fr\/clg-cote-legris\/-wp-\/wp-content\/uploads\/IMG_5052-768x1024.jpg\" alt=\"\" data-id=\"3235\" data-full-url=\"http:\/\/sitetab3.ac-reims.fr\/clg-cote-legris\/-wp-\/wp-content\/uploads\/IMG_5052-scaled.jpg\" data-link=\"https:\/\/sitetab3.ac-reims.fr\/clg-cote-legris\/-wp-\/img_5052\/\" class=\"wp-image-3235\" srcset=\"https:\/\/sitetab3.ac-reims.fr\/clg-cote-legris\/-wp-\/wp-content\/uploads\/IMG_5052-768x1024.jpg 768w, https:\/\/sitetab3.ac-reims.fr\/clg-cote-legris\/-wp-\/wp-content\/uploads\/IMG_5052-225x300.jpg 225w, https:\/\/sitetab3.ac-reims.fr\/clg-cote-legris\/-wp-\/wp-content\/uploads\/IMG_5052-1152x1536.jpg 1152w, https:\/\/sitetab3.ac-reims.fr\/clg-cote-legris\/-wp-\/wp-content\/uploads\/IMG_5052-1536x2048.jpg 1536w, https:\/\/sitetab3.ac-reims.fr\/clg-cote-legris\/-wp-\/wp-content\/uploads\/IMG_5052-scaled.jpg 1920w\" sizes=\"(max-width: 768px) 100vw, 768px\" \/><\/figure><\/li><li class=\"blocks-gallery-item\"><figure><img loading=\"lazy\" decoding=\"async\" width=\"1024\" height=\"768\" src=\"http:\/\/sitetab3.ac-reims.fr\/clg-cote-legris\/-wp-\/wp-content\/uploads\/IMG_5051-1024x768.jpg\" alt=\"\" data-id=\"3234\" data-full-url=\"http:\/\/sitetab3.ac-reims.fr\/clg-cote-legris\/-wp-\/wp-content\/uploads\/IMG_5051-scaled.jpg\" data-link=\"https:\/\/sitetab3.ac-reims.fr\/clg-cote-legris\/-wp-\/img_5051\/\" class=\"wp-image-3234\" srcset=\"https:\/\/sitetab3.ac-reims.fr\/clg-cote-legris\/-wp-\/wp-content\/uploads\/IMG_5051-1024x768.jpg 1024w, https:\/\/sitetab3.ac-reims.fr\/clg-cote-legris\/-wp-\/wp-content\/uploads\/IMG_5051-300x225.jpg 300w, https:\/\/sitetab3.ac-reims.fr\/clg-cote-legris\/-wp-\/wp-content\/uploads\/IMG_5051-768x576.jpg 768w, https:\/\/sitetab3.ac-reims.fr\/clg-cote-legris\/-wp-\/wp-content\/uploads\/IMG_5051-1536x1152.jpg 1536w, https:\/\/sitetab3.ac-reims.fr\/clg-cote-legris\/-wp-\/wp-content\/uploads\/IMG_5051-2048x1536.jpg 2048w\" sizes=\"(max-width: 1024px) 100vw, 1024px\" \/><\/figure><\/li><\/ul><\/figure>\n\n\n\n<p>A l&#8217;occasion des cord\u00e9es de la r\u00e9ussite, les \u00e9tudiants de Sciences Po Reims ont organis\u00e9 une sortie pour faire d\u00e9couvrir le ch\u00e2teau de Versailles aux \u00e9l\u00e8ves de quatri\u00e8me participants au projet.<\/p>\n","protected":false},"excerpt":{"rendered":"<p>A l&#8217;occasion des cord\u00e9es de la r\u00e9ussite, les \u00e9tudiants de Sciences Po Reims ont organis\u00e9 une sortie pour faire d\u00e9couvrir le ch\u00e2teau de Versailles aux \u00e9l\u00e8ves de quatri\u00e8me participants au projet.<\/p>\n","protected":false},"author":2,"featured_media":0,"comment_status":"open","ping_status":"open","sticky":false,"template":"","format":"standard","meta":{"ngg_post_thumbnail":0,"footnotes":""},"categories":[1],"tags":[],"_links":{"self":[{"href":"https:\/\/sitetab3.ac-reims.fr\/clg-cote-legris\/-wp-\/wp-json\/wp\/v2\/posts\/3242"}],"collection":[{"href":"https:\/\/sitetab3.ac-reims.fr\/clg-cote-legris\/-wp-\/wp-json\/wp\/v2\/posts"}],"about":[{"href":"https:\/\/sitetab3.ac-reims.fr\/clg-cote-legris\/-wp-\/wp-json\/wp\/v2\/types\/post"}],"author":[{"embeddable":true,"href":"https:\/\/sitetab3.ac-reims.fr\/clg-cote-legris\/-wp-\/wp-json\/wp\/v2\/users\/2"}],"replies":[{"embeddable":true,"href":"https:\/\/sitetab3.ac-reims.fr\/clg-cote-legris\/-wp-\/wp-json\/wp\/v2\/comments?post=3242"}],"version-history":[{"count":1,"href":"https:\/\/sitetab3.ac-reims.fr\/clg-cote-legris\/-wp-\/wp-json\/wp\/v2\/posts\/3242\/revisions"}],"predecessor-version":[{"id":3243,"href":"https:\/\/sitetab3.ac-reims.fr\/clg-cote-legris\/-wp-\/wp-json\/wp\/v2\/posts\/3242\/revisions\/3243"}],"wp:attachment":[{"href":"https:\/\/sitetab3.ac-reims.fr\/clg-cote-legris\/-wp-\/wp-json\/wp\/v2\/media?parent=3242"}],"wp:term":[{"taxonomy":"category","embeddable":true,"href":"https:\/\/sitetab3.ac-reims.fr\/clg-cote-legris\/-wp-\/wp-json\/wp\/v2\/categories?post=3242"},{"taxonomy":"post_tag","embeddable":true,"href":"https:\/\/sitetab3.ac-reims.fr\/clg-cote-legris\/-wp-\/wp-json\/wp\/v2\/tags?post=3242"}],"curies":[{"name":"wp","href":"https:\/\/api.w.org\/{rel}","templated":true}]}}