{"id":3325,"date":"2024-06-20T08:56:16","date_gmt":"2024-06-20T06:56:16","guid":{"rendered":"https:\/\/sitetab3.ac-reims.fr\/clg-cote-legris\/-wp-\/?p=3325"},"modified":"2024-06-20T08:56:18","modified_gmt":"2024-06-20T06:56:18","slug":"sejour-en-allemagne-du-4-au-7-juin-2024","status":"publish","type":"post","link":"https:\/\/sitetab3.ac-reims.fr\/clg-cote-legris\/-wp-\/sejour-en-allemagne-du-4-au-7-juin-2024\/","title":{"rendered":"S\u00e9jour en Allemagne du 4 au 7 juin 2024"},"content":{"rendered":"\n<p><strong><em>46 \u00e9l\u00e8ves de 3\u00e8me du coll\u00e8ge C\u00f4te-Legris sont partis avec leurs professeurs la premi\u00e8re semaine de juin clore leur parcours d&#8217;\u00e9l\u00e8ves&nbsp;germanistes en Allemagne!&nbsp;<\/em><\/strong><\/p>\n\n\n\n<p><strong><em>Ils ont pu visiter Stuttgart, la capitale du Baden-Wurttemberg, le mus\u00e9e Mercedes, la fabrique de chocolat Rittersport, le parc zoologique Wilhelma, le mus\u00e9e d&#8217;histoire contemporaine&nbsp;du Land mais aussi la ville universitaire de T\u00fcbingen sous une m\u00e9t\u00e9o tr\u00e8s cl\u00e9mente.<\/em><\/strong><\/p>\n\n\n\n<p><strong><em>&nbsp;H\u00e9berg\u00e9s dans des familles d&#8217;accueil, ils ont pu profiter de l&#8217;hospitalit\u00e9 et des sp\u00e9cialit\u00e9s allemandes.&nbsp;<\/em><\/strong><\/p>\n\n\n\n<p><strong><em>Le s\u00e9jour s&#8217;est termin\u00e9 par la visite du camp de concentration Natzweiler-Struthof qui a permis aux \u00e9l\u00e8ves de r\u00e9fl\u00e9chir \u00e0 l&#8217;importance du devoir de m\u00e9moire&#8221;.<\/em><\/strong><\/p>\n\n\n\n<figure class=\"wp-block-gallery columns-3 is-cropped wp-block-gallery-1 is-layout-flex wp-block-gallery-is-layout-flex\"><ul class=\"blocks-gallery-grid\"><li class=\"blocks-gallery-item\"><figure><img loading=\"lazy\" decoding=\"async\" width=\"768\" height=\"1024\" src=\"http:\/\/sitetab3.ac-reims.fr\/clg-cote-legris\/-wp-\/wp-content\/uploads\/IMG_5342-768x1024.jpg\" alt=\"\" data-id=\"3324\" data-full-url=\"http:\/\/sitetab3.ac-reims.fr\/clg-cote-legris\/-wp-\/wp-content\/uploads\/IMG_5342-scaled.jpg\" data-link=\"https:\/\/sitetab3.ac-reims.fr\/clg-cote-legris\/-wp-\/img_5342\/\" class=\"wp-image-3324\" srcset=\"https:\/\/sitetab3.ac-reims.fr\/clg-cote-legris\/-wp-\/wp-content\/uploads\/IMG_5342-768x1024.jpg 768w, https:\/\/sitetab3.ac-reims.fr\/clg-cote-legris\/-wp-\/wp-content\/uploads\/IMG_5342-225x300.jpg 225w, https:\/\/sitetab3.ac-reims.fr\/clg-cote-legris\/-wp-\/wp-content\/uploads\/IMG_5342-1152x1536.jpg 1152w, https:\/\/sitetab3.ac-reims.fr\/clg-cote-legris\/-wp-\/wp-content\/uploads\/IMG_5342-1536x2048.jpg 1536w, https:\/\/sitetab3.ac-reims.fr\/clg-cote-legris\/-wp-\/wp-content\/uploads\/IMG_5342-scaled.jpg 1920w\" sizes=\"(max-width: 768px) 100vw, 768px\" \/><\/figure><\/li><li class=\"blocks-gallery-item\"><figure><img loading=\"lazy\" decoding=\"async\" width=\"1024\" height=\"768\" src=\"http:\/\/sitetab3.ac-reims.fr\/clg-cote-legris\/-wp-\/wp-content\/uploads\/IMG_5337-1024x768.jpg\" alt=\"\" data-id=\"3321\" data-full-url=\"http:\/\/sitetab3.ac-reims.fr\/clg-cote-legris\/-wp-\/wp-content\/uploads\/IMG_5337-scaled.jpg\" data-link=\"https:\/\/sitetab3.ac-reims.fr\/clg-cote-legris\/-wp-\/img_5337\/\" class=\"wp-image-3321\" srcset=\"https:\/\/sitetab3.ac-reims.fr\/clg-cote-legris\/-wp-\/wp-content\/uploads\/IMG_5337-1024x768.jpg 1024w, https:\/\/sitetab3.ac-reims.fr\/clg-cote-legris\/-wp-\/wp-content\/uploads\/IMG_5337-300x225.jpg 300w, https:\/\/sitetab3.ac-reims.fr\/clg-cote-legris\/-wp-\/wp-content\/uploads\/IMG_5337-768x576.jpg 768w, https:\/\/sitetab3.ac-reims.fr\/clg-cote-legris\/-wp-\/wp-content\/uploads\/IMG_5337-1536x1152.jpg 1536w, https:\/\/sitetab3.ac-reims.fr\/clg-cote-legris\/-wp-\/wp-content\/uploads\/IMG_5337-2048x1536.jpg 2048w\" sizes=\"(max-width: 1024px) 100vw, 1024px\" \/><\/figure><\/li><li class=\"blocks-gallery-item\"><figure><img loading=\"lazy\" decoding=\"async\" width=\"768\" height=\"1024\" src=\"http:\/\/sitetab3.ac-reims.fr\/clg-cote-legris\/-wp-\/wp-content\/uploads\/IMG_5340-768x1024.jpg\" alt=\"\" data-id=\"3323\" data-full-url=\"http:\/\/sitetab3.ac-reims.fr\/clg-cote-legris\/-wp-\/wp-content\/uploads\/IMG_5340-scaled.jpg\" data-link=\"https:\/\/sitetab3.ac-reims.fr\/clg-cote-legris\/-wp-\/img_5340\/\" class=\"wp-image-3323\" srcset=\"https:\/\/sitetab3.ac-reims.fr\/clg-cote-legris\/-wp-\/wp-content\/uploads\/IMG_5340-768x1024.jpg 768w, https:\/\/sitetab3.ac-reims.fr\/clg-cote-legris\/-wp-\/wp-content\/uploads\/IMG_5340-225x300.jpg 225w, https:\/\/sitetab3.ac-reims.fr\/clg-cote-legris\/-wp-\/wp-content\/uploads\/IMG_5340-1152x1536.jpg 1152w, https:\/\/sitetab3.ac-reims.fr\/clg-cote-legris\/-wp-\/wp-content\/uploads\/IMG_5340-1536x2048.jpg 1536w, https:\/\/sitetab3.ac-reims.fr\/clg-cote-legris\/-wp-\/wp-content\/uploads\/IMG_5340-scaled.jpg 1920w\" sizes=\"(max-width: 768px) 100vw, 768px\" \/><\/figure><\/li><li class=\"blocks-gallery-item\"><figure><img loading=\"lazy\" decoding=\"async\" width=\"1024\" height=\"768\" src=\"http:\/\/sitetab3.ac-reims.fr\/clg-cote-legris\/-wp-\/wp-content\/uploads\/IMG_5338-1024x768.jpg\" alt=\"\" data-id=\"3322\" data-full-url=\"http:\/\/sitetab3.ac-reims.fr\/clg-cote-legris\/-wp-\/wp-content\/uploads\/IMG_5338-scaled.jpg\" data-link=\"https:\/\/sitetab3.ac-reims.fr\/clg-cote-legris\/-wp-\/img_5338\/\" class=\"wp-image-3322\" srcset=\"https:\/\/sitetab3.ac-reims.fr\/clg-cote-legris\/-wp-\/wp-content\/uploads\/IMG_5338-1024x768.jpg 1024w, https:\/\/sitetab3.ac-reims.fr\/clg-cote-legris\/-wp-\/wp-content\/uploads\/IMG_5338-300x225.jpg 300w, https:\/\/sitetab3.ac-reims.fr\/clg-cote-legris\/-wp-\/wp-content\/uploads\/IMG_5338-768x576.jpg 768w, https:\/\/sitetab3.ac-reims.fr\/clg-cote-legris\/-wp-\/wp-content\/uploads\/IMG_5338-1536x1152.jpg 1536w, https:\/\/sitetab3.ac-reims.fr\/clg-cote-legris\/-wp-\/wp-content\/uploads\/IMG_5338-2048x1536.jpg 2048w\" sizes=\"(max-width: 1024px) 100vw, 1024px\" \/><\/figure><\/li><li class=\"blocks-gallery-item\"><figure><img loading=\"lazy\" decoding=\"async\" width=\"1024\" height=\"768\" src=\"http:\/\/sitetab3.ac-reims.fr\/clg-cote-legris\/-wp-\/wp-content\/uploads\/IMG_5336-1024x768.jpg\" alt=\"\" data-id=\"3320\" data-full-url=\"http:\/\/sitetab3.ac-reims.fr\/clg-cote-legris\/-wp-\/wp-content\/uploads\/IMG_5336-scaled.jpg\" data-link=\"https:\/\/sitetab3.ac-reims.fr\/clg-cote-legris\/-wp-\/img_5336\/\" class=\"wp-image-3320\" srcset=\"https:\/\/sitetab3.ac-reims.fr\/clg-cote-legris\/-wp-\/wp-content\/uploads\/IMG_5336-1024x768.jpg 1024w, https:\/\/sitetab3.ac-reims.fr\/clg-cote-legris\/-wp-\/wp-content\/uploads\/IMG_5336-300x225.jpg 300w, https:\/\/sitetab3.ac-reims.fr\/clg-cote-legris\/-wp-\/wp-content\/uploads\/IMG_5336-768x576.jpg 768w, https:\/\/sitetab3.ac-reims.fr\/clg-cote-legris\/-wp-\/wp-content\/uploads\/IMG_5336-1536x1152.jpg 1536w, https:\/\/sitetab3.ac-reims.fr\/clg-cote-legris\/-wp-\/wp-content\/uploads\/IMG_5336-2048x1536.jpg 2048w\" sizes=\"(max-width: 1024px) 100vw, 1024px\" \/><\/figure><\/li><li class=\"blocks-gallery-item\"><figure><img loading=\"lazy\" decoding=\"async\" width=\"1024\" height=\"768\" src=\"http:\/\/sitetab3.ac-reims.fr\/clg-cote-legris\/-wp-\/wp-content\/uploads\/IMG_5335-1024x768.jpg\" alt=\"\" data-id=\"3319\" data-full-url=\"http:\/\/sitetab3.ac-reims.fr\/clg-cote-legris\/-wp-\/wp-content\/uploads\/IMG_5335-scaled.jpg\" data-link=\"https:\/\/sitetab3.ac-reims.fr\/clg-cote-legris\/-wp-\/img_5335\/\" class=\"wp-image-3319\" srcset=\"https:\/\/sitetab3.ac-reims.fr\/clg-cote-legris\/-wp-\/wp-content\/uploads\/IMG_5335-1024x768.jpg 1024w, https:\/\/sitetab3.ac-reims.fr\/clg-cote-legris\/-wp-\/wp-content\/uploads\/IMG_5335-300x225.jpg 300w, https:\/\/sitetab3.ac-reims.fr\/clg-cote-legris\/-wp-\/wp-content\/uploads\/IMG_5335-768x576.jpg 768w, https:\/\/sitetab3.ac-reims.fr\/clg-cote-legris\/-wp-\/wp-content\/uploads\/IMG_5335-1536x1152.jpg 1536w, https:\/\/sitetab3.ac-reims.fr\/clg-cote-legris\/-wp-\/wp-content\/uploads\/IMG_5335-2048x1536.jpg 2048w\" sizes=\"(max-width: 1024px) 100vw, 1024px\" \/><\/figure><\/li><li class=\"blocks-gallery-item\"><figure><img loading=\"lazy\" decoding=\"async\" width=\"1024\" height=\"768\" src=\"http:\/\/sitetab3.ac-reims.fr\/clg-cote-legris\/-wp-\/wp-content\/uploads\/IMG_5324-1024x768.jpg\" alt=\"\" data-id=\"3318\" data-full-url=\"http:\/\/sitetab3.ac-reims.fr\/clg-cote-legris\/-wp-\/wp-content\/uploads\/IMG_5324-scaled.jpg\" data-link=\"https:\/\/sitetab3.ac-reims.fr\/clg-cote-legris\/-wp-\/img_5324\/\" class=\"wp-image-3318\" srcset=\"https:\/\/sitetab3.ac-reims.fr\/clg-cote-legris\/-wp-\/wp-content\/uploads\/IMG_5324-1024x768.jpg 1024w, https:\/\/sitetab3.ac-reims.fr\/clg-cote-legris\/-wp-\/wp-content\/uploads\/IMG_5324-300x225.jpg 300w, https:\/\/sitetab3.ac-reims.fr\/clg-cote-legris\/-wp-\/wp-content\/uploads\/IMG_5324-768x576.jpg 768w, https:\/\/sitetab3.ac-reims.fr\/clg-cote-legris\/-wp-\/wp-content\/uploads\/IMG_5324-1536x1152.jpg 1536w, https:\/\/sitetab3.ac-reims.fr\/clg-cote-legris\/-wp-\/wp-content\/uploads\/IMG_5324-2048x1536.jpg 2048w\" sizes=\"(max-width: 1024px) 100vw, 1024px\" \/><\/figure><\/li><li class=\"blocks-gallery-item\"><figure><img loading=\"lazy\" decoding=\"async\" width=\"1024\" height=\"768\" src=\"http:\/\/sitetab3.ac-reims.fr\/clg-cote-legris\/-wp-\/wp-content\/uploads\/IMG_5323-1024x768.jpg\" alt=\"\" data-id=\"3317\" data-full-url=\"http:\/\/sitetab3.ac-reims.fr\/clg-cote-legris\/-wp-\/wp-content\/uploads\/IMG_5323-scaled.jpg\" data-link=\"https:\/\/sitetab3.ac-reims.fr\/clg-cote-legris\/-wp-\/img_5323\/\" class=\"wp-image-3317\" srcset=\"https:\/\/sitetab3.ac-reims.fr\/clg-cote-legris\/-wp-\/wp-content\/uploads\/IMG_5323-1024x768.jpg 1024w, https:\/\/sitetab3.ac-reims.fr\/clg-cote-legris\/-wp-\/wp-content\/uploads\/IMG_5323-300x225.jpg 300w, https:\/\/sitetab3.ac-reims.fr\/clg-cote-legris\/-wp-\/wp-content\/uploads\/IMG_5323-768x576.jpg 768w, https:\/\/sitetab3.ac-reims.fr\/clg-cote-legris\/-wp-\/wp-content\/uploads\/IMG_5323-1536x1152.jpg 1536w, https:\/\/sitetab3.ac-reims.fr\/clg-cote-legris\/-wp-\/wp-content\/uploads\/IMG_5323-2048x1536.jpg 2048w\" sizes=\"(max-width: 1024px) 100vw, 1024px\" \/><\/figure><\/li><li class=\"blocks-gallery-item\"><figure><img loading=\"lazy\" decoding=\"async\" width=\"1024\" height=\"768\" src=\"http:\/\/sitetab3.ac-reims.fr\/clg-cote-legris\/-wp-\/wp-content\/uploads\/IMG_5321-1024x768.jpg\" alt=\"\" data-id=\"3316\" data-full-url=\"http:\/\/sitetab3.ac-reims.fr\/clg-cote-legris\/-wp-\/wp-content\/uploads\/IMG_5321-scaled.jpg\" data-link=\"https:\/\/sitetab3.ac-reims.fr\/clg-cote-legris\/-wp-\/img_5321\/\" class=\"wp-image-3316\" srcset=\"https:\/\/sitetab3.ac-reims.fr\/clg-cote-legris\/-wp-\/wp-content\/uploads\/IMG_5321-1024x768.jpg 1024w, https:\/\/sitetab3.ac-reims.fr\/clg-cote-legris\/-wp-\/wp-content\/uploads\/IMG_5321-300x225.jpg 300w, https:\/\/sitetab3.ac-reims.fr\/clg-cote-legris\/-wp-\/wp-content\/uploads\/IMG_5321-768x576.jpg 768w, https:\/\/sitetab3.ac-reims.fr\/clg-cote-legris\/-wp-\/wp-content\/uploads\/IMG_5321-1536x1152.jpg 1536w, https:\/\/sitetab3.ac-reims.fr\/clg-cote-legris\/-wp-\/wp-content\/uploads\/IMG_5321-2048x1536.jpg 2048w\" sizes=\"(max-width: 1024px) 100vw, 1024px\" \/><\/figure><\/li><li class=\"blocks-gallery-item\"><figure><img loading=\"lazy\" decoding=\"async\" width=\"768\" height=\"1024\" src=\"http:\/\/sitetab3.ac-reims.fr\/clg-cote-legris\/-wp-\/wp-content\/uploads\/IMG_5306-768x1024.jpg\" alt=\"\" data-id=\"3315\" data-full-url=\"http:\/\/sitetab3.ac-reims.fr\/clg-cote-legris\/-wp-\/wp-content\/uploads\/IMG_5306-scaled.jpg\" data-link=\"https:\/\/sitetab3.ac-reims.fr\/clg-cote-legris\/-wp-\/img_5306\/\" class=\"wp-image-3315\" srcset=\"https:\/\/sitetab3.ac-reims.fr\/clg-cote-legris\/-wp-\/wp-content\/uploads\/IMG_5306-768x1024.jpg 768w, https:\/\/sitetab3.ac-reims.fr\/clg-cote-legris\/-wp-\/wp-content\/uploads\/IMG_5306-225x300.jpg 225w, https:\/\/sitetab3.ac-reims.fr\/clg-cote-legris\/-wp-\/wp-content\/uploads\/IMG_5306-1152x1536.jpg 1152w, https:\/\/sitetab3.ac-reims.fr\/clg-cote-legris\/-wp-\/wp-content\/uploads\/IMG_5306-1536x2048.jpg 1536w, https:\/\/sitetab3.ac-reims.fr\/clg-cote-legris\/-wp-\/wp-content\/uploads\/IMG_5306-scaled.jpg 1920w\" sizes=\"(max-width: 768px) 100vw, 768px\" \/><\/figure><\/li><li class=\"blocks-gallery-item\"><figure><img loading=\"lazy\" decoding=\"async\" width=\"1024\" height=\"768\" src=\"http:\/\/sitetab3.ac-reims.fr\/clg-cote-legris\/-wp-\/wp-content\/uploads\/IMG_5302-1024x768.jpg\" alt=\"\" data-id=\"3314\" data-full-url=\"http:\/\/sitetab3.ac-reims.fr\/clg-cote-legris\/-wp-\/wp-content\/uploads\/IMG_5302-scaled.jpg\" data-link=\"https:\/\/sitetab3.ac-reims.fr\/clg-cote-legris\/-wp-\/img_5302\/\" class=\"wp-image-3314\" srcset=\"https:\/\/sitetab3.ac-reims.fr\/clg-cote-legris\/-wp-\/wp-content\/uploads\/IMG_5302-1024x768.jpg 1024w, https:\/\/sitetab3.ac-reims.fr\/clg-cote-legris\/-wp-\/wp-content\/uploads\/IMG_5302-300x225.jpg 300w, https:\/\/sitetab3.ac-reims.fr\/clg-cote-legris\/-wp-\/wp-content\/uploads\/IMG_5302-768x576.jpg 768w, https:\/\/sitetab3.ac-reims.fr\/clg-cote-legris\/-wp-\/wp-content\/uploads\/IMG_5302-1536x1152.jpg 1536w, https:\/\/sitetab3.ac-reims.fr\/clg-cote-legris\/-wp-\/wp-content\/uploads\/IMG_5302-2048x1536.jpg 2048w\" sizes=\"(max-width: 1024px) 100vw, 1024px\" \/><\/figure><\/li><li class=\"blocks-gallery-item\"><figure><img loading=\"lazy\" decoding=\"async\" width=\"768\" height=\"1024\" src=\"http:\/\/sitetab3.ac-reims.fr\/clg-cote-legris\/-wp-\/wp-content\/uploads\/IMG_5301-768x1024.jpg\" alt=\"\" data-id=\"3313\" data-full-url=\"http:\/\/sitetab3.ac-reims.fr\/clg-cote-legris\/-wp-\/wp-content\/uploads\/IMG_5301-scaled.jpg\" data-link=\"https:\/\/sitetab3.ac-reims.fr\/clg-cote-legris\/-wp-\/img_5301\/\" class=\"wp-image-3313\" srcset=\"https:\/\/sitetab3.ac-reims.fr\/clg-cote-legris\/-wp-\/wp-content\/uploads\/IMG_5301-768x1024.jpg 768w, https:\/\/sitetab3.ac-reims.fr\/clg-cote-legris\/-wp-\/wp-content\/uploads\/IMG_5301-225x300.jpg 225w, https:\/\/sitetab3.ac-reims.fr\/clg-cote-legris\/-wp-\/wp-content\/uploads\/IMG_5301-1152x1536.jpg 1152w, https:\/\/sitetab3.ac-reims.fr\/clg-cote-legris\/-wp-\/wp-content\/uploads\/IMG_5301-1536x2048.jpg 1536w, https:\/\/sitetab3.ac-reims.fr\/clg-cote-legris\/-wp-\/wp-content\/uploads\/IMG_5301-scaled.jpg 1920w\" sizes=\"(max-width: 768px) 100vw, 768px\" \/><\/figure><\/li><li class=\"blocks-gallery-item\"><figure><img loading=\"lazy\" decoding=\"async\" width=\"1024\" height=\"768\" src=\"http:\/\/sitetab3.ac-reims.fr\/clg-cote-legris\/-wp-\/wp-content\/uploads\/IMG_5298-1024x768.jpg\" alt=\"\" data-id=\"3312\" data-full-url=\"http:\/\/sitetab3.ac-reims.fr\/clg-cote-legris\/-wp-\/wp-content\/uploads\/IMG_5298-scaled.jpg\" data-link=\"https:\/\/sitetab3.ac-reims.fr\/clg-cote-legris\/-wp-\/img_5298\/\" class=\"wp-image-3312\" srcset=\"https:\/\/sitetab3.ac-reims.fr\/clg-cote-legris\/-wp-\/wp-content\/uploads\/IMG_5298-1024x768.jpg 1024w, https:\/\/sitetab3.ac-reims.fr\/clg-cote-legris\/-wp-\/wp-content\/uploads\/IMG_5298-300x225.jpg 300w, https:\/\/sitetab3.ac-reims.fr\/clg-cote-legris\/-wp-\/wp-content\/uploads\/IMG_5298-768x576.jpg 768w, https:\/\/sitetab3.ac-reims.fr\/clg-cote-legris\/-wp-\/wp-content\/uploads\/IMG_5298-1536x1152.jpg 1536w, https:\/\/sitetab3.ac-reims.fr\/clg-cote-legris\/-wp-\/wp-content\/uploads\/IMG_5298-2048x1536.jpg 2048w\" sizes=\"(max-width: 1024px) 100vw, 1024px\" \/><\/figure><\/li><li class=\"blocks-gallery-item\"><figure><img loading=\"lazy\" decoding=\"async\" width=\"1024\" height=\"768\" src=\"http:\/\/sitetab3.ac-reims.fr\/clg-cote-legris\/-wp-\/wp-content\/uploads\/IMG_5293-1024x768.jpg\" alt=\"\" data-id=\"3311\" data-full-url=\"http:\/\/sitetab3.ac-reims.fr\/clg-cote-legris\/-wp-\/wp-content\/uploads\/IMG_5293-scaled.jpg\" data-link=\"https:\/\/sitetab3.ac-reims.fr\/clg-cote-legris\/-wp-\/img_5293\/\" class=\"wp-image-3311\" srcset=\"https:\/\/sitetab3.ac-reims.fr\/clg-cote-legris\/-wp-\/wp-content\/uploads\/IMG_5293-1024x768.jpg 1024w, https:\/\/sitetab3.ac-reims.fr\/clg-cote-legris\/-wp-\/wp-content\/uploads\/IMG_5293-300x225.jpg 300w, https:\/\/sitetab3.ac-reims.fr\/clg-cote-legris\/-wp-\/wp-content\/uploads\/IMG_5293-768x576.jpg 768w, https:\/\/sitetab3.ac-reims.fr\/clg-cote-legris\/-wp-\/wp-content\/uploads\/IMG_5293-1536x1152.jpg 1536w, https:\/\/sitetab3.ac-reims.fr\/clg-cote-legris\/-wp-\/wp-content\/uploads\/IMG_5293-2048x1536.jpg 2048w\" sizes=\"(max-width: 1024px) 100vw, 1024px\" \/><\/figure><\/li><li class=\"blocks-gallery-item\"><figure><img loading=\"lazy\" decoding=\"async\" width=\"1024\" height=\"768\" src=\"http:\/\/sitetab3.ac-reims.fr\/clg-cote-legris\/-wp-\/wp-content\/uploads\/IMG_5291-1024x768.jpg\" alt=\"\" data-id=\"3310\" data-full-url=\"http:\/\/sitetab3.ac-reims.fr\/clg-cote-legris\/-wp-\/wp-content\/uploads\/IMG_5291-scaled.jpg\" data-link=\"https:\/\/sitetab3.ac-reims.fr\/clg-cote-legris\/-wp-\/img_5291\/\" class=\"wp-image-3310\" srcset=\"https:\/\/sitetab3.ac-reims.fr\/clg-cote-legris\/-wp-\/wp-content\/uploads\/IMG_5291-1024x768.jpg 1024w, https:\/\/sitetab3.ac-reims.fr\/clg-cote-legris\/-wp-\/wp-content\/uploads\/IMG_5291-300x225.jpg 300w, https:\/\/sitetab3.ac-reims.fr\/clg-cote-legris\/-wp-\/wp-content\/uploads\/IMG_5291-768x576.jpg 768w, https:\/\/sitetab3.ac-reims.fr\/clg-cote-legris\/-wp-\/wp-content\/uploads\/IMG_5291-1536x1152.jpg 1536w, https:\/\/sitetab3.ac-reims.fr\/clg-cote-legris\/-wp-\/wp-content\/uploads\/IMG_5291-2048x1536.jpg 2048w\" sizes=\"(max-width: 1024px) 100vw, 1024px\" \/><\/figure><\/li><li class=\"blocks-gallery-item\"><figure><img loading=\"lazy\" decoding=\"async\" width=\"768\" height=\"1024\" src=\"http:\/\/sitetab3.ac-reims.fr\/clg-cote-legris\/-wp-\/wp-content\/uploads\/IMG_5288-768x1024.jpg\" alt=\"\" data-id=\"3309\" data-full-url=\"http:\/\/sitetab3.ac-reims.fr\/clg-cote-legris\/-wp-\/wp-content\/uploads\/IMG_5288-scaled.jpg\" data-link=\"https:\/\/sitetab3.ac-reims.fr\/clg-cote-legris\/-wp-\/img_5288\/\" class=\"wp-image-3309\" srcset=\"https:\/\/sitetab3.ac-reims.fr\/clg-cote-legris\/-wp-\/wp-content\/uploads\/IMG_5288-768x1024.jpg 768w, https:\/\/sitetab3.ac-reims.fr\/clg-cote-legris\/-wp-\/wp-content\/uploads\/IMG_5288-225x300.jpg 225w, https:\/\/sitetab3.ac-reims.fr\/clg-cote-legris\/-wp-\/wp-content\/uploads\/IMG_5288-1152x1536.jpg 1152w, https:\/\/sitetab3.ac-reims.fr\/clg-cote-legris\/-wp-\/wp-content\/uploads\/IMG_5288-1536x2048.jpg 1536w, https:\/\/sitetab3.ac-reims.fr\/clg-cote-legris\/-wp-\/wp-content\/uploads\/IMG_5288-scaled.jpg 1920w\" sizes=\"(max-width: 768px) 100vw, 768px\" \/><\/figure><\/li><li class=\"blocks-gallery-item\"><figure><img loading=\"lazy\" decoding=\"async\" width=\"1024\" height=\"768\" src=\"http:\/\/sitetab3.ac-reims.fr\/clg-cote-legris\/-wp-\/wp-content\/uploads\/IMG_5281-1024x768.jpg\" alt=\"\" data-id=\"3308\" data-full-url=\"http:\/\/sitetab3.ac-reims.fr\/clg-cote-legris\/-wp-\/wp-content\/uploads\/IMG_5281-scaled.jpg\" data-link=\"https:\/\/sitetab3.ac-reims.fr\/clg-cote-legris\/-wp-\/img_5281\/\" class=\"wp-image-3308\" srcset=\"https:\/\/sitetab3.ac-reims.fr\/clg-cote-legris\/-wp-\/wp-content\/uploads\/IMG_5281-1024x768.jpg 1024w, https:\/\/sitetab3.ac-reims.fr\/clg-cote-legris\/-wp-\/wp-content\/uploads\/IMG_5281-300x225.jpg 300w, https:\/\/sitetab3.ac-reims.fr\/clg-cote-legris\/-wp-\/wp-content\/uploads\/IMG_5281-768x576.jpg 768w, https:\/\/sitetab3.ac-reims.fr\/clg-cote-legris\/-wp-\/wp-content\/uploads\/IMG_5281-1536x1152.jpg 1536w, https:\/\/sitetab3.ac-reims.fr\/clg-cote-legris\/-wp-\/wp-content\/uploads\/IMG_5281-2048x1536.jpg 2048w\" sizes=\"(max-width: 1024px) 100vw, 1024px\" \/><\/figure><\/li><\/ul><\/figure>\n","protected":false},"excerpt":{"rendered":"<p>46 \u00e9l\u00e8ves de 3\u00e8me du coll\u00e8ge C\u00f4te-Legris sont partis avec leurs professeurs la premi\u00e8re semaine de juin clore leur parcours d&#8217;\u00e9l\u00e8ves&nbsp;germanistes en Allemagne!&nbsp; Ils ont pu visiter Stuttgart, la capitale du Baden-Wurttemberg, le mus\u00e9e Mercedes, la fabrique de chocolat Rittersport, le parc zoologique Wilhelma, le mus\u00e9e d&#8217;histoire contemporaine&nbsp;du Land mais aussi la ville universitaire de [&hellip;]<\/p>\n","protected":false},"author":2,"featured_media":0,"comment_status":"open","ping_status":"open","sticky":false,"template":"","format":"standard","meta":{"ngg_post_thumbnail":0,"footnotes":""},"categories":[18],"tags":[],"_links":{"self":[{"href":"https:\/\/sitetab3.ac-reims.fr\/clg-cote-legris\/-wp-\/wp-json\/wp\/v2\/posts\/3325"}],"collection":[{"href":"https:\/\/sitetab3.ac-reims.fr\/clg-cote-legris\/-wp-\/wp-json\/wp\/v2\/posts"}],"about":[{"href":"https:\/\/sitetab3.ac-reims.fr\/clg-cote-legris\/-wp-\/wp-json\/wp\/v2\/types\/post"}],"author":[{"embeddable":true,"href":"https:\/\/sitetab3.ac-reims.fr\/clg-cote-legris\/-wp-\/wp-json\/wp\/v2\/users\/2"}],"replies":[{"embeddable":true,"href":"https:\/\/sitetab3.ac-reims.fr\/clg-cote-legris\/-wp-\/wp-json\/wp\/v2\/comments?post=3325"}],"version-history":[{"count":1,"href":"https:\/\/sitetab3.ac-reims.fr\/clg-cote-legris\/-wp-\/wp-json\/wp\/v2\/posts\/3325\/revisions"}],"predecessor-version":[{"id":3326,"href":"https:\/\/sitetab3.ac-reims.fr\/clg-cote-legris\/-wp-\/wp-json\/wp\/v2\/posts\/3325\/revisions\/3326"}],"wp:attachment":[{"href":"https:\/\/sitetab3.ac-reims.fr\/clg-cote-legris\/-wp-\/wp-json\/wp\/v2\/media?parent=3325"}],"wp:term":[{"taxonomy":"category","embeddable":true,"href":"https:\/\/sitetab3.ac-reims.fr\/clg-cote-legris\/-wp-\/wp-json\/wp\/v2\/categories?post=3325"},{"taxonomy":"post_tag","embeddable":true,"href":"https:\/\/sitetab3.ac-reims.fr\/clg-cote-legris\/-wp-\/wp-json\/wp\/v2\/tags?post=3325"}],"curies":[{"name":"wp","href":"https:\/\/api.w.org\/{rel}","templated":true}]}}