{"id":664,"date":"2020-04-17T06:20:31","date_gmt":"2020-04-17T04:20:31","guid":{"rendered":"http:\/\/sitetab3.ac-reims.fr\/clg-cote-legris\/-wp-\/section-sportive-2020-2021\/"},"modified":"2020-04-17T06:20:31","modified_gmt":"2020-04-17T04:20:31","slug":"section-sportive-2020-2021","status":"publish","type":"post","link":"https:\/\/sitetab3.ac-reims.fr\/clg-cote-legris\/-wp-\/section-sportive-2020-2021\/","title":{"rendered":"Section sportive 2020-2021"},"content":{"rendered":"<p><span style=\"color: #201f1e; font-family: 'Segoe UI', 'Segoe UI Web (West European)', 'Segoe UI', -apple-system, BlinkMacSystemFont, Roboto, 'Helvetica Neue', sans-serif; font-size: 15px; font-style: normal; font-weight: 400; letter-spacing: normal; orphans: 2; text-align: start; text-indent: 0px; text-transform: none; white-space: normal; widows: 2; word-spacing: 0px; background-color: #ffffff; float: none;\">Pour les candidats \u00e0 l&#8217;entr\u00e9e en section sportive \u00e0 la rentr\u00e9e 2020-2021, <a href=\"https:\/\/forms.gle\/ZUq8QU8dJ9YHWSS98\" target=\"_self\">cliquer ici avant le 10 mai<\/a>.<\/span><\/p>\n","protected":false},"excerpt":{"rendered":"<p>Pour les candidats \u00e0 l&#8217;entr\u00e9e en section sportive \u00e0 la rentr\u00e9e 2020-2021, cliquer ici avant le 10 mai.<\/p>\n","protected":false},"author":2,"featured_media":1365,"comment_status":"open","ping_status":"open","sticky":false,"template":"","format":"standard","meta":{"ngg_post_thumbnail":0,"footnotes":""},"categories":[26],"tags":[],"_links":{"self":[{"href":"https:\/\/sitetab3.ac-reims.fr\/clg-cote-legris\/-wp-\/wp-json\/wp\/v2\/posts\/664"}],"collection":[{"href":"https:\/\/sitetab3.ac-reims.fr\/clg-cote-legris\/-wp-\/wp-json\/wp\/v2\/posts"}],"about":[{"href":"https:\/\/sitetab3.ac-reims.fr\/clg-cote-legris\/-wp-\/wp-json\/wp\/v2\/types\/post"}],"author":[{"embeddable":true,"href":"https:\/\/sitetab3.ac-reims.fr\/clg-cote-legris\/-wp-\/wp-json\/wp\/v2\/users\/2"}],"replies":[{"embeddable":true,"href":"https:\/\/sitetab3.ac-reims.fr\/clg-cote-legris\/-wp-\/wp-json\/wp\/v2\/comments?post=664"}],"version-history":[{"count":0,"href":"https:\/\/sitetab3.ac-reims.fr\/clg-cote-legris\/-wp-\/wp-json\/wp\/v2\/posts\/664\/revisions"}],"wp:featuredmedia":[{"embeddable":true,"href":"https:\/\/sitetab3.ac-reims.fr\/clg-cote-legris\/-wp-\/wp-json\/wp\/v2\/media\/1365"}],"wp:attachment":[{"href":"https:\/\/sitetab3.ac-reims.fr\/clg-cote-legris\/-wp-\/wp-json\/wp\/v2\/media?parent=664"}],"wp:term":[{"taxonomy":"category","embeddable":true,"href":"https:\/\/sitetab3.ac-reims.fr\/clg-cote-legris\/-wp-\/wp-json\/wp\/v2\/categories?post=664"},{"taxonomy":"post_tag","embeddable":true,"href":"https:\/\/sitetab3.ac-reims.fr\/clg-cote-legris\/-wp-\/wp-json\/wp\/v2\/tags?post=664"}],"curies":[{"name":"wp","href":"https:\/\/api.w.org\/{rel}","templated":true}]}}