{"id":120,"date":"2013-09-11T20:16:57","date_gmt":"2013-09-11T18:16:57","guid":{"rendered":"http:\/\/sitetab3.ac-reims.fr\/clg-curie\/-wp-\/futsal\/"},"modified":"2020-06-23T09:20:20","modified_gmt":"2020-06-23T07:20:20","slug":"futsal","status":"publish","type":"post","link":"https:\/\/sitetab3.ac-reims.fr\/clg-curie\/-wp-\/futsal\/","title":{"rendered":"FUTSAL"},"content":{"rendered":"<p><span style=\"font-size: medium;\"><strong>DATE :<\/strong><\/span> <span style=\"font-size: medium;\"><strong><span style=\"color: #ff0000;\">de Septembre \u00e0 Novembre et de Mars \u00e0 juin<\/span><\/strong><\/span><\/p>\n<p><span style=\"font-size: medium;\"><strong>LIEU : d\u00e9part de l&rsquo;UTT<\/strong><\/span><\/p>\n<p><strong><span style=\"font-size: medium;\">HORAIRE DE RDV : de 13h00 \u00e0 16h00<\/span><\/strong><\/p>\n<p><strong><span style=\"font-size: medium;\">&nbsp;<\/span><\/strong><\/p>\n","protected":false},"excerpt":{"rendered":"<p>DATE : de Septembre \u00e0 Novembre et de Mars \u00e0 juin LIEU : d\u00e9part de l&rsquo;UTT HORAIRE DE RDV : de 13h00 \u00e0 16h00 &nbsp;<\/p>\n","protected":false},"author":1,"featured_media":0,"comment_status":"closed","ping_status":"open","sticky":false,"template":"","format":"standard","meta":{"ngg_post_thumbnail":0,"footnotes":""},"categories":[22],"tags":[],"_links":{"self":[{"href":"https:\/\/sitetab3.ac-reims.fr\/clg-curie\/-wp-\/wp-json\/wp\/v2\/posts\/120"}],"collection":[{"href":"https:\/\/sitetab3.ac-reims.fr\/clg-curie\/-wp-\/wp-json\/wp\/v2\/posts"}],"about":[{"href":"https:\/\/sitetab3.ac-reims.fr\/clg-curie\/-wp-\/wp-json\/wp\/v2\/types\/post"}],"author":[{"embeddable":true,"href":"https:\/\/sitetab3.ac-reims.fr\/clg-curie\/-wp-\/wp-json\/wp\/v2\/users\/1"}],"replies":[{"embeddable":true,"href":"https:\/\/sitetab3.ac-reims.fr\/clg-curie\/-wp-\/wp-json\/wp\/v2\/comments?post=120"}],"version-history":[{"count":1,"href":"https:\/\/sitetab3.ac-reims.fr\/clg-curie\/-wp-\/wp-json\/wp\/v2\/posts\/120\/revisions"}],"predecessor-version":[{"id":1201,"href":"https:\/\/sitetab3.ac-reims.fr\/clg-curie\/-wp-\/wp-json\/wp\/v2\/posts\/120\/revisions\/1201"}],"wp:attachment":[{"href":"https:\/\/sitetab3.ac-reims.fr\/clg-curie\/-wp-\/wp-json\/wp\/v2\/media?parent=120"}],"wp:term":[{"taxonomy":"category","embeddable":true,"href":"https:\/\/sitetab3.ac-reims.fr\/clg-curie\/-wp-\/wp-json\/wp\/v2\/categories?post=120"},{"taxonomy":"post_tag","embeddable":true,"href":"https:\/\/sitetab3.ac-reims.fr\/clg-curie\/-wp-\/wp-json\/wp\/v2\/tags?post=120"}],"curies":[{"name":"wp","href":"https:\/\/api.w.org\/{rel}","templated":true}]}}