{"id":140,"date":"2013-12-19T15:51:39","date_gmt":"2013-12-19T14:51:39","guid":{"rendered":"http:\/\/sitetab3.ac-reims.fr\/clg-curie\/-wp-\/allemand\/"},"modified":"2020-06-23T09:20:19","modified_gmt":"2020-06-23T07:20:19","slug":"allemand","status":"publish","type":"post","link":"https:\/\/sitetab3.ac-reims.fr\/clg-curie\/-wp-\/allemand\/","title":{"rendered":"Allemand"},"content":{"rendered":"<h1 style=\"text-align: center;\"><span style=\"color: #993300;\">L&rsquo;ALLEMAND AU COLLEGE<\/span><\/h1>\n<p><img loading=\"lazy\" decoding=\"async\" class=\" size-full wp-image-545\" style=\"display: block; margin-left: auto; margin-right: auto;\" src=\"http:\/\/sitetab3.ac-reims.fr\/clg-curie\/-wp-\/wp-content\/uploads\/new_icones\/dk-germany-01-228x228.png\" alt=\"dk-germany-01-228x228\" width=\"62\" height=\"62\" srcset=\"https:\/\/sitetab3.ac-reims.fr\/clg-curie\/-wp-\/wp-content\/uploads\/new_icones\/dk-germany-01-228x228.png 228w, https:\/\/sitetab3.ac-reims.fr\/clg-curie\/-wp-\/wp-content\/uploads\/new_icones\/dk-germany-01-228x228-150x150.png 150w\" sizes=\"(max-width: 62px) 100vw, 62px\" \/><\/p>\n<p>&nbsp;<\/p>\n<p><span style=\"font-size: 12pt; font-family: arial, helvetica, sans-serif;\"><img loading=\"lazy\" decoding=\"async\" class=\" size-full wp-image-554\" src=\"http:\/\/sitetab3.ac-reims.fr\/clg-curie\/-wp-\/wp-content\/uploads\/icones\/fl2.png\" alt=\"fl2\" width=\"19\" height=\"19\" \/><\/span> &nbsp;<a href=\"http:\/\/sitetab3.ac-reims.fr\/clg-curie\/-wp-\/actu-all\/\"><span style=\"font-size: 12pt;\">Actualit\u00e9<\/span><\/a><\/p>\n<p><span style=\"font-size: 12pt; font-family: arial,helvetica,sans-serif;\"><img loading=\"lazy\" decoding=\"async\" class=\" size-full wp-image-554\" src=\"http:\/\/sitetab3.ac-reims.fr\/clg-curie\/-wp-\/wp-content\/uploads\/icones\/fl2.png\" alt=\"fl2\" width=\"19\" height=\"19\" \/><span style=\"color: #000000;\"><a href=\"http:\/\/sitetab3.ac-reims.fr\/clg-curie\/-wp-\/?p=256\"><span style=\"color: #000000;\"> Choisir L&rsquo; <span style=\"color: #ff0000; font-size: 18pt;\">A<\/span>llemand comme passeport pour ton <span style=\"color: #ff0000; font-size: 18pt;\">A<\/span>venir<\/span> <\/a> <\/span><\/span><\/p>\n<p><span style=\"color: #000000; font-size: 12pt; font-family: arial,helvetica,sans-serif;\"><img loading=\"lazy\" decoding=\"async\" class=\" size-full wp-image-554\" src=\"http:\/\/sitetab3.ac-reims.fr\/clg-curie\/-wp-\/wp-content\/uploads\/icones\/fl2.png\" alt=\"fl2\" width=\"19\" height=\"19\" \/> <a href=\"http:\/\/sitetab3.ac-reims.fr\/clg-curie\/-wp-\/jfaa\/\" target=\"_blank\">L<span style=\"color: #000000;\">a journee franco-allemande: vous connaissez ?<\/span> <\/a><\/span><\/p>\n<p><span style=\"font-size: 12pt; line-height: 115%; font-family: arial,helvetica,sans-serif;\"><img loading=\"lazy\" decoding=\"async\" class=\" size-full wp-image-554\" src=\"http:\/\/sitetab3.ac-reims.fr\/clg-curie\/-wp-\/wp-content\/uploads\/icones\/fl2.png\" alt=\"fl2\" width=\"19\" height=\"19\" \/><span style=\"color: #000000;\">&nbsp;<a href=\"http:\/\/sitetab3.ac-reims.fr\/clg-curie\/-wp-\/brigitte-sausay\/\" target=\"_blank\"><span style=\"color: #000000;\">Tu veux partir en Allemagne ? Participe au Programme Brigitte-Sauzay\u2026<\/span><\/a><\/span><br \/> <\/span><\/p>\n<p><span style=\"font-size: 12pt; line-height: 115%; font-family: arial,helvetica,sans-serif;\"><img loading=\"lazy\" decoding=\"async\" class=\" size-full wp-image-554\" src=\"http:\/\/sitetab3.ac-reims.fr\/clg-curie\/-wp-\/wp-content\/uploads\/icones\/fl2.png\" alt=\"fl2\" width=\"19\" height=\"19\" \/>&nbsp;<a href=\"http:\/\/sitetab3.ac-reims.fr\/clg-curie\/-wp-\/cv-allemand\/\">Tu veux enrichir ton CV ? Passe la Certification, un dipl\u00f4me europ\u00e9en\u2026<\/a><br \/> <span style=\"color: #000000;\"><\/span><\/span><\/p>\n<p><span style=\"font-size: 12pt; font-family: arial, helvetica, sans-serif;\"><img loading=\"lazy\" decoding=\"async\" class=\" size-full wp-image-554\" src=\"http:\/\/sitetab3.ac-reims.fr\/clg-curie\/-wp-\/wp-content\/uploads\/icones\/fl2.png\" alt=\"fl2\" width=\"19\" height=\"19\" \/><\/span> <span style=\"font-size: 12pt;\">Travaux d&rsquo;\u00e9l\u00e8ves:<\/span><\/p>\n<p style=\"margin-left: 60px;\"><span style=\"font-size: 12pt; line-height: 115%; font-family: arial,helvetica,sans-serif;\"><span style=\"color: #000000;\"><img loading=\"lazy\" decoding=\"async\" class=\" size-full wp-image-442\" src=\"http:\/\/sitetab3.ac-reims.fr\/clg-curie\/-wp-\/wp-content\/uploads\/icones\/fl3.png\" alt=\"fl3\" width=\"19\" height=\"19\" \/><a href=\"http:\/\/fr.calameo.com\/read\/005051026d5a7538b7922\" target=\"_blank\"><span style=\"color: #000000;\"> EPI 5\u00e8me\/ Guten Apetit ! Venez d\u00e9couvrir notre livre de recettes allemandes !<\/span><\/a><\/span><\/span><span style=\"font-size: 11pt; line-height: 115%; font-family: Calibri, sans-serif;\"><\/span><\/p>\n<p style=\"margin-left: 60px;\"><span style=\"font-size: 11pt; line-height: 115%; font-family: Calibri, sans-serif;\"><span style=\"font-size: 12pt; font-family: arial,helvetica,sans-serif;\"><span style=\"font-size: 12pt; line-height: 115%; font-family: arial, helvetica, sans-serif;\"><span style=\"color: #000000;\"><img loading=\"lazy\" decoding=\"async\" class=\" size-full wp-image-442\" src=\"http:\/\/sitetab3.ac-reims.fr\/clg-curie\/-wp-\/wp-content\/uploads\/icones\/fl3.png\" alt=\"fl3\" width=\"19\" height=\"19\" \/><\/span><\/span>&nbsp;<a href=\"https:\/\/youtu.be\/XsqOrTh7KFI\" target=\"_blank\">EPI 4\u00e8me\/ Vorsicht&nbsp;! Les dangers d\u2019Internet et des r\u00e9seaux sociaux, on en parle&nbsp;?<\/a><\/span><br \/> <span style=\"font-size: 12pt; font-family: arial,helvetica,sans-serif;\"><\/span><\/span><\/p>\n<p style=\"margin-left: 60px;\"><span style=\"font-size: 11pt; line-height: 115%; font-family: Calibri, sans-serif;\"><span style=\"font-size: 12pt; font-family: arial,helvetica,sans-serif;\"><span style=\"font-size: 12pt; line-height: 115%; font-family: arial, helvetica, sans-serif;\"><span style=\"color: #000000;\"><img loading=\"lazy\" decoding=\"async\" class=\" size-full wp-image-442\" src=\"http:\/\/sitetab3.ac-reims.fr\/clg-curie\/-wp-\/wp-content\/uploads\/icones\/fl3.png\" alt=\"fl3\" width=\"19\" height=\"19\" \/><\/span><\/span>&nbsp;<a href=\"https:\/\/www.youtube.com\/watch?v=Xr7_xVlH4Bg\" target=\"_blank\">Quel temps fait-il&nbsp;? Regardez notre bulletin m\u00e9t\u00e9o.<\/a><\/span><br \/> <span style=\"font-size: 12pt; font-family: arial,helvetica,sans-serif;\"><\/span><\/span><\/p>\n<p style=\"margin-left: 60px;\"><span style=\"font-size: 11pt; line-height: 115%; font-family: Calibri, sans-serif;\"><span style=\"font-size: 12pt; font-family: arial,helvetica,sans-serif;\"><span style=\"font-size: 12pt; line-height: 115%; font-family: arial, helvetica, sans-serif;\"><span style=\"color: #000000;\"><img loading=\"lazy\" decoding=\"async\" class=\" size-full wp-image-442\" src=\"http:\/\/sitetab3.ac-reims.fr\/clg-curie\/-wp-\/wp-content\/uploads\/icones\/fl3.png\" alt=\"fl3\" width=\"19\" height=\"19\" \/><\/span><\/span>&nbsp;<a href=\"https:\/\/fr.calameo.com\/read\/0050510269437dbea860c\" target=\"_blank\">Le coll\u00e8ge Marie Curie en allemand&nbsp;? D\u00e9couvrez notre pr\u00e9sentation.<\/a><\/span><\/p>\n<p> <\/span><\/p>\n<p>&nbsp;<\/p>\n","protected":false},"excerpt":{"rendered":"<p>L&rsquo;ALLEMAND AU COLLEGE &nbsp; &nbsp;Actualit\u00e9 Choisir L&rsquo; Allemand comme passeport pour ton Avenir La journee franco-allemande: vous connaissez ? &nbsp;Tu veux partir en Allemagne ? Participe au Programme Brigitte-Sauzay\u2026 &nbsp;Tu veux enrichir ton CV ? Passe la Certification, un dipl\u00f4me europ\u00e9en\u2026 Travaux d&rsquo;\u00e9l\u00e8ves: EPI 5\u00e8me\/ Guten Apetit ! Venez d\u00e9couvrir notre livre de recettes allemandes [&hellip;]<\/p>\n","protected":false},"author":1,"featured_media":545,"comment_status":"closed","ping_status":"open","sticky":false,"template":"","format":"standard","meta":{"ngg_post_thumbnail":0,"footnotes":""},"categories":[11],"tags":[],"_links":{"self":[{"href":"https:\/\/sitetab3.ac-reims.fr\/clg-curie\/-wp-\/wp-json\/wp\/v2\/posts\/140"}],"collection":[{"href":"https:\/\/sitetab3.ac-reims.fr\/clg-curie\/-wp-\/wp-json\/wp\/v2\/posts"}],"about":[{"href":"https:\/\/sitetab3.ac-reims.fr\/clg-curie\/-wp-\/wp-json\/wp\/v2\/types\/post"}],"author":[{"embeddable":true,"href":"https:\/\/sitetab3.ac-reims.fr\/clg-curie\/-wp-\/wp-json\/wp\/v2\/users\/1"}],"replies":[{"embeddable":true,"href":"https:\/\/sitetab3.ac-reims.fr\/clg-curie\/-wp-\/wp-json\/wp\/v2\/comments?post=140"}],"version-history":[{"count":1,"href":"https:\/\/sitetab3.ac-reims.fr\/clg-curie\/-wp-\/wp-json\/wp\/v2\/posts\/140\/revisions"}],"predecessor-version":[{"id":994,"href":"https:\/\/sitetab3.ac-reims.fr\/clg-curie\/-wp-\/wp-json\/wp\/v2\/posts\/140\/revisions\/994"}],"wp:featuredmedia":[{"embeddable":true,"href":"https:\/\/sitetab3.ac-reims.fr\/clg-curie\/-wp-\/wp-json\/wp\/v2\/media\/545"}],"wp:attachment":[{"href":"https:\/\/sitetab3.ac-reims.fr\/clg-curie\/-wp-\/wp-json\/wp\/v2\/media?parent=140"}],"wp:term":[{"taxonomy":"category","embeddable":true,"href":"https:\/\/sitetab3.ac-reims.fr\/clg-curie\/-wp-\/wp-json\/wp\/v2\/categories?post=140"},{"taxonomy":"post_tag","embeddable":true,"href":"https:\/\/sitetab3.ac-reims.fr\/clg-curie\/-wp-\/wp-json\/wp\/v2\/tags?post=140"}],"curies":[{"name":"wp","href":"https:\/\/api.w.org\/{rel}","templated":true}]}}