{"id":1585,"date":"2021-02-04T19:47:03","date_gmt":"2021-02-04T18:47:03","guid":{"rendered":"http:\/\/sitetab3.ac-reims.fr\/clg-curie\/-wp-\/?p=1585"},"modified":"2021-03-18T13:19:38","modified_gmt":"2021-03-18T12:19:38","slug":"en-route-vers-paris-2024","status":"publish","type":"post","link":"https:\/\/sitetab3.ac-reims.fr\/clg-curie\/-wp-\/en-route-vers-paris-2024\/","title":{"rendered":"G\u00e9n\u00e9ration 2024"},"content":{"rendered":"<p style=\"text-align: left;\"><img loading=\"lazy\" decoding=\"async\" class=\" wp-image-1594 aligncenter\" src=\"http:\/\/sitetab3.ac-reims.fr\/clg-curie\/-wp-\/wp-content\/uploads\/gene2024.3-300x174.jpg\" alt=\"\" width=\"188\" height=\"109\" srcset=\"https:\/\/sitetab3.ac-reims.fr\/clg-curie\/-wp-\/wp-content\/uploads\/gene2024.3-300x174.jpg 300w, https:\/\/sitetab3.ac-reims.fr\/clg-curie\/-wp-\/wp-content\/uploads\/gene2024.3.jpg 450w\" sizes=\"(max-width: 188px) 100vw, 188px\" \/><\/p>\n<p style=\"text-align: left;\">Dans le cadre de la Semaine Olympique et Paralympique (<em><strong>01\/02\/2021-06\/02\/2021<\/strong><\/em>), les \u00e9l\u00e8ves du coll\u00e8ge Marie ont particip\u00e9 \u00e0 un projet ayant pour objectif de parcourir en marchant les 9710km qui s\u00e9parent Tokyo 2020-Paris 2024.<\/p>\n<p style=\"text-align: left;\"><img loading=\"lazy\" decoding=\"async\" class=\" wp-image-1597 aligncenter\" src=\"http:\/\/sitetab3.ac-reims.fr\/clg-curie\/-wp-\/wp-content\/uploads\/gene-2024.2-300x300.jpg\" alt=\"\" width=\"428\" height=\"428\" srcset=\"https:\/\/sitetab3.ac-reims.fr\/clg-curie\/-wp-\/wp-content\/uploads\/gene-2024.2-300x300.jpg 300w, https:\/\/sitetab3.ac-reims.fr\/clg-curie\/-wp-\/wp-content\/uploads\/gene-2024.2-150x150.jpg 150w, https:\/\/sitetab3.ac-reims.fr\/clg-curie\/-wp-\/wp-content\/uploads\/gene-2024.2-768x768.jpg 768w, https:\/\/sitetab3.ac-reims.fr\/clg-curie\/-wp-\/wp-content\/uploads\/gene-2024.2-1024x1024.jpg 1024w, https:\/\/sitetab3.ac-reims.fr\/clg-curie\/-wp-\/wp-content\/uploads\/gene-2024.2.jpg 1080w\" sizes=\"(max-width: 428px) 100vw, 428px\" \/><\/p>\n<p>Cette semaine est l&rsquo;occasion de travailler sur les th\u00e9matiques telles que les valeurs du sport, la performance, l&rsquo;histoire des JO, la sant\u00e9 ainsi que le paralympique ou bien l&rsquo;\u00e9galit\u00e9.<\/p>\n<p>En parall\u00e8le du projet, les \u00e9l\u00e8ves ont produit des expos\u00e9s, des diaporamas en lien avec le sport et l&rsquo;olympisme.<\/p>\n<p>En partenariat avec la CASDEN, une exposition \u00ab\u00a0histoire sport et citoyennet\u00e9\u00a0\u00bb a \u00e9t\u00e9 mise \u00e0 disposition dans le hall de l&rsquo;\u00e9tablissement. Gr\u00e2ce \u00e0 celle-ci, les \u00e9l\u00e8ves ont\u00a0 pu suivre l&rsquo;histoire les JO d&rsquo; Ath\u00e8nes (1896) aux JO de Rio (2016), ainsi que les anecdotes qui ont marqu\u00e9 ceux-ci.<\/p>\n<p><img loading=\"lazy\" decoding=\"async\" class=\" wp-image-1596 aligncenter\" src=\"http:\/\/sitetab3.ac-reims.fr\/clg-curie\/-wp-\/wp-content\/uploads\/gene-2024.1-300x300.jpg\" alt=\"\" width=\"417\" height=\"417\" srcset=\"https:\/\/sitetab3.ac-reims.fr\/clg-curie\/-wp-\/wp-content\/uploads\/gene-2024.1-300x300.jpg 300w, https:\/\/sitetab3.ac-reims.fr\/clg-curie\/-wp-\/wp-content\/uploads\/gene-2024.1-150x150.jpg 150w, https:\/\/sitetab3.ac-reims.fr\/clg-curie\/-wp-\/wp-content\/uploads\/gene-2024.1-768x768.jpg 768w, https:\/\/sitetab3.ac-reims.fr\/clg-curie\/-wp-\/wp-content\/uploads\/gene-2024.1-1024x1024.jpg 1024w, https:\/\/sitetab3.ac-reims.fr\/clg-curie\/-wp-\/wp-content\/uploads\/gene-2024.1.jpg 1080w\" sizes=\"(max-width: 417px) 100vw, 417px\" \/><\/p>\n<p>Cette semaine est \u00e9galement marqu\u00e9e par une bonne nouvelle qui est l&rsquo;attribution du label \u00ab\u00a0G\u00e9n\u00e9ration 2024\u00a0\u00bb au coll\u00e8ge Marie Curie .<\/p>\n<p><img loading=\"lazy\" decoding=\"async\" class=\"aligncenter wp-image-1595 \" src=\"http:\/\/sitetab3.ac-reims.fr\/clg-curie\/-wp-\/wp-content\/uploads\/FB_IMG_1612629020245-225x300.jpg\" alt=\"\" width=\"251\" height=\"335\" srcset=\"https:\/\/sitetab3.ac-reims.fr\/clg-curie\/-wp-\/wp-content\/uploads\/FB_IMG_1612629020245-225x300.jpg 225w, https:\/\/sitetab3.ac-reims.fr\/clg-curie\/-wp-\/wp-content\/uploads\/FB_IMG_1612629020245-768x1024.jpg 768w, https:\/\/sitetab3.ac-reims.fr\/clg-curie\/-wp-\/wp-content\/uploads\/FB_IMG_1612629020245.jpg 1080w\" sizes=\"(max-width: 251px) 100vw, 251px\" \/><\/p>\n<p>Durant cette Semaine Olympique et Paralympique et malgr\u00e9 les intemp\u00e9ries, nous avons pu r\u00e9aliser un total d&rsquo;environ 5000km.\u00a0 Dans les semaines \u00e0 venir, nous allons continuer notre projet pour finir notre voyage Tokyo-Paris.<\/p>\n<p>&nbsp;<\/p>\n<p><a href=\"http:\/\/sitetab3.ac-reims.fr\/clg-curie\/-wp-\/wp-content\/uploads\/Capture-d\u2019\u00e9cran-2021-02-07-\u00e0-21.59.07.png\"><img loading=\"lazy\" decoding=\"async\" class=\"wp-image-1605 size-large aligncenter\" src=\"http:\/\/sitetab3.ac-reims.fr\/clg-curie\/-wp-\/wp-content\/uploads\/Capture-d\u2019\u00e9cran-2021-02-07-\u00e0-21.59.07-1024x706.png\" alt=\"\" width=\"1024\" height=\"706\" srcset=\"https:\/\/sitetab3.ac-reims.fr\/clg-curie\/-wp-\/wp-content\/uploads\/Capture-d\u2019\u00e9cran-2021-02-07-\u00e0-21.59.07-1024x706.png 1024w, https:\/\/sitetab3.ac-reims.fr\/clg-curie\/-wp-\/wp-content\/uploads\/Capture-d\u2019\u00e9cran-2021-02-07-\u00e0-21.59.07-300x207.png 300w, https:\/\/sitetab3.ac-reims.fr\/clg-curie\/-wp-\/wp-content\/uploads\/Capture-d\u2019\u00e9cran-2021-02-07-\u00e0-21.59.07-768x530.png 768w, https:\/\/sitetab3.ac-reims.fr\/clg-curie\/-wp-\/wp-content\/uploads\/Capture-d\u2019\u00e9cran-2021-02-07-\u00e0-21.59.07.png 1302w\" sizes=\"(max-width: 1024px) 100vw, 1024px\" \/><\/a><\/p>\n<p>&nbsp;<\/p>\n<p><img loading=\"lazy\" decoding=\"async\" class=\"wp-image-1608 aligncenter\" src=\"http:\/\/sitetab3.ac-reims.fr\/clg-curie\/-wp-\/wp-content\/uploads\/leve_clip_art_gratuit__ecole_images_20160427_1929418528-300x285.jpg\" alt=\"\" width=\"92\" height=\"87\" srcset=\"https:\/\/sitetab3.ac-reims.fr\/clg-curie\/-wp-\/wp-content\/uploads\/leve_clip_art_gratuit__ecole_images_20160427_1929418528-300x285.jpg 300w, https:\/\/sitetab3.ac-reims.fr\/clg-curie\/-wp-\/wp-content\/uploads\/leve_clip_art_gratuit__ecole_images_20160427_1929418528-768x730.jpg 768w, https:\/\/sitetab3.ac-reims.fr\/clg-curie\/-wp-\/wp-content\/uploads\/leve_clip_art_gratuit__ecole_images_20160427_1929418528-1024x974.jpg 1024w\" sizes=\"(max-width: 92px) 100vw, 92px\" \/><\/p>\n<p style=\"text-align: center;\"><span style=\"text-decoration: underline;\"><em><strong>Quelques expos\u00e9s sur les JO des \u00e9l\u00e8ves de Mme Crozat<br \/>\n<\/strong><\/em><\/span><\/p>\n<ul style=\"list-style-type: square;\">\n<li style=\"text-align: left;\"><a href=\"http:\/\/sitetab3.ac-reims.fr\/clg-curie\/-wp-\/wp-content\/uploads\/Katalina-4\u00b06.pdf\">Katalina 4\u00b06<\/a><\/li>\n<li style=\"text-align: left;\"><a href=\"http:\/\/sitetab3.ac-reims.fr\/clg-curie\/-wp-\/wp-content\/uploads\/Mia-et-Pacey-6\u00b03.pdf\">Mia et Pacey 6\u00b03<\/a><\/li>\n<li style=\"text-align: left;\"><a href=\"http:\/\/sitetab3.ac-reims.fr\/clg-curie\/-wp-\/wp-content\/uploads\/Rinad-4\u00b06.pdf\">Rinad 4\u00b06<\/a><\/li>\n<li style=\"text-align: left;\"><a href=\"http:\/\/sitetab3.ac-reims.fr\/clg-curie\/-wp-\/wp-content\/uploads\/hitomi-Phan.pdf\">hitomi Phan4\u00b06<\/a><\/li>\n<\/ul>\n<p>&nbsp;<\/p>\n<p style=\"text-align: center;\"><span style=\"text-decoration: underline;\"><strong><em>Des nouvelles du d\u00e9fi des \u00e9l\u00e8ves du coll\u00e8ge Marie Curie<\/em><\/strong><\/span><\/p>\n<p style=\"text-align: left;\"><strong>Petit rappel<\/strong> : depuis le 1\/02 , les \u00e9l\u00e8ves de Marie Curie se sont donn\u00e9s le d\u00e9fi de r\u00e9aliser la distance <strong>Tokyo 2021-Paris 2024<\/strong> en marchant \u00e0 chaque cours d&rsquo;EPS c&rsquo;est-\u00e0-dire effectuer la distance de<em><strong> 9710km <\/strong><\/em>dans le but de promouvoir la semaine de Olympique et paralympique 2021.<\/p>\n<p style=\"text-align: left;\">Apr\u00e8s une semaine et demi de marche, en \u00e9tant confront\u00e9s aux intemp\u00e9ries du moment (pluie et neige pour couronner le tout), les coll\u00e9giens ont r\u00e9ussi \u00e0 marcher la distance de <em><strong>9969km.\u00a0<\/strong><\/em>Un projet\u00a0grandement\u00a0r\u00e9ussi.<\/p>\n<p style=\"text-align: center;\">Bravo \u00e0 tous pour vos efforts durant la semaine Olympique et du paralympique.<\/p>\n<p style=\"text-align: left;\"><img loading=\"lazy\" decoding=\"async\" class=\"wp-image-1628 aligncenter\" src=\"http:\/\/sitetab3.ac-reims.fr\/clg-curie\/-wp-\/wp-content\/uploads\/5db7fc93443ff_Smileybravo-300x252.jpg\" alt=\"\" width=\"162\" height=\"136\" srcset=\"https:\/\/sitetab3.ac-reims.fr\/clg-curie\/-wp-\/wp-content\/uploads\/5db7fc93443ff_Smileybravo-300x252.jpg 300w, https:\/\/sitetab3.ac-reims.fr\/clg-curie\/-wp-\/wp-content\/uploads\/5db7fc93443ff_Smileybravo.jpg 512w\" sizes=\"(max-width: 162px) 100vw, 162px\" \/><\/p>\n<p style=\"text-align: left;\"><img loading=\"lazy\" decoding=\"async\" class=\" wp-image-1631 aligncenter\" src=\"http:\/\/sitetab3.ac-reims.fr\/clg-curie\/-wp-\/wp-content\/uploads\/finish-def-300x300.jpg\" alt=\"\" width=\"371\" height=\"371\" srcset=\"https:\/\/sitetab3.ac-reims.fr\/clg-curie\/-wp-\/wp-content\/uploads\/finish-def-300x300.jpg 300w, https:\/\/sitetab3.ac-reims.fr\/clg-curie\/-wp-\/wp-content\/uploads\/finish-def-150x150.jpg 150w, https:\/\/sitetab3.ac-reims.fr\/clg-curie\/-wp-\/wp-content\/uploads\/finish-def-768x770.jpg 768w, https:\/\/sitetab3.ac-reims.fr\/clg-curie\/-wp-\/wp-content\/uploads\/finish-def-1021x1024.jpg 1021w\" sizes=\"(max-width: 371px) 100vw, 371px\" \/><\/p>\n<p style=\"text-align: left;\">\n","protected":false},"excerpt":{"rendered":"<p>Dans le cadre de la Semaine Olympique et Paralympique (01\/02\/2021-06\/02\/2021), les \u00e9l\u00e8ves du coll\u00e8ge Marie ont particip\u00e9 \u00e0 un projet ayant pour objectif de parcourir en marchant les 9710km qui s\u00e9parent Tokyo 2020-Paris 2024. Cette semaine est l&rsquo;occasion de travailler sur les th\u00e9matiques telles que les valeurs du sport, la performance, l&rsquo;histoire des JO, la [&hellip;]<\/p>\n","protected":false},"author":15,"featured_media":0,"comment_status":"closed","ping_status":"open","sticky":false,"template":"","format":"standard","meta":{"ngg_post_thumbnail":0,"footnotes":""},"categories":[2],"tags":[],"_links":{"self":[{"href":"https:\/\/sitetab3.ac-reims.fr\/clg-curie\/-wp-\/wp-json\/wp\/v2\/posts\/1585"}],"collection":[{"href":"https:\/\/sitetab3.ac-reims.fr\/clg-curie\/-wp-\/wp-json\/wp\/v2\/posts"}],"about":[{"href":"https:\/\/sitetab3.ac-reims.fr\/clg-curie\/-wp-\/wp-json\/wp\/v2\/types\/post"}],"author":[{"embeddable":true,"href":"https:\/\/sitetab3.ac-reims.fr\/clg-curie\/-wp-\/wp-json\/wp\/v2\/users\/15"}],"replies":[{"embeddable":true,"href":"https:\/\/sitetab3.ac-reims.fr\/clg-curie\/-wp-\/wp-json\/wp\/v2\/comments?post=1585"}],"version-history":[{"count":18,"href":"https:\/\/sitetab3.ac-reims.fr\/clg-curie\/-wp-\/wp-json\/wp\/v2\/posts\/1585\/revisions"}],"predecessor-version":[{"id":1632,"href":"https:\/\/sitetab3.ac-reims.fr\/clg-curie\/-wp-\/wp-json\/wp\/v2\/posts\/1585\/revisions\/1632"}],"wp:attachment":[{"href":"https:\/\/sitetab3.ac-reims.fr\/clg-curie\/-wp-\/wp-json\/wp\/v2\/media?parent=1585"}],"wp:term":[{"taxonomy":"category","embeddable":true,"href":"https:\/\/sitetab3.ac-reims.fr\/clg-curie\/-wp-\/wp-json\/wp\/v2\/categories?post=1585"},{"taxonomy":"post_tag","embeddable":true,"href":"https:\/\/sitetab3.ac-reims.fr\/clg-curie\/-wp-\/wp-json\/wp\/v2\/tags?post=1585"}],"curies":[{"name":"wp","href":"https:\/\/api.w.org\/{rel}","templated":true}]}}