{"id":1676,"date":"2021-05-11T12:18:22","date_gmt":"2021-05-11T10:18:22","guid":{"rendered":"http:\/\/sitetab3.ac-reims.fr\/clg-curie\/-wp-\/?p=1676"},"modified":"2021-06-11T11:21:46","modified_gmt":"2021-06-11T09:21:46","slug":"concours-video-allemand","status":"publish","type":"post","link":"https:\/\/sitetab3.ac-reims.fr\/clg-curie\/-wp-\/concours-video-allemand\/","title":{"rendered":"> Concours vid\u00e9o Allemand"},"content":{"rendered":"\r\n<h5 class=\"format_h5 h5-like\"><span style=\"color: #bf0013;\"><strong>PARTICIPEZ A DEUX CONCOURS AUTOUR DE LA PROMO DE L&rsquo;ALLEMAND EN CE MOMENT :<\/strong><\/span><\/h5>\r\n<p>&nbsp;<\/p>\r\n<h5 class=\"format_h5 h5-like\"><strong><span style=\"color: #346916;\">&nbsp;&nbsp;&nbsp;&nbsp; &gt; 1er CONCOURS (externe) :<\/span><\/strong><\/h5>\r\n<p><strong>Mathilde Seguin<\/strong> et <strong>Lou Ann Marcoup<\/strong>&nbsp; inscrites pour le <strong>concours ADEAF<\/strong> de la promotion de l&rsquo;allemand et <strong>qui repr\u00e9sente le coll\u00e8ge Marie Curie<\/strong> parmi tous les candidats.<\/p>\r\n<p><em><strong>SOUTENEZ-LES gr\u00e2ce \u00e0 un maximum de \u00ab\u00a0vues\u00a0\u00bb et de \u00ab\u00a0j&rsquo;aime<\/strong><\/em>\u00a0\u00bb afin qu&rsquo;elles gagnent des points aupr\u00e8s du Jury en suivant le lien ci-dessous:<\/p>\r\n<p class=\"text--center\"><a href=\"https:\/\/www.youtube.com\/watch?v=3W_E5Q25evw\">https:\/\/www.youtube.com\/watch?v=3W_E5Q25evw<\/a><\/p>\r\n<p class=\"text--center\">&nbsp;<\/p>\r\n<h5 class=\"format_h5 h5-like\"><strong><span style=\"color: #346916;\">&nbsp;&gt; 2eme CONCOURS (interne) :<\/span><\/strong><\/h5>\r\n<p><strong>Hallo! Guten Tag \u00e0 tous!<\/strong><br><br>Un concours de vid\u00e9os sur la promotion de l&rsquo;allemand \u00e9labor\u00e9es par les \u00e9l\u00e8ves germanistes est organis\u00e9 du <strong>10 au 20 mai.<\/strong><br>Dans le cadre de la semaine des langues, il y aura \u00e9galement un concours d&rsquo;affiches sur le m\u00eame th\u00e8me \u00e0 partir du&nbsp; <strong>17 mai.<\/strong><br><br>5 vid\u00e9os finalistes des \u00e9l\u00e8ves germanistes ont \u00e9t\u00e9 s\u00e9lectionn\u00e9es, \u00e0 toi maintenant de voter pour la<strong> <span style=\"color: #bf0013;\">meilleure<\/span> <span style=\"color: #bf0013;\">vid\u00e9o de PROMODEUTSCH.<\/span><\/strong><\/p>\r\n<h5 class=\"format_h5 h5-like\"><a href=\"https:\/\/clg-curie-troyes.monbureaunumerique.fr\/espaces-pedagogiques\/les-langues-au-college-mare-curie\/a-comme-allemand--4659.htm?URL_BLOG_FILTRE=%23690\">Retrouve les vid\u00e9os en cliquant ici pour rejoindre l&rsquo;article \u00ab\u00a0A :comme ALLEMAND\u00a0\u00bb<\/a><\/h5>\r\n<p><strong>BON VOTE!<br><br>Mme Rivi\u00e8re professeur d&rsquo;allemand<\/strong><\/p>\r\n<p>&nbsp;<\/p>\r\n","protected":false},"excerpt":{"rendered":"","protected":false},"author":1,"featured_media":0,"comment_status":"closed","ping_status":"open","sticky":false,"template":"","format":"standard","meta":{"ngg_post_thumbnail":0,"footnotes":""},"categories":[1],"tags":[],"_links":{"self":[{"href":"https:\/\/sitetab3.ac-reims.fr\/clg-curie\/-wp-\/wp-json\/wp\/v2\/posts\/1676"}],"collection":[{"href":"https:\/\/sitetab3.ac-reims.fr\/clg-curie\/-wp-\/wp-json\/wp\/v2\/posts"}],"about":[{"href":"https:\/\/sitetab3.ac-reims.fr\/clg-curie\/-wp-\/wp-json\/wp\/v2\/types\/post"}],"author":[{"embeddable":true,"href":"https:\/\/sitetab3.ac-reims.fr\/clg-curie\/-wp-\/wp-json\/wp\/v2\/users\/1"}],"replies":[{"embeddable":true,"href":"https:\/\/sitetab3.ac-reims.fr\/clg-curie\/-wp-\/wp-json\/wp\/v2\/comments?post=1676"}],"version-history":[{"count":4,"href":"https:\/\/sitetab3.ac-reims.fr\/clg-curie\/-wp-\/wp-json\/wp\/v2\/posts\/1676\/revisions"}],"predecessor-version":[{"id":1681,"href":"https:\/\/sitetab3.ac-reims.fr\/clg-curie\/-wp-\/wp-json\/wp\/v2\/posts\/1676\/revisions\/1681"}],"wp:attachment":[{"href":"https:\/\/sitetab3.ac-reims.fr\/clg-curie\/-wp-\/wp-json\/wp\/v2\/media?parent=1676"}],"wp:term":[{"taxonomy":"category","embeddable":true,"href":"https:\/\/sitetab3.ac-reims.fr\/clg-curie\/-wp-\/wp-json\/wp\/v2\/categories?post=1676"},{"taxonomy":"post_tag","embeddable":true,"href":"https:\/\/sitetab3.ac-reims.fr\/clg-curie\/-wp-\/wp-json\/wp\/v2\/tags?post=1676"}],"curies":[{"name":"wp","href":"https:\/\/api.w.org\/{rel}","templated":true}]}}