{"id":175,"date":"2014-06-03T12:26:20","date_gmt":"2014-06-03T10:26:20","guid":{"rendered":"http:\/\/sitetab3.ac-reims.fr\/clg-curie\/-wp-\/latin\/"},"modified":"2020-06-23T09:08:16","modified_gmt":"2020-06-23T07:08:16","slug":"latin","status":"publish","type":"post","link":"https:\/\/sitetab3.ac-reims.fr\/clg-curie\/-wp-\/latin\/","title":{"rendered":"Latin"},"content":{"rendered":"<p><img loading=\"lazy\" decoding=\"async\" class=\" size-full wp-image-548\" style=\"display: block; margin-left: auto; margin-right: auto;\" src=\"http:\/\/sitetab3.ac-reims.fr\/clg-curie\/-wp-\/wp-content\/uploads\/new_icones\/latin.png\" alt=\"latin\" width=\"258\" height=\"258\" srcset=\"https:\/\/sitetab3.ac-reims.fr\/clg-curie\/-wp-\/wp-content\/uploads\/new_icones\/latin.png 258w, https:\/\/sitetab3.ac-reims.fr\/clg-curie\/-wp-\/wp-content\/uploads\/new_icones\/latin-150x150.png 150w\" sizes=\"(max-width: 258px) 100vw, 258px\" \/><\/p>\n<p style=\"margin-bottom: 0cm; text-align: left;\" align=\"CENTER\"><span style=\"font-size: medium;\"><span style=\"font-family: Palatino Linotype,serif; color: #ff00ff;\"><span><span style=\"text-decoration: underline;\"><strong><img loading=\"lazy\" decoding=\"async\" class=\" size-full wp-image-462\" src=\"http:\/\/sitetab3.ac-reims.fr\/clg-curie\/-wp-\/wp-content\/uploads\/icones\/fleche1-r.png\" alt=\"fleche1-r\" width=\"13\" height=\"13\" \/><\/strong><\/span><\/span><\/span><span style=\"font-family: Palatino Linotype,serif;\"><span><\/span><\/span><span style=\"font-family: Palatino Linotype,serif; color: #0000ff;\"><span><span style=\"text-decoration: underline;\"><strong>PRESENTATION<\/strong><\/span><\/span><\/span><\/span><\/p>\n<p><span style=\"font-size: small;\">Les \u00e9l\u00e8ves scolaris\u00e9s en classe de <\/span><span><span style=\"font-size: small;\">sixi\u00e8me se verront proposer en fin d&rsquo;ann\u00e9e la <strong>possibilit\u00e9 de commencer l&rsquo;option latin en classe de cinqui\u00e8me<\/strong>. Ce choix devra \u00eatre indiqu\u00e9 par les parents sur la fiche-navette au moment du conseil de classe du troisi\u00e8me trimestre.<\/span><\/span><\/p>\n<p style=\"margin-bottom: 0cm;\" align=\"JUSTIFY\"><span><span style=\"font-size: small;\"> L&rsquo;enseignement du latin se fait sur trois heures hebdomadaires en cinqui\u00e8me et en quatri\u00e8me, deux heures hebdomadaires en troisi\u00e8me. Il est souhaitable de bien r\u00e9fl\u00e9chir avant de s&rsquo;engager car nous demandons aux \u00e9l\u00e8ves qui ont choisi l&rsquo;option latin de la poursuivre jusqu&rsquo;en fin de troisi\u00e8me. <\/span><\/span><\/p>\n<p style=\"margin-bottom: 0cm;\" align=\"JUSTIFY\"><span><span style=\"font-size: small;\"> Il peut sembler inutile aujourd&rsquo;hui d&rsquo;ajouter \u00e0 l&#8217;emploi du temps normal une mati\u00e8re suppl\u00e9mentaire, avec des le\u00e7ons \u00e0 apprendre <strong>(tout le travail se fait en classe, il n&rsquo;y a jamais de devoirs \u00e9crits \u00e0 faire \u00e0 la maison)<\/strong>&nbsp;; n\u00e9anmoins, le latin est en r\u00e9alit\u00e9 extr\u00eamement int\u00e9ressant. Il ne s&rsquo;agit pas uniquement de grammaire et de traductions de textes antiques, bien au contraire&nbsp;; l&rsquo;histoire et la civilisation se taillent une belle place dans les programmes, ainsi que l&rsquo;histoire des arts. Le choix de l&rsquo;option se justifie par sa dimension culturelle&nbsp;: elle ouvre l&rsquo;acc\u00e8s \u00e0 des \u0153uvres qui ont contribu\u00e9 \u00e0 la richesse de notre identit\u00e9 contemporaine.<\/span><\/span><\/p>\n<p style=\"margin-bottom: 0cm;\" align=\"JUSTIFY\"><span><span style=\"font-size: small;\"> La langue latine est \u00e0 l&rsquo;origine de nombreuses langues europ\u00e9ennes&nbsp;: l&rsquo;apprendre permet de mieux comprendre le vocabulaire et la grammaire du fran\u00e7ais et des autres langues romanes.<\/span><\/span><\/p>\n<p style=\"margin-bottom: 0cm;\" align=\"JUSTIFY\"><span><span style=\"font-size: small;\"> Beaucoup d&rsquo;\u00e9l\u00e9ments de notre civilisation viennent de la civilisation latine&nbsp;: notre syst\u00e8me politique, notre th\u00e9\u00e2tre et notre litt\u00e9rature, des \u00e9l\u00e9ments de la vie quotidienne, certaines traditions&#8230;<\/span><\/span><\/p>\n<p style=\"margin-bottom: 0cm;\" align=\"JUSTIFY\"><span><span style=\"font-size: small;\"> Les artistes europ\u00e9ens, surtout \u00e0 partir de la Renaissance, se sont largement inspir\u00e9s de cette civilisation, dont on trouve toujours d&rsquo;innombrables traces aujourd&rsquo;hui, que ce soit dans des noms de marques ou des slogans publicitaires.<\/span><\/span><\/p>\n<p style=\"margin-bottom: 0cm;\" align=\"JUSTIFY\"><span><span style=\"font-size: small;\"> <strong>Les efforts des \u00e9l\u00e8ves sont toujours valoris\u00e9s<\/strong>&nbsp;: seuls les points au-dessus de la moyenne sont pris en compte pour le calcul du contr\u00f4le continu au DNB, et ajout\u00e9s au total obtenu. Et l&rsquo;apprentissage du latin peut se r\u00e9v\u00e9ler un atout appr\u00e9ciable pour ceux qui se destinent \u00e0 des \u00e9tudes sup\u00e9rieures de sciences, m\u00e9decine, droit&nbsp;; il est quasiment indispensable \u00e0 ceux qui souhaitent faire des lettres. Enfin, il n&rsquo;est absolument pas n\u00e9cessaire d&rsquo;\u00eatre un \u00e9l\u00e8ve brillant pour suivre en latin et en tirer des b\u00e9n\u00e9fices nombreux&nbsp;; il suffit d&rsquo;\u00eatre attentif en classe et motiv\u00e9.<span style=\"color: #ff0000;\"> Attention cependant, <strong>l&rsquo;option latin est incompatible avec les sections sportives<\/strong>, pour des questions d&#8217;emploi du temps.<\/span><\/span><\/span><\/p>\n<p style=\"margin-bottom: 0cm;\" align=\"JUSTIFY\"><span><span style=\"font-size: small;\"><span style=\"color: #ff0000;\">&nbsp;<\/span><\/span><\/span><\/p>\n<p style=\"margin-bottom: 0cm; text-align: left;\" align=\"CENTER\"><span><span style=\"font-size: small;\"><span style=\"color: #ff0000;\"><\/span><\/span><\/span><span style=\"font-size: medium;\"><span style=\"font-family: Palatino Linotype,serif; color: #ff00ff;\"><span><span style=\"text-decoration: underline;\"><strong><img loading=\"lazy\" decoding=\"async\" class=\" size-full wp-image-462\" src=\"http:\/\/sitetab3.ac-reims.fr\/clg-curie\/-wp-\/wp-content\/uploads\/icones\/fleche1-r.png\" alt=\"fleche1-r\" width=\"13\" height=\"13\" \/><\/strong><\/span><\/span><\/span><span style=\"font-family: Palatino Linotype,serif;\"><span><\/span><\/span><span style=\"font-family: Palatino Linotype,serif; color: #0000ff;\"><span><span style=\"text-decoration: underline;\"><strong>DECOUVERTE<\/strong><\/span><\/span><\/span><\/span><\/p>\n<p style=\"margin-bottom: 0cm;\" align=\"JUSTIFY\"><span><span style=\"font-size: small;\">Les \u00e9l\u00e8ves entendent parler r\u00e9guli\u00e8rement du latin en cours de fran\u00e7ais, en histoire (antiquit\u00e9 au programme de 6\u00e8me), et ont la possibilit\u00e9 de participer \u00e0 une courte s\u00e9ance d&rsquo;initiation. Cette ann\u00e9e un concours d&rsquo;affiches a \u00e9t\u00e9 r\u00e9alis\u00e9 avec le soutien du FSE. <strong>Les gagnants seront r\u00e9compens\u00e9s et recevront leur prix lors d&rsquo;une r\u00e9union \u00e0 laquelle vous, parents, \u00eates tous convi\u00e9s<\/strong>, et au cours de laquelle nous pourrons vous pr\u00e9senter plus pr\u00e9cis\u00e9ment l&rsquo;option latin et r\u00e9pondre \u00e0 toutes vos questions.<\/span><\/span><\/p>\n<p style=\"margin-bottom: 0cm;\" align=\"JUSTIFY\">&nbsp;<\/p>\n<p style=\"margin-bottom: 0cm;\" align=\"RIGHT\"><span><span style=\"font-size: small;\">Cordialement, le professeur de latin, Madame C\u00e9cile Clausse.<\/span><\/span><\/p>\n<p style=\"margin-bottom: 0cm; text-align: left;\" align=\"RIGHT\"><span style=\"font-size: small;\">&nbsp;<\/span><\/p>\n","protected":false},"excerpt":{"rendered":"<p>PRESENTATION Les \u00e9l\u00e8ves scolaris\u00e9s en classe de sixi\u00e8me se verront proposer en fin d&rsquo;ann\u00e9e la possibilit\u00e9 de commencer l&rsquo;option latin en classe de cinqui\u00e8me. Ce choix devra \u00eatre indiqu\u00e9 par les parents sur la fiche-navette au moment du conseil de classe du troisi\u00e8me trimestre. L&rsquo;enseignement du latin se fait sur trois heures hebdomadaires en cinqui\u00e8me [&hellip;]<\/p>\n","protected":false},"author":1,"featured_media":548,"comment_status":"closed","ping_status":"open","sticky":false,"template":"","format":"standard","meta":{"ngg_post_thumbnail":0,"footnotes":""},"categories":[11],"tags":[],"_links":{"self":[{"href":"https:\/\/sitetab3.ac-reims.fr\/clg-curie\/-wp-\/wp-json\/wp\/v2\/posts\/175"}],"collection":[{"href":"https:\/\/sitetab3.ac-reims.fr\/clg-curie\/-wp-\/wp-json\/wp\/v2\/posts"}],"about":[{"href":"https:\/\/sitetab3.ac-reims.fr\/clg-curie\/-wp-\/wp-json\/wp\/v2\/types\/post"}],"author":[{"embeddable":true,"href":"https:\/\/sitetab3.ac-reims.fr\/clg-curie\/-wp-\/wp-json\/wp\/v2\/users\/1"}],"replies":[{"embeddable":true,"href":"https:\/\/sitetab3.ac-reims.fr\/clg-curie\/-wp-\/wp-json\/wp\/v2\/comments?post=175"}],"version-history":[{"count":1,"href":"https:\/\/sitetab3.ac-reims.fr\/clg-curie\/-wp-\/wp-json\/wp\/v2\/posts\/175\/revisions"}],"predecessor-version":[{"id":1174,"href":"https:\/\/sitetab3.ac-reims.fr\/clg-curie\/-wp-\/wp-json\/wp\/v2\/posts\/175\/revisions\/1174"}],"wp:featuredmedia":[{"embeddable":true,"href":"https:\/\/sitetab3.ac-reims.fr\/clg-curie\/-wp-\/wp-json\/wp\/v2\/media\/548"}],"wp:attachment":[{"href":"https:\/\/sitetab3.ac-reims.fr\/clg-curie\/-wp-\/wp-json\/wp\/v2\/media?parent=175"}],"wp:term":[{"taxonomy":"category","embeddable":true,"href":"https:\/\/sitetab3.ac-reims.fr\/clg-curie\/-wp-\/wp-json\/wp\/v2\/categories?post=175"},{"taxonomy":"post_tag","embeddable":true,"href":"https:\/\/sitetab3.ac-reims.fr\/clg-curie\/-wp-\/wp-json\/wp\/v2\/tags?post=175"}],"curies":[{"name":"wp","href":"https:\/\/api.w.org\/{rel}","templated":true}]}}