{"id":239,"date":"2016-01-21T12:55:38","date_gmt":"2016-01-21T11:55:38","guid":{"rendered":"http:\/\/sitetab3.ac-reims.fr\/clg-curie\/-wp-\/edt\/"},"modified":"2020-06-23T09:05:54","modified_gmt":"2020-06-23T07:05:54","slug":"edt","status":"publish","type":"post","link":"https:\/\/sitetab3.ac-reims.fr\/clg-curie\/-wp-\/edt\/","title":{"rendered":"EDT 2015\/2016"},"content":{"rendered":"<p><img loading=\"lazy\" decoding=\"async\" class=\" size-full wp-image-722\" src=\"http:\/\/sitetab3.ac-reims.fr\/clg-curie\/-wp-\/wp-content\/uploads\/new_icones\/edt1.png\" width=\"650\" height=\"167\" alt=\"edt1\" style=\"display: block; margin-left: auto; margin-right: auto;\" srcset=\"https:\/\/sitetab3.ac-reims.fr\/clg-curie\/-wp-\/wp-content\/uploads\/new_icones\/edt1.png 650w, https:\/\/sitetab3.ac-reims.fr\/clg-curie\/-wp-\/wp-content\/uploads\/new_icones\/edt1-300x77.png 300w\" sizes=\"(max-width: 650px) 100vw, 650px\" \/><\/p>\n<p>&nbsp;<\/p>\n<p style=\"text-align: center;\"><a href=\"http:\/\/sitetab3.ac-reims.fr\/clg-curie\/-wp-\/edt-6e\/\" target=\"_blank\">EMPLOIS DU TEMPS NIVEAU 6\u00e8me<\/a><\/p>\n<p style=\"text-align: center;\"><a href=\"http:\/\/sitetab3.ac-reims.fr\/clg-curie\/-wp-\/edt-5e\/\" target=\"_blank\">EMPLOIS DU TEMPS NIVEAU 5\u00e8me<\/a><\/p>\n<p style=\"text-align: center;\"><a href=\"http:\/\/sitetab3.ac-reims.fr\/clg-curie\/-wp-\/edt-4e\/\" target=\"_blank\">EMPLOIS DU TEMPS NIVEAU 4\u00e8me<\/a><\/p>\n<p style=\"text-align: center;\"><a href=\"http:\/\/sitetab3.ac-reims.fr\/clg-curie\/-wp-\/edt-3e\/\" target=\"_blank\">EMPLOIS DU TEMPS NIVEAU 3\u00e8me<\/a><\/p>\n","protected":false},"excerpt":{"rendered":"<p>&nbsp; EMPLOIS DU TEMPS NIVEAU 6\u00e8me EMPLOIS DU TEMPS NIVEAU 5\u00e8me EMPLOIS DU TEMPS NIVEAU 4\u00e8me EMPLOIS DU TEMPS NIVEAU 3\u00e8me<\/p>\n","protected":false},"author":1,"featured_media":722,"comment_status":"closed","ping_status":"open","sticky":false,"template":"","format":"standard","meta":{"ngg_post_thumbnail":0,"footnotes":""},"categories":[2],"tags":[],"_links":{"self":[{"href":"https:\/\/sitetab3.ac-reims.fr\/clg-curie\/-wp-\/wp-json\/wp\/v2\/posts\/239"}],"collection":[{"href":"https:\/\/sitetab3.ac-reims.fr\/clg-curie\/-wp-\/wp-json\/wp\/v2\/posts"}],"about":[{"href":"https:\/\/sitetab3.ac-reims.fr\/clg-curie\/-wp-\/wp-json\/wp\/v2\/types\/post"}],"author":[{"embeddable":true,"href":"https:\/\/sitetab3.ac-reims.fr\/clg-curie\/-wp-\/wp-json\/wp\/v2\/users\/1"}],"replies":[{"embeddable":true,"href":"https:\/\/sitetab3.ac-reims.fr\/clg-curie\/-wp-\/wp-json\/wp\/v2\/comments?post=239"}],"version-history":[{"count":1,"href":"https:\/\/sitetab3.ac-reims.fr\/clg-curie\/-wp-\/wp-json\/wp\/v2\/posts\/239\/revisions"}],"predecessor-version":[{"id":1001,"href":"https:\/\/sitetab3.ac-reims.fr\/clg-curie\/-wp-\/wp-json\/wp\/v2\/posts\/239\/revisions\/1001"}],"wp:featuredmedia":[{"embeddable":true,"href":"https:\/\/sitetab3.ac-reims.fr\/clg-curie\/-wp-\/wp-json\/wp\/v2\/media\/722"}],"wp:attachment":[{"href":"https:\/\/sitetab3.ac-reims.fr\/clg-curie\/-wp-\/wp-json\/wp\/v2\/media?parent=239"}],"wp:term":[{"taxonomy":"category","embeddable":true,"href":"https:\/\/sitetab3.ac-reims.fr\/clg-curie\/-wp-\/wp-json\/wp\/v2\/categories?post=239"},{"taxonomy":"post_tag","embeddable":true,"href":"https:\/\/sitetab3.ac-reims.fr\/clg-curie\/-wp-\/wp-json\/wp\/v2\/tags?post=239"}],"curies":[{"name":"wp","href":"https:\/\/api.w.org\/{rel}","templated":true}]}}