{"id":262,"date":"2017-07-06T12:52:11","date_gmt":"2017-07-06T10:52:11","guid":{"rendered":"http:\/\/sitetab3.ac-reims.fr\/clg-curie\/-wp-\/brigitte-sausay\/"},"modified":"2020-06-23T09:05:20","modified_gmt":"2020-06-23T07:05:20","slug":"brigitte-sausay","status":"publish","type":"post","link":"https:\/\/sitetab3.ac-reims.fr\/clg-curie\/-wp-\/brigitte-sausay\/","title":{"rendered":"Brigitte Sausay"},"content":{"rendered":"<p style=\"margin-bottom: 0.35cm; line-height: 115%; text-align: center;\" align=\"center\"><span style=\"color: #ff0000; font-size: 12pt;\"><span style=\"font-family: Cambria,serif;\"><span style=\"text-decoration: underline;\">PROGRAMME BRIGITTE SAUZAY<\/span><\/span><\/span><\/p>\n<p style=\"margin-bottom: 0.35cm; line-height: 115%;\" align=\"center\">&nbsp;<\/p>\n<p style=\"margin-bottom: 0.35cm; line-height: 115%;\"><span style=\"font-family: Cambria,serif; font-size: 12pt;\">L\u2019OFAJ (Office Franco-Allemand de la Jeunesse) offre la possibilit\u00e9 \u00e0 de jeunes coll\u00e9giens de partir d\u00e9couvrir la langue et la culture allemande.<\/span><\/p>\n<p style=\"margin-bottom: 0.35cm; line-height: 115%;\"><span style=\"font-family: Cambria,serif; font-size: 12pt;\">Toutes les informations sont sur le site de l\u2019OFAG.<\/span><\/p>\n<p style=\"margin-bottom: 0.35cm; line-height: 115%;\"><span style=\"font-size: 12pt; color: #0000ff;\"><a href=\"https:\/\/www.ofaj.org\/programme-brigitte-sauzay\"><span style=\"font-family: Cambria,serif; color: #0000ff;\">https:\/\/www.ofaj.org\/programme-brigitte-sauzay<\/span><\/a><\/span><\/p>\n<p style=\"margin-bottom: 0.35cm; line-height: 115%;\"><img loading=\"lazy\" decoding=\"async\" class=\" size-full wp-image-808\" style=\"border: 1px solid #000000; display: block; margin-left: auto; margin-right: auto;\" src=\"http:\/\/sitetab3.ac-reims.fr\/clg-curie\/-wp-\/wp-content\/uploads\/allemand\/Photo_Aur%C3%A9lien_Jade_et_correspondants_allemands.jpg\" alt=\"Photo Aur\u00e9lien Jade et correspondants allemands\" width=\"650\" height=\"482\" \/><\/p>\n<p style=\"margin-bottom: 0.35cm; line-height: 115%; text-align: center;\"><span style=\"font-size: 12pt;\"><span style=\"text-decoration: underline;\"><span style=\"font-size: 10pt;\"><em><span style=\"font-family: Cambria,serif;\">Aur\u00e9lien et son correspondant Lukas, Jade et sa correspondante Nike, \u00e9l\u00e8ves de 4<\/span><sup><span style=\"font-family: Cambria,serif;\">\u00e8me<\/span><\/sup><\/em><\/span><\/span><\/span><\/p>\n<p style=\"margin-bottom: 0.35cm; line-height: 115%; text-align: left;\"><span style=\"font-size: 12pt;\"><span style=\"font-family: Cambria,serif;\"><\/p>\n<p><\/span><span style=\"font-family: Cambria,serif;\">Quelques t\u00e9moignages d&rsquo;\u00e9l\u00e8ves ayant particip\u00e9 au programme BRIGITTE SAUZAY:<br \/><\/span><\/span><\/p>\n<p style=\"margin-bottom: 0.35cm; line-height: 115%; text-align: left;\"><span style=\"color: #000000;\"><strong><span style=\"font-size: 12pt;\"><a href=\"http:\/\/sitetab3.ac-reims.fr\/clg-curie\/-wp-\/temoignage-jade\/\"><span style=\"color: #000000;\">&#8211; s\u00e9jour de 2 mois de Jade<\/span><\/a><\/span><\/strong><\/span><\/p>\n<p style=\"margin-bottom: 0.35cm; line-height: 115%; text-align: left;\"><span style=\"color: #000000;\"><strong><span style=\"font-size: 12pt;\">&#8211; <a href=\"https:\/\/fr.calameo.com\/read\/00505102662315001a94a\" target=\"_blank\"><span style=\"color: #000000;\">s\u00e9jour d&rsquo; 1 mois d&rsquo;Aur\u00e9lien<\/span><\/a><\/span><\/strong><\/span><\/p>\n<p style=\"margin-bottom: 0.35cm; line-height: 115%; text-align: left;\">&nbsp;<\/p>\n","protected":false},"excerpt":{"rendered":"<p>PROGRAMME BRIGITTE SAUZAY &nbsp; L\u2019OFAJ (Office Franco-Allemand de la Jeunesse) offre la possibilit\u00e9 \u00e0 de jeunes coll\u00e9giens de partir d\u00e9couvrir la langue et la culture allemande. Toutes les informations sont sur le site de l\u2019OFAG. https:\/\/www.ofaj.org\/programme-brigitte-sauzay Aur\u00e9lien et son correspondant Lukas, Jade et sa correspondante Nike, \u00e9l\u00e8ves de 4\u00e8me Quelques t\u00e9moignages d&rsquo;\u00e9l\u00e8ves ayant particip\u00e9 au [&hellip;]<\/p>\n","protected":false},"author":1,"featured_media":808,"comment_status":"closed","ping_status":"open","sticky":false,"template":"","format":"standard","meta":{"ngg_post_thumbnail":0,"footnotes":""},"categories":[11],"tags":[],"_links":{"self":[{"href":"https:\/\/sitetab3.ac-reims.fr\/clg-curie\/-wp-\/wp-json\/wp\/v2\/posts\/262"}],"collection":[{"href":"https:\/\/sitetab3.ac-reims.fr\/clg-curie\/-wp-\/wp-json\/wp\/v2\/posts"}],"about":[{"href":"https:\/\/sitetab3.ac-reims.fr\/clg-curie\/-wp-\/wp-json\/wp\/v2\/types\/post"}],"author":[{"embeddable":true,"href":"https:\/\/sitetab3.ac-reims.fr\/clg-curie\/-wp-\/wp-json\/wp\/v2\/users\/1"}],"replies":[{"embeddable":true,"href":"https:\/\/sitetab3.ac-reims.fr\/clg-curie\/-wp-\/wp-json\/wp\/v2\/comments?post=262"}],"version-history":[{"count":1,"href":"https:\/\/sitetab3.ac-reims.fr\/clg-curie\/-wp-\/wp-json\/wp\/v2\/posts\/262\/revisions"}],"predecessor-version":[{"id":1003,"href":"https:\/\/sitetab3.ac-reims.fr\/clg-curie\/-wp-\/wp-json\/wp\/v2\/posts\/262\/revisions\/1003"}],"wp:featuredmedia":[{"embeddable":true,"href":"https:\/\/sitetab3.ac-reims.fr\/clg-curie\/-wp-\/wp-json\/wp\/v2\/media\/808"}],"wp:attachment":[{"href":"https:\/\/sitetab3.ac-reims.fr\/clg-curie\/-wp-\/wp-json\/wp\/v2\/media?parent=262"}],"wp:term":[{"taxonomy":"category","embeddable":true,"href":"https:\/\/sitetab3.ac-reims.fr\/clg-curie\/-wp-\/wp-json\/wp\/v2\/categories?post=262"},{"taxonomy":"post_tag","embeddable":true,"href":"https:\/\/sitetab3.ac-reims.fr\/clg-curie\/-wp-\/wp-json\/wp\/v2\/tags?post=262"}],"curies":[{"name":"wp","href":"https:\/\/api.w.org\/{rel}","templated":true}]}}