{"id":267,"date":"2017-11-10T08:45:34","date_gmt":"2017-11-10T07:45:34","guid":{"rendered":"http:\/\/sitetab3.ac-reims.fr\/clg-curie\/-wp-\/cv-allemand\/"},"modified":"2020-06-23T09:04:51","modified_gmt":"2020-06-23T07:04:51","slug":"cv-allemand","status":"publish","type":"post","link":"https:\/\/sitetab3.ac-reims.fr\/clg-curie\/-wp-\/cv-allemand\/","title":{"rendered":"cv allemand"},"content":{"rendered":"<p><img loading=\"lazy\" decoding=\"async\" class=\" size-full wp-image-453\" src=\"http:\/\/sitetab3.ac-reims.fr\/clg-curie\/-wp-\/wp-content\/uploads\/icones\/fleche_grand_titre.png\" alt=\"fleche grand titre\" height=\"52\" width=\"50\" \/>&nbsp; <span style=\"font-size: 12pt;\"><strong><span style=\"text-decoration: underline;\"><span style=\"font-family: 'Cambria',serif; color: #c00000;\">La Certification en Allemand : Inscris-toi et enrichis ton CV&nbsp;!<\/span><\/span><\/strong><\/span><\/p>\n<p style=\"text-indent: 35.4pt;\"><span style=\"font-size: 12pt;\"><strong><em><span style=\"text-decoration: underline;\"><span style=\"font-family: 'Cambria',serif; color: #3333ff;\"><br \/> Qu&rsquo;est-ce-que c&rsquo;est&nbsp;?<\/span><\/span><\/em><\/strong><\/span><\/p>\n<p style=\"text-indent: 35.4pt;\"><span style=\"font-family: 'Cambria',serif; font-size: 12pt;\">La <span style=\"color: #0066cc;\">C<em>ertification e<\/em>n Allemand<\/span> est un <strong>dipl\u00f4me europ\u00e9en <\/strong>qui montre une \u00e9troite collaboration entre la<strong> France<\/strong> et l\u2019<strong>Allemagne<\/strong>. Ce dipl\u00f4me est valable <strong>\u00e0 vie <\/strong>et permet au candidat d&rsquo;<strong>enrichir son CV <\/strong>puisque ma\u00eetriser l&rsquo;allemand est de plus en plus appr\u00e9ci\u00e9 sur le march\u00e9 de l&#8217;emploi. Il a pour but d&rsquo;<strong>attester leur niveau<\/strong> dans les 4 activit\u00e9s langagi\u00e8res selon le CECRL (Cadre Europ\u00e9en Commun de R\u00e9f\u00e9rence pour les Langues).<\/p>\n<p> <strong><em><span style=\"text-decoration: underline;\"><span style=\"color: #3333ff;\">Qui peut s&rsquo;inscrire&nbsp;?<\/span><\/span><\/em><\/strong><\/span><\/p>\n<p style=\"text-align: justify; text-indent: 35.4pt;\"><span style=\"font-family: 'Cambria',serif; font-size: 12pt;\">La <span style=\"color: #0066cc;\">Ce<em>rtification<\/em><\/span> est destin\u00e9e aux \u00e9l\u00e8ves de classes de 3<sup>\u00e8me<\/sup> et de Seconde. L\u2019inscription est <strong>gratuite <\/strong>et est propos\u00e9e \u00e0 l\u2019ensemble des \u00e9l\u00e8ves ayant un niveau correct. R\u00e9ussir ce dipl\u00f4me aura donc un impact sur sa <strong>motivation <\/strong>et son <strong>implication<\/strong> en cours d\u2019allemand. <\/p>\n<p> <strong><em><span style=\"text-decoration: underline;\"><span style=\"color: #3333ff;\">Comment se d\u00e9roule les \u00e9preuves&nbsp;?<\/span><\/span><\/em><\/strong><\/span><\/p>\n<p style=\"text-align: justify; line-height: normal;\"><span style=\"font-family: 'Cambria',serif; font-size: 12pt;\"> Il s\u2019agit d\u2019un <strong>examen<\/strong> \u00e0 caract\u00e8re <strong>national <\/strong>qui se compose en <strong>deux <\/strong>p\u00e9riodes&nbsp;:<\/p>\n<p> <strong><span style=\"color: #006600;\">1\/ <span style=\"text-decoration: underline;\">Tests \u00e9crits&nbsp;<\/span>:<\/span><\/strong> \u00c9valuation de <strong>trois <\/strong>activit\u00e9s langagi\u00e8res dans un ordre pr\u00e9cis&nbsp;le m\u00eame jour : <\/span><\/p>\n<p style=\"text-align: justify; text-indent: -18pt; line-height: normal;\"><span style=\"font-size: 12pt;\"><span style=\"font-family: Wingdings;\">\u00f0<span style=\"font-family: 'Times New Roman'; font-style: normal; font-weight: normal; line-height: normal; font-size-adjust: none; font-stretch: normal; font-feature-settings: normal; font-language-override: normal; font-kerning: auto; font-variant: normal;\">&nbsp; <\/span><\/span><span style=\"font-family: 'Cambria',serif;\">La <strong>compr\u00e9hension de l\u2019\u00e9crit <\/strong>(60 Min+ 5 Min de report des r\u00e9ponses)<\/span><\/span><\/p>\n<p style=\"text-align: justify; text-indent: -18pt; line-height: normal;\"><span style=\"font-size: 12pt;\"><span style=\"font-family: Wingdings;\">\u00f0<span style=\"font-family: 'Times New Roman'; font-style: normal; font-weight: normal; line-height: normal; font-size-adjust: none; font-stretch: normal; font-feature-settings: normal; font-language-override: normal; font-kerning: auto; font-variant: normal;\">&nbsp; <\/span><\/span><span style=\"font-family: 'Cambria',serif;\">La <strong>compr\u00e9hension de l\u2019oral<\/strong> (30 Min + 5 min de report des r\u00e9ponses). <\/span><\/span><\/p>\n<p style=\"text-align: justify; text-indent: -18pt; line-height: normal;\"><span style=\"font-size: 12pt;\"><span style=\"font-family: Wingdings; color: #006600;\">\u00f0<span style=\"font-family: 'Times New Roman'; font-style: normal; font-weight: normal; line-height: normal; font-size-adjust: none; font-stretch: normal; font-feature-settings: normal; font-language-override: normal; font-kerning: auto; font-variant: normal;\">&nbsp; <\/span><\/span><span style=\"font-family: 'Cambria',serif;\">L\u2019<strong>expression \u00e9crite<\/strong> (60 min)<\/span><\/span><\/p>\n<p style=\"text-align: justify; line-height: normal;\"><span style=\"font-size: 12pt;\"><strong><span style=\"font-family: 'Cambria',serif; color: #006600;\">2\/ <span style=\"text-decoration: underline;\">Tests oraux<\/span>&nbsp;:<\/span><\/strong><span style=\"font-family: 'Cambria',serif;\"> \u00c9valuation de l&rsquo;<strong>expression et d\u2019interaction orale<\/strong> (15 min). Une convocation sera remise \u00e0 l&rsquo;\u00e9l\u00e8ve pour cette \u00e9preuve et elle devra \u00eatre pr\u00e9sent\u00e9e le jour de l&rsquo;oral.<\/span><\/span><\/p>\n<p style=\"line-height: normal;\"><span style=\"font-size: 12pt;\"><strong><em><span style=\"text-decoration: underline;\"><span style=\"font-family: 'Cambria',serif; color: #0000cc;\"><br \/> Comment sont \u00e9valu\u00e9es les \u00e9preuves&nbsp;?<\/span><\/span><\/em><\/strong><span style=\"font-family: 'Cambria',serif;\"><\/p>\n<p> La certification est not\u00e9e au total sur <strong>96 points<\/strong>. <\/p>\n<p> L\u2019\u00e9valuation des activit\u00e9s langagi\u00e8res est r\u00e9partie de mani\u00e8re \u00e9quilibr\u00e9e&nbsp;: <strong>24 points <\/strong>par activit\u00e9 langagi\u00e8re. (Il n\u2019y a pas de compensation possible entre les diff\u00e9rentes parties des \u00e9preuves.) <\/span><\/span><\/p>\n<p style=\"text-align: justify; line-height: normal;\"><span style=\"font-family: 'Cambria',serif; font-size: 12pt;\">Pour certifier le <strong><em>niveau A2<\/em><\/strong>, il faut que le candidat obtienne <strong>8 points <\/strong>par activit\u00e9 langagi\u00e8re. <\/span><\/p>\n<p style=\"text-align: justify; line-height: normal;\"><span style=\"font-family: 'Cambria',serif; font-size: 12pt;\">Pour certifier le <strong><em>niveau B1<\/em><\/strong>, il faut que le candidat obtienne <strong>14 points <\/strong>pour les \u00e9preuves de compr\u00e9hension et <strong>12 points<\/strong> pour les \u00e9preuves de communication.<\/span><\/p>\n","protected":false},"excerpt":{"rendered":"<p>&nbsp; La Certification en Allemand : Inscris-toi et enrichis ton CV&nbsp;! Qu&rsquo;est-ce-que c&rsquo;est&nbsp;? La Certification en Allemand est un dipl\u00f4me europ\u00e9en qui montre une \u00e9troite collaboration entre la France et l\u2019Allemagne. Ce dipl\u00f4me est valable \u00e0 vie et permet au candidat d&rsquo;enrichir son CV puisque ma\u00eetriser l&rsquo;allemand est de plus en plus appr\u00e9ci\u00e9 sur le [&hellip;]<\/p>\n","protected":false},"author":1,"featured_media":453,"comment_status":"closed","ping_status":"open","sticky":false,"template":"","format":"standard","meta":{"ngg_post_thumbnail":0,"footnotes":""},"categories":[11],"tags":[],"_links":{"self":[{"href":"https:\/\/sitetab3.ac-reims.fr\/clg-curie\/-wp-\/wp-json\/wp\/v2\/posts\/267"}],"collection":[{"href":"https:\/\/sitetab3.ac-reims.fr\/clg-curie\/-wp-\/wp-json\/wp\/v2\/posts"}],"about":[{"href":"https:\/\/sitetab3.ac-reims.fr\/clg-curie\/-wp-\/wp-json\/wp\/v2\/types\/post"}],"author":[{"embeddable":true,"href":"https:\/\/sitetab3.ac-reims.fr\/clg-curie\/-wp-\/wp-json\/wp\/v2\/users\/1"}],"replies":[{"embeddable":true,"href":"https:\/\/sitetab3.ac-reims.fr\/clg-curie\/-wp-\/wp-json\/wp\/v2\/comments?post=267"}],"version-history":[{"count":1,"href":"https:\/\/sitetab3.ac-reims.fr\/clg-curie\/-wp-\/wp-json\/wp\/v2\/posts\/267\/revisions"}],"predecessor-version":[{"id":1079,"href":"https:\/\/sitetab3.ac-reims.fr\/clg-curie\/-wp-\/wp-json\/wp\/v2\/posts\/267\/revisions\/1079"}],"wp:featuredmedia":[{"embeddable":true,"href":"https:\/\/sitetab3.ac-reims.fr\/clg-curie\/-wp-\/wp-json\/wp\/v2\/media\/453"}],"wp:attachment":[{"href":"https:\/\/sitetab3.ac-reims.fr\/clg-curie\/-wp-\/wp-json\/wp\/v2\/media?parent=267"}],"wp:term":[{"taxonomy":"category","embeddable":true,"href":"https:\/\/sitetab3.ac-reims.fr\/clg-curie\/-wp-\/wp-json\/wp\/v2\/categories?post=267"},{"taxonomy":"post_tag","embeddable":true,"href":"https:\/\/sitetab3.ac-reims.fr\/clg-curie\/-wp-\/wp-json\/wp\/v2\/tags?post=267"}],"curies":[{"name":"wp","href":"https:\/\/api.w.org\/{rel}","templated":true}]}}