{"id":269,"date":"2019-02-06T23:27:00","date_gmt":"2019-02-06T22:27:00","guid":{"rendered":"http:\/\/sitetab3.ac-reims.fr\/clg-curie\/-wp-\/jfaa\/"},"modified":"2020-06-23T09:04:09","modified_gmt":"2020-06-23T07:04:09","slug":"jfaa","status":"publish","type":"post","link":"https:\/\/sitetab3.ac-reims.fr\/clg-curie\/-wp-\/jfaa\/","title":{"rendered":"Journ\u00e9e Franco-Allemande"},"content":{"rendered":"<p>&nbsp;<\/p>\n<p><img loading=\"lazy\" decoding=\"async\" class=\" size-full wp-image-820\" style=\"display: block; margin-left: auto; margin-right: auto;\" src=\"http:\/\/sitetab3.ac-reims.fr\/clg-curie\/-wp-\/wp-content\/uploads\/allemand\/Franco_allm.jpg\" alt=\"Franco allm\" width=\"243\" height=\"139\" \/><\/p>\n<p>&nbsp;<\/p>\n<p style=\"margin: 0cm 0cm 0.0001pt; text-align: center;\" align=\"center\"><span style=\"font-size: 16pt;\">Mardi 22 janvier 2019<\/span><\/p>\n<p style=\"margin: 0cm 0cm 0.0001pt; text-align: center;\" align=\"center\">&nbsp;<\/p>\n<p style=\"margin: 0cm 0cm 0.0001pt; text-align: center;\" align=\"center\"><span style=\"font-size: 16pt; color: red;\">Deutsch-franz\u00f6sicher Tag \u2013 F\u00eate de l\u2019amiti\u00e9 franco-allemande<\/span><\/p>\n<p style=\"margin: 0cm 0cm 0.0001pt; text-align: center;\" align=\"center\">&nbsp;<\/p>\n<p style=\"margin: 0cm 0cm 0.0001pt; text-align: center;\" align=\"center\"><span style=\"font-size: 16pt; color: #ffcc00;\">au coll\u00e8ge Marie Curie<\/span><\/p>\n<p style=\"margin: 0cm 0cm 0.0001pt; text-align: center;\" align=\"center\">&nbsp;<\/p>\n<p style=\"text-align: justify;\">&nbsp;<\/p>\n<p style=\"text-align: justify;\"><span style=\"font-size: 12pt;\">&nbsp; <span style=\"font-size: 10pt;\">&nbsp;Afin de comm\u00e9morer l\u2019amiti\u00e9 franco-allemande suite au trait\u00e9 de l\u2019Elys\u00e9e en 1963, les \u00e9l\u00e8ves de&nbsp; 5<sup>\u00e8me<\/sup> 3 et 5<sup>\u00e8me<\/sup> 2 ont cr\u00e9\u00e9 des affiches sur le th\u00e8me de l\u2019amiti\u00e9 franco-allemande.&nbsp;<\/span><\/span><\/p>\n<p style=\"text-align: center;\"><img loading=\"lazy\" decoding=\"async\" class=\" size-full wp-image-821\" style=\"border: 1px solid #000000; display: block; margin-left: auto; margin-right: auto;\" src=\"http:\/\/sitetab3.ac-reims.fr\/clg-curie\/-wp-\/wp-content\/uploads\/allemand\/PHOTO_1.jpg\" alt=\"PHOTO 1\" width=\"600\" height=\"349\" srcset=\"https:\/\/sitetab3.ac-reims.fr\/clg-curie\/-wp-\/wp-content\/uploads\/allemand\/PHOTO_1.jpg 673w, https:\/\/sitetab3.ac-reims.fr\/clg-curie\/-wp-\/wp-content\/uploads\/allemand\/PHOTO_1-300x175.jpg 300w\" sizes=\"(max-width: 600px) 100vw, 600px\" \/><br \/><span style=\"text-decoration: underline;\"><span style=\"color: #800000; text-decoration: underline;\"><span style=\"font-size: 13.3333px;\">Une exposition au CDI a \u00e9t\u00e9 mise en place du 22 janvier au 8 f\u00e9vrier 2019<\/span><\/span><\/span><\/p>\n<p style=\"text-align: center;\"><span style=\"font-size: 18pt; color: #ff9900;\">&nbsp;<\/span><\/p>\n<p><img loading=\"lazy\" decoding=\"async\" class=\" size-full wp-image-822\" style=\"display: block; margin-left: auto; margin-right: auto; border: 1px solid #000000;\" src=\"http:\/\/sitetab3.ac-reims.fr\/clg-curie\/-wp-\/wp-content\/uploads\/allemand\/PHOTO_2.jpg\" alt=\"PHOTO 2\" width=\"600\" height=\"353\" srcset=\"https:\/\/sitetab3.ac-reims.fr\/clg-curie\/-wp-\/wp-content\/uploads\/allemand\/PHOTO_2.jpg 666w, https:\/\/sitetab3.ac-reims.fr\/clg-curie\/-wp-\/wp-content\/uploads\/allemand\/PHOTO_2-300x177.jpg 300w\" sizes=\"(max-width: 600px) 100vw, 600px\" \/><\/p>\n<p style=\"text-align: center;\"><span style=\"text-decoration: underline;\"><span style=\"color: #800000; text-decoration: underline;\">&nbsp;<span style=\"font-size: 13.3333px;\">Un Dress-code aux couleurs de l\u2019Allemagne a \u00e9t\u00e9 mis en place par les \u00e9l\u00e8ves germanistes.<\/span><\/span><\/span><\/p>\n<p style=\"text-align: center;\">&nbsp;<\/p>\n<p style=\"text-align: justify;\"><span style=\"font-size: 10pt;\">Des \u00e9l\u00e8ves de 6<sup>\u00e8me<\/sup> ont pu assister \u00e0 une promotion de l\u2019allemand en salle polyvalente afin de briser certains st\u00e9r\u00e9otypes sur la langue et sa culture. Des cadeaux de l\u2019OFAJ (Office Franco-Allemand de la Jeunesse) ont \u00e9t\u00e9 distribu\u00e9s aux \u00e9l\u00e8ves de 6<sup>\u00e8me<\/sup> par les \u00e9l\u00e8ves germanistes pr\u00e9sents.<\/span><\/p>\n<p>&nbsp;<img loading=\"lazy\" decoding=\"async\" class=\" size-full wp-image-823\" style=\"border: 1px solid #000000; display: block; margin-left: auto; margin-right: auto;\" src=\"http:\/\/sitetab3.ac-reims.fr\/clg-curie\/-wp-\/wp-content\/uploads\/allemand\/PHOTO_3.jpg\" alt=\"PHOTO 3\" width=\"600\" height=\"349\" srcset=\"https:\/\/sitetab3.ac-reims.fr\/clg-curie\/-wp-\/wp-content\/uploads\/allemand\/PHOTO_3.jpg 673w, https:\/\/sitetab3.ac-reims.fr\/clg-curie\/-wp-\/wp-content\/uploads\/allemand\/PHOTO_3-300x175.jpg 300w\" sizes=\"(max-width: 600px) 100vw, 600px\" \/><\/p>\n<p style=\"text-align: center;\"><span style=\"text-decoration: underline;\"><span style=\"font-size: 10pt; color: #800000; text-decoration: underline;\"><span style=\"font-size: 13.3333px;\">Distribution de cadeaux de l\u2019OFAJ<\/span><\/span><\/span><\/p>\n<p><span style=\"font-size: 10pt;\">&nbsp;<\/span><\/p>\n<p><img loading=\"lazy\" decoding=\"async\" class=\" size-full wp-image-824\" style=\"border: 1px solid #000000; display: block; margin-left: auto; margin-right: auto;\" src=\"http:\/\/sitetab3.ac-reims.fr\/clg-curie\/-wp-\/wp-content\/uploads\/allemand\/PHOTO_4.jpg\" alt=\"PHOTO 4\" width=\"600\" height=\"353\" srcset=\"https:\/\/sitetab3.ac-reims.fr\/clg-curie\/-wp-\/wp-content\/uploads\/allemand\/PHOTO_4.jpg 666w, https:\/\/sitetab3.ac-reims.fr\/clg-curie\/-wp-\/wp-content\/uploads\/allemand\/PHOTO_4-300x177.jpg 300w\" sizes=\"(max-width: 600px) 100vw, 600px\" \/><\/p>\n<p style=\"text-align: center;\"><span style=\"text-decoration: underline;\"><span style=\"color: #800000; text-decoration: underline;\"><span style=\"font-size: 13.3333px;\">&nbsp;Les \u00e9l\u00e8ves de 5<\/span><sup>\u00e8me<\/sup><span style=\"font-size: 13.3333px;\">&nbsp;2 ont pu jouer des sayn\u00e8tes au restaurant allemand dans lesquelles ils d\u00e9couvraient des sp\u00e9cialit\u00e9s culinaires &nbsp;allemandes.<\/span><\/span><\/span><\/p>\n<p style=\"text-align: justify;\">&nbsp;<\/p>\n<p style=\"text-align: justify;\"><span style=\"font-size: 10pt;\">Un quiz franco-allemand a \u00e9t\u00e9 organis\u00e9 \u00e0 partir de cette f\u00eate pour tous les \u00e9l\u00e8ves de 6<sup>\u00e8me<\/sup>. Les \u00e9l\u00e8ves volontaires qui souhaitent y participer, ont jusqu\u2019au vendredi 8 f\u00e9vrier pour le remplir et le d\u00e9poser soit au CDI soit en salle 225 aupr\u00e8s de Mme Rivi\u00e8re. Ils peuvent s\u2019aider des affiches au CDI, de manuels, de ressources internet ou m\u00eame se faire aider par un \u00e9l\u00e8ve germaniste. Les r\u00e9sultats des gagnants seront connus apr\u00e8s les vacances de f\u00e9vrier.<\/span><\/p>\n<p><span style=\"font-size: 10pt;\"> Merci \u00e0 tous les participants \u00e0 cette journ\u00e9e.<\/span><\/p>\n<p style=\"text-align: justify;\"><em><span style=\"font-size: 12pt; color: #000000;\"> Vive l\u2019amiti\u00e9 franco-allemande&nbsp;! Es lebe die deutsch-franz\u00f6sische Freundschaft&nbsp;! <\/span><\/em><br \/><span style=\"color: navy; font-size: 10pt;\"><span style=\"font-size: 12pt; line-height: 115%; font-family: Calibri, sans-serif;\"><em> <br \/> <\/em><\/span><br \/> <\/span><\/p>\n<p>&nbsp;<\/p>\n<p>&nbsp;<\/p>\n<p>&nbsp;<\/p>\n","protected":false},"excerpt":{"rendered":"<p>&nbsp; &nbsp; Mardi 22 janvier 2019 &nbsp; Deutsch-franz\u00f6sicher Tag \u2013 F\u00eate de l\u2019amiti\u00e9 franco-allemande &nbsp; au coll\u00e8ge Marie Curie &nbsp; &nbsp; &nbsp; &nbsp;Afin de comm\u00e9morer l\u2019amiti\u00e9 franco-allemande suite au trait\u00e9 de l\u2019Elys\u00e9e en 1963, les \u00e9l\u00e8ves de&nbsp; 5\u00e8me 3 et 5\u00e8me 2 ont cr\u00e9\u00e9 des affiches sur le th\u00e8me de l\u2019amiti\u00e9 franco-allemande.&nbsp; Une exposition au [&hellip;]<\/p>\n","protected":false},"author":1,"featured_media":820,"comment_status":"closed","ping_status":"open","sticky":false,"template":"","format":"standard","meta":{"ngg_post_thumbnail":0,"footnotes":""},"categories":[11],"tags":[],"_links":{"self":[{"href":"https:\/\/sitetab3.ac-reims.fr\/clg-curie\/-wp-\/wp-json\/wp\/v2\/posts\/269"}],"collection":[{"href":"https:\/\/sitetab3.ac-reims.fr\/clg-curie\/-wp-\/wp-json\/wp\/v2\/posts"}],"about":[{"href":"https:\/\/sitetab3.ac-reims.fr\/clg-curie\/-wp-\/wp-json\/wp\/v2\/types\/post"}],"author":[{"embeddable":true,"href":"https:\/\/sitetab3.ac-reims.fr\/clg-curie\/-wp-\/wp-json\/wp\/v2\/users\/1"}],"replies":[{"embeddable":true,"href":"https:\/\/sitetab3.ac-reims.fr\/clg-curie\/-wp-\/wp-json\/wp\/v2\/comments?post=269"}],"version-history":[{"count":1,"href":"https:\/\/sitetab3.ac-reims.fr\/clg-curie\/-wp-\/wp-json\/wp\/v2\/posts\/269\/revisions"}],"predecessor-version":[{"id":1055,"href":"https:\/\/sitetab3.ac-reims.fr\/clg-curie\/-wp-\/wp-json\/wp\/v2\/posts\/269\/revisions\/1055"}],"wp:featuredmedia":[{"embeddable":true,"href":"https:\/\/sitetab3.ac-reims.fr\/clg-curie\/-wp-\/wp-json\/wp\/v2\/media\/820"}],"wp:attachment":[{"href":"https:\/\/sitetab3.ac-reims.fr\/clg-curie\/-wp-\/wp-json\/wp\/v2\/media?parent=269"}],"wp:term":[{"taxonomy":"category","embeddable":true,"href":"https:\/\/sitetab3.ac-reims.fr\/clg-curie\/-wp-\/wp-json\/wp\/v2\/categories?post=269"},{"taxonomy":"post_tag","embeddable":true,"href":"https:\/\/sitetab3.ac-reims.fr\/clg-curie\/-wp-\/wp-json\/wp\/v2\/tags?post=269"}],"curies":[{"name":"wp","href":"https:\/\/api.w.org\/{rel}","templated":true}]}}