{"id":271,"date":"2018-02-22T12:17:53","date_gmt":"2018-02-22T11:17:53","guid":{"rendered":"http:\/\/sitetab3.ac-reims.fr\/clg-curie\/-wp-\/temoignage-jade-2\/"},"modified":"2020-06-23T09:04:51","modified_gmt":"2020-06-23T07:04:51","slug":"temoignage-jade-2","status":"publish","type":"post","link":"https:\/\/sitetab3.ac-reims.fr\/clg-curie\/-wp-\/temoignage-jade-2\/","title":{"rendered":"T\u00e9moignage Jade"},"content":{"rendered":"<p style=\"margin-bottom: 0cm; text-align: center;\"><span style=\"color: #0066cc; font-size: 10pt;\"> <strong>VOYAGE BRIGITTE SAUZAY <\/strong><strong>DE<\/strong><strong> JADE BRELET<\/strong><br \/> <em> de novembre \u00e0 janvier 2017<\/em><\/span><\/p>\n<p style=\"margin-bottom: 0cm; text-align: center;\"><img loading=\"lazy\" decoding=\"async\" class=\" size-full wp-image-825\" src=\"http:\/\/sitetab3.ac-reims.fr\/clg-curie\/-wp-\/wp-content\/uploads\/allemand\/photo1Jade.jpg\" alt=\"photo1Jade\" style=\"display: block; margin-left: auto; margin-right: auto; border: 1px solid #000000;\" width=\"308\" height=\"220\" srcset=\"https:\/\/sitetab3.ac-reims.fr\/clg-curie\/-wp-\/wp-content\/uploads\/allemand\/photo1Jade.jpg 308w, https:\/\/sitetab3.ac-reims.fr\/clg-curie\/-wp-\/wp-content\/uploads\/allemand\/photo1Jade-300x214.jpg 300w\" sizes=\"(max-width: 308px) 100vw, 308px\" \/><\/p>\n<p style=\"margin-bottom: 0cm;\" align=\"justify\"><span style=\"font-size: 10pt;\">J&rsquo;\u00e9tais dans une famille de 4 personnes. Ma correspondante Nike avait un grand fr\u00e8re et j&rsquo; habitais \u00e0 Hardgsen un petit village.Je suis all\u00e9e dans un coll\u00e8ge \u00e0 Northeim une grande ville \u00e0 cot\u00e9 de Hardgsen.<\/span><\/p>\n<p style=\"margin-bottom: 0cm;\" align=\"justify\"><span style=\"font-size: 10pt;\">Pendant mon s\u00e9jour de 2 mois, je suis all\u00e9e \u00e0 Hambourg, \u00e0 Berlin, \u00e0 Hanovre, \u00e0 Bad Bevensen et \u00e0 St-Peter-Ording dans la mer du nord.<\/span><\/p>\n<p style=\"margin-bottom: 0cm;\" align=\"justify\"><span style=\"font-size: 10pt;\">Je suis all\u00e9e voir beaucoup de concert de no\u00ebl, de march\u00e9s de no\u00ebl aussi, je suis all\u00e9e plusieurs fois \u00e0 la patinoire, voir une com\u00e9die musicale (Aladdin), j&rsquo;ai visit\u00e9 le Bundestag (parlement allemand) et je suis partie en vacances \u00e0 la mer.<\/span><\/p>\n<p style=\"margin-bottom: 0cm;\" align=\"justify\"><span style=\"font-size: 10pt;\">Au coll\u00e8ge, il n&rsquo;y a pas de grillage ,CPE ,carnet , les professeurs ont plus un rapport amical avec les \u00e9l\u00e8ves (les \u00e9l\u00e8ves tutoient les professeurs par exemple) et les \u00e9l\u00e8ves sont plus libres. Les \u00e9l\u00e8ves n&rsquo;ont cours que le matin de 7h45 \u00e0 13h et des r\u00e9cr\u00e9ations de 20 min entre chaque cours de 1h30, il y a donc 3 cours dans la journ\u00e9e.<\/span><\/p>\n<p style=\"margin-bottom: 0cm;\" align=\"justify\"><span style=\"font-size: 10pt;\">Dans la vie quotidienne, la nourriture n&rsquo;est pas tr\u00e8s diff\u00e9rente, mais les heures des repas sont diff\u00e9rentes: 6h30,10h30,14h30 et 18h et ils boivent plut\u00f4t des boissons gazeuses, bi\u00e8res ou vins.<\/span><\/p>\n<p style=\"margin-bottom: 0cm;\" align=\"justify\"><span style=\"font-size: 10pt;\">J&rsquo;ai bien aim\u00e9 d\u00e9couvrir l&rsquo;Allemagne pendant les p\u00e9riodes de No\u00ebl: c&rsquo;\u00e9tait magnifique! J&rsquo;avais une famille d\u2019accueil super. Mais ma famille et mes amis m&rsquo;ont beaucoup manqu\u00e9. Depuis, nous avons gard\u00e9 contact avec ma correspondante Nike.<\/span><\/p>\n<p style=\"margin-bottom: 0cm;\" align=\"justify\"><img loading=\"lazy\" decoding=\"async\" class=\" size-full wp-image-826\" src=\"http:\/\/sitetab3.ac-reims.fr\/clg-curie\/-wp-\/wp-content\/uploads\/allemand\/photo2Jade.jpg\" alt=\"photo2Jade\" style=\"border: 1px solid #000000;\" width=\"326\" height=\"248\" srcset=\"https:\/\/sitetab3.ac-reims.fr\/clg-curie\/-wp-\/wp-content\/uploads\/allemand\/photo2Jade.jpg 326w, https:\/\/sitetab3.ac-reims.fr\/clg-curie\/-wp-\/wp-content\/uploads\/allemand\/photo2Jade-300x228.jpg 300w\" sizes=\"(max-width: 326px) 100vw, 326px\" \/> <img loading=\"lazy\" decoding=\"async\" class=\" alignright size-full wp-image-827\" src=\"http:\/\/sitetab3.ac-reims.fr\/clg-curie\/-wp-\/wp-content\/uploads\/allemand\/Photo3Jade.jpg\" alt=\"Photo3Jade\" style=\"border: 1px solid #000000; float: right;\" width=\"211\" height=\"272\" \/><\/p>\n<p style=\"margin-bottom: 0cm;\" align=\"right\">&nbsp;<\/p>\n<p style=\"margin-bottom: 0cm; text-align: right;\" align=\"right\"><span style=\"font-size: 10pt;\">Jade BRELET ,3\u00e8me2<\/span><\/p>\n","protected":false},"excerpt":{"rendered":"<p>VOYAGE BRIGITTE SAUZAY DE JADE BRELET de novembre \u00e0 janvier 2017 J&rsquo;\u00e9tais dans une famille de 4 personnes. Ma correspondante Nike avait un grand fr\u00e8re et j&rsquo; habitais \u00e0 Hardgsen un petit village.Je suis all\u00e9e dans un coll\u00e8ge \u00e0 Northeim une grande ville \u00e0 cot\u00e9 de Hardgsen. Pendant mon s\u00e9jour de 2 mois, je suis [&hellip;]<\/p>\n","protected":false},"author":1,"featured_media":825,"comment_status":"closed","ping_status":"open","sticky":false,"template":"","format":"standard","meta":{"ngg_post_thumbnail":0,"footnotes":""},"categories":[11],"tags":[],"_links":{"self":[{"href":"https:\/\/sitetab3.ac-reims.fr\/clg-curie\/-wp-\/wp-json\/wp\/v2\/posts\/271"}],"collection":[{"href":"https:\/\/sitetab3.ac-reims.fr\/clg-curie\/-wp-\/wp-json\/wp\/v2\/posts"}],"about":[{"href":"https:\/\/sitetab3.ac-reims.fr\/clg-curie\/-wp-\/wp-json\/wp\/v2\/types\/post"}],"author":[{"embeddable":true,"href":"https:\/\/sitetab3.ac-reims.fr\/clg-curie\/-wp-\/wp-json\/wp\/v2\/users\/1"}],"replies":[{"embeddable":true,"href":"https:\/\/sitetab3.ac-reims.fr\/clg-curie\/-wp-\/wp-json\/wp\/v2\/comments?post=271"}],"version-history":[{"count":1,"href":"https:\/\/sitetab3.ac-reims.fr\/clg-curie\/-wp-\/wp-json\/wp\/v2\/posts\/271\/revisions"}],"predecessor-version":[{"id":1075,"href":"https:\/\/sitetab3.ac-reims.fr\/clg-curie\/-wp-\/wp-json\/wp\/v2\/posts\/271\/revisions\/1075"}],"wp:featuredmedia":[{"embeddable":true,"href":"https:\/\/sitetab3.ac-reims.fr\/clg-curie\/-wp-\/wp-json\/wp\/v2\/media\/825"}],"wp:attachment":[{"href":"https:\/\/sitetab3.ac-reims.fr\/clg-curie\/-wp-\/wp-json\/wp\/v2\/media?parent=271"}],"wp:term":[{"taxonomy":"category","embeddable":true,"href":"https:\/\/sitetab3.ac-reims.fr\/clg-curie\/-wp-\/wp-json\/wp\/v2\/categories?post=271"},{"taxonomy":"post_tag","embeddable":true,"href":"https:\/\/sitetab3.ac-reims.fr\/clg-curie\/-wp-\/wp-json\/wp\/v2\/tags?post=271"}],"curies":[{"name":"wp","href":"https:\/\/api.w.org\/{rel}","templated":true}]}}