{"id":275,"date":"2021-03-16T16:45:42","date_gmt":"2021-03-16T15:45:42","guid":{"rendered":"http:\/\/sitetab3.ac-reims.fr\/clg-curie\/-wp-\/sections-sportives\/"},"modified":"2021-04-07T11:38:34","modified_gmt":"2021-04-07T09:38:34","slug":"sections-sportives","status":"publish","type":"post","link":"https:\/\/sitetab3.ac-reims.fr\/clg-curie\/-wp-\/sections-sportives\/","title":{"rendered":"sections sportives"},"content":{"rendered":"<p><img loading=\"lazy\" decoding=\"async\" class=\" size-full wp-image-446\" src=\"http:\/\/sitetab3.ac-reims.fr\/clg-curie\/-wp-\/wp-content\/uploads\/icones\/titre2.png\" alt=\"\" width=\"27\" height=\"27\" \/><span style=\"color: #000066; font-family: arial, helvetica, sans-serif; font-size: 14pt;\"><span style=\"color: #000080;\">SECTION SPORTIVE FOOTBALL<br \/>\n<\/span><\/span><\/p>\n<p>Suite aux conditions sanitaires actuelles, l&rsquo;examen d&rsquo;entr\u00e9e <strong>(pour les classes de 6\u00e8me<\/strong>) pr\u00e9vue le mercredi 14\/04 est <strong>report\u00e9e au 5 mai de 10h00 \u00e0 11h30.<\/strong><\/p>\n<p><img loading=\"lazy\" decoding=\"async\" class=\" size-full wp-image-446\" src=\"http:\/\/sitetab3.ac-reims.fr\/clg-curie\/-wp-\/wp-content\/uploads\/icones\/titre2.png\" alt=\"\" width=\"27\" height=\"27\" \/><span style=\"color: #000066; font-family: arial, helvetica, sans-serif; font-size: 14pt;\"><span style=\"color: #000080;\">SECTION SPORTIVE HANDBALL<br \/>\n<\/span><\/span><\/p>\n<p>&nbsp;<\/p>\n<p><img loading=\"lazy\" decoding=\"async\" class=\"alignnone size-full wp-image-1663 aligncenter\" src=\"http:\/\/sitetab3.ac-reims.fr\/clg-curie\/-wp-\/wp-content\/uploads\/aff-sshb-marie-curie-hq13840-e1616068570549.jpg\" alt=\"\" width=\"700\" height=\"990\" \/><\/p>\n<p><img loading=\"lazy\" decoding=\"async\" class=\" size-full wp-image-446\" src=\"http:\/\/sitetab3.ac-reims.fr\/clg-curie\/-wp-\/wp-content\/uploads\/icones\/titre2.png\" alt=\"\" width=\"27\" height=\"27\" \/><span style=\"color: #000066; font-family: arial, helvetica, sans-serif; font-size: 14pt;\"><span style=\"color: #000080;\">SECTION SPORTIVE GYMNASTIQUE<\/span><\/span><\/p>\n<p><a href=\"http:\/\/sitetab3.ac-reims.fr\/clg-curie\/-wp-\/wp-content\/uploads\/tests-centre.png\"><img loading=\"lazy\" decoding=\"async\" class=\"size-full wp-image-1580 aligncenter\" src=\"http:\/\/sitetab3.ac-reims.fr\/clg-curie\/-wp-\/wp-content\/uploads\/tests-centre.png\" alt=\"\" width=\"650\" height=\"909\" srcset=\"https:\/\/sitetab3.ac-reims.fr\/clg-curie\/-wp-\/wp-content\/uploads\/tests-centre.png 650w, https:\/\/sitetab3.ac-reims.fr\/clg-curie\/-wp-\/wp-content\/uploads\/tests-centre-215x300.png 215w\" sizes=\"(max-width: 650px) 100vw, 650px\" \/><\/a><\/p>\n<p>&nbsp;<\/p>\n<p><img loading=\"lazy\" decoding=\"async\" class=\" size-full wp-image-833\" src=\"http:\/\/sitetab3.ac-reims.fr\/clg-curie\/-wp-\/wp-content\/uploads\/eps\/gymnastique\/rectoverso1.jpg\" alt=\"rectoverso1\" width=\"650\" height=\"919\" srcset=\"https:\/\/sitetab3.ac-reims.fr\/clg-curie\/-wp-\/wp-content\/uploads\/eps\/gymnastique\/rectoverso1.jpg 1240w, https:\/\/sitetab3.ac-reims.fr\/clg-curie\/-wp-\/wp-content\/uploads\/eps\/gymnastique\/rectoverso1-212x300.jpg 212w, https:\/\/sitetab3.ac-reims.fr\/clg-curie\/-wp-\/wp-content\/uploads\/eps\/gymnastique\/rectoverso1-768x1086.jpg 768w, https:\/\/sitetab3.ac-reims.fr\/clg-curie\/-wp-\/wp-content\/uploads\/eps\/gymnastique\/rectoverso1-724x1024.jpg 724w\" sizes=\"(max-width: 650px) 100vw, 650px\" \/><\/p>\n<p>&nbsp;<\/p>\n<p>&nbsp;<\/p>\n<p>&nbsp;<\/p>\n<p><img loading=\"lazy\" decoding=\"async\" class=\" size-full wp-image-446\" src=\"http:\/\/sitetab3.ac-reims.fr\/clg-curie\/-wp-\/wp-content\/uploads\/icones\/titre2.png\" alt=\"\" width=\"27\" height=\"27\" \/><span style=\"color: #000066; font-family: arial, helvetica, sans-serif; font-size: 14pt;\"><span style=\"color: #000080;\">PRESENTATION<\/span><\/span><\/p>\n<p><img loading=\"lazy\" decoding=\"async\" class=\" size-full wp-image-834\" style=\"border: 1px solid #000000;\" src=\"http:\/\/sitetab3.ac-reims.fr\/clg-curie\/-wp-\/wp-content\/uploads\/eps\/sections_sportives\/brochure_coll%C3%A9ge_section_Marie_Curie1_19_20.jpg\" alt=\"brochure coll\u00e9ge section Marie Curie1 19 20\" width=\"650\" height=\"460\" \/><\/p>\n<p><img loading=\"lazy\" decoding=\"async\" class=\" size-full wp-image-835\" style=\"border: 1px solid #000000;\" src=\"http:\/\/sitetab3.ac-reims.fr\/clg-curie\/-wp-\/wp-content\/uploads\/eps\/sections_sportives\/brochure_coll%C3%A9ge_section_Marie_Curie19_20.jpg\" alt=\"brochure coll\u00e9ge section Marie Curie19 20\" width=\"650\" height=\"460\" \/><\/p>\n<p>&nbsp;<\/p>\n<p>&nbsp;<\/p>\n<p><img loading=\"lazy\" decoding=\"async\" class=\" size-full wp-image-446\" src=\"http:\/\/sitetab3.ac-reims.fr\/clg-curie\/-wp-\/wp-content\/uploads\/icones\/titre2.png\" alt=\"\" width=\"27\" height=\"27\" \/><span style=\"color: #000066; font-family: arial, helvetica, sans-serif; font-size: 14pt;\"><span style=\"color: #000080;\">TESTS DE SELECTION SECTIONS SPORTIVES<\/span><\/span><\/p>\n<p>info donn\u00e9es courant de l&rsquo;ann\u00e9e scolaire 2019 2020<\/p>\n<p>&nbsp;<\/p>\n","protected":false},"excerpt":{"rendered":"<p>SECTION SPORTIVE FOOTBALL Suite aux conditions sanitaires actuelles, l&rsquo;examen d&rsquo;entr\u00e9e (pour les classes de 6\u00e8me) pr\u00e9vue le mercredi 14\/04 est report\u00e9e au 5 mai de 10h00 \u00e0 11h30. SECTION SPORTIVE HANDBALL &nbsp; SECTION SPORTIVE GYMNASTIQUE &nbsp; &nbsp; &nbsp; &nbsp; PRESENTATION &nbsp; &nbsp; TESTS DE SELECTION SECTIONS SPORTIVES info donn\u00e9es courant de l&rsquo;ann\u00e9e scolaire 2019 2020 [&hellip;]<\/p>\n","protected":false},"author":4,"featured_media":446,"comment_status":"closed","ping_status":"open","sticky":false,"template":"","format":"standard","meta":{"ngg_post_thumbnail":0,"footnotes":""},"categories":[2],"tags":[],"_links":{"self":[{"href":"https:\/\/sitetab3.ac-reims.fr\/clg-curie\/-wp-\/wp-json\/wp\/v2\/posts\/275"}],"collection":[{"href":"https:\/\/sitetab3.ac-reims.fr\/clg-curie\/-wp-\/wp-json\/wp\/v2\/posts"}],"about":[{"href":"https:\/\/sitetab3.ac-reims.fr\/clg-curie\/-wp-\/wp-json\/wp\/v2\/types\/post"}],"author":[{"embeddable":true,"href":"https:\/\/sitetab3.ac-reims.fr\/clg-curie\/-wp-\/wp-json\/wp\/v2\/users\/4"}],"replies":[{"embeddable":true,"href":"https:\/\/sitetab3.ac-reims.fr\/clg-curie\/-wp-\/wp-json\/wp\/v2\/comments?post=275"}],"version-history":[{"count":9,"href":"https:\/\/sitetab3.ac-reims.fr\/clg-curie\/-wp-\/wp-json\/wp\/v2\/posts\/275\/revisions"}],"predecessor-version":[{"id":2422,"href":"https:\/\/sitetab3.ac-reims.fr\/clg-curie\/-wp-\/wp-json\/wp\/v2\/posts\/275\/revisions\/2422"}],"wp:featuredmedia":[{"embeddable":true,"href":"https:\/\/sitetab3.ac-reims.fr\/clg-curie\/-wp-\/wp-json\/wp\/v2\/media\/446"}],"wp:attachment":[{"href":"https:\/\/sitetab3.ac-reims.fr\/clg-curie\/-wp-\/wp-json\/wp\/v2\/media?parent=275"}],"wp:term":[{"taxonomy":"category","embeddable":true,"href":"https:\/\/sitetab3.ac-reims.fr\/clg-curie\/-wp-\/wp-json\/wp\/v2\/categories?post=275"},{"taxonomy":"post_tag","embeddable":true,"href":"https:\/\/sitetab3.ac-reims.fr\/clg-curie\/-wp-\/wp-json\/wp\/v2\/tags?post=275"}],"curies":[{"name":"wp","href":"https:\/\/api.w.org\/{rel}","templated":true}]}}