{"id":276,"date":"2018-04-17T13:49:59","date_gmt":"2018-04-17T11:49:59","guid":{"rendered":"http:\/\/sitetab3.ac-reims.fr\/clg-curie\/-wp-\/actu-all\/"},"modified":"2020-06-23T09:04:51","modified_gmt":"2020-06-23T07:04:51","slug":"actu-all","status":"publish","type":"post","link":"https:\/\/sitetab3.ac-reims.fr\/clg-curie\/-wp-\/actu-all\/","title":{"rendered":"Actualit\u00e9 allemand"},"content":{"rendered":"<p><img loading=\"lazy\" decoding=\"async\" class=\" size-full wp-image-453\" src=\"http:\/\/sitetab3.ac-reims.fr\/clg-curie\/-wp-\/wp-content\/uploads\/icones\/fleche_grand_titre.png\" alt=\"fleche grand titre\" width=\"50\" height=\"52\" \/>&nbsp; <span style=\"text-decoration: underline;\"><span style=\"color: #000080; font-size: 12pt; text-decoration: underline;\">Actualit\u00e9 en allemand<\/span><\/span><\/p>\n<p>&nbsp;<\/p>\n<p><strong style=\"color: #000080; font-size: 18.66666603088379px;\"><span style=\"color: #c00000; font-size: 12pt;\"><span style=\"font-size: 18pt;\"><img loading=\"lazy\" decoding=\"async\" class=\" size-full wp-image-554\" src=\"http:\/\/sitetab3.ac-reims.fr\/clg-curie\/-wp-\/wp-content\/uploads\/icones\/fl2.png\" alt=\"fl2\" width=\"19\" height=\"19\" \/><\/span><\/span>&nbsp;<\/strong><span style=\"font-size: 12pt; color: #008000;\">Spectacle de fin d&rsquo;ann\u00e9e juin 2019:&nbsp;<span style=\"font-family: Cambria, serif;\">Theater spielen, tanzen und singen<\/span><span style=\"font-family: Cambria, serif;\">&nbsp;<\/span><span style=\"font-family: Cambria, serif;\">!<\/span><\/span><\/p>\n<p><span style=\"font-family: Cambria, serif; font-size: 10pt;\">Cette ann\u00e9e, le spectacle du coll\u00e8ge avait pour th\u00e8me l\u2019Europe&nbsp;; la jeune Marie Curie devait retrouver son identit\u00e9 en traversant les diff\u00e9rents pays.<\/span><\/p>\n<p style=\"text-align: center;\"><span style=\"font-family: Cambria, serif; font-size: 10pt;\"><span style=\"text-decoration: underline;\">Accueil en Allemagne par les 5<sup>\u00e8mes&nbsp;<\/sup>germanistes<\/span><\/span><\/p>\n<p style=\"text-align: center;\"><img loading=\"lazy\" decoding=\"async\" class=\" size-full wp-image-836\" src=\"http:\/\/sitetab3.ac-reims.fr\/clg-curie\/-wp-\/wp-content\/uploads\/allemand\/image_1_Chant_acceuil_Guten_Tag.jpg\" alt=\"image 1 Chant acceuil Guten Tag\" width=\"650\" height=\"458\" srcset=\"https:\/\/sitetab3.ac-reims.fr\/clg-curie\/-wp-\/wp-content\/uploads\/allemand\/image_1_Chant_acceuil_Guten_Tag.jpg 650w, https:\/\/sitetab3.ac-reims.fr\/clg-curie\/-wp-\/wp-content\/uploads\/allemand\/image_1_Chant_acceuil_Guten_Tag-300x211.jpg 300w\" sizes=\"(max-width: 650px) 100vw, 650px\" \/><\/p>\n<p><span style=\"font-family: Cambria, serif; font-size: 10pt;\">Marie Curie a \u00e9t\u00e9 accueillie en Allemagne par les&nbsp;<strong>germanistes de 5<sup>\u00e8me<\/sup>2 et 5<sup>\u00e8me<\/sup>3<\/strong>&nbsp;qui ont chant\u00e9 le chant tr\u00e8s connu&nbsp;<strong>\u00ab&nbsp;Guten Tag&nbsp;!&nbsp;\u00bb<\/strong>&nbsp;assorti d\u2019une petite chor\u00e9graphie.<\/span><\/p>\n<p style=\"text-align: center;\"><span style=\"font-family: Cambria, serif; font-size: 10pt;\"><span style=\"text-decoration: underline;\">Pi\u00e8ce de th\u00e9\u00e2tre \u00ab&nbsp;Schneewittchen&nbsp;\u00bb version les fr\u00e8res GRIMM par les \u00e9l\u00e8ves des 4<sup>\u00e8mes&nbsp;<\/sup>germanistes<\/span><\/span><\/p>\n<p style=\"text-align: center;\"><span style=\"font-family: Cambria, serif; font-size: 12pt;\"><img loading=\"lazy\" decoding=\"async\" class=\" size-full wp-image-837\" src=\"http:\/\/sitetab3.ac-reims.fr\/clg-curie\/-wp-\/wp-content\/uploads\/allemand\/image_2_Th%C3%A9%C3%A2tre_Schneewittchen.jpg\" alt=\"image 2 Th\u00e9\u00e2tre Schneewittchen\" width=\"650\" height=\"366\" \/><br \/><span style=\"font-size: 10pt;\">En outre, les&nbsp;<strong>germanistes des 4<sup>\u00e8me<\/sup>3 et 4<sup>\u00e8me<\/sup>2\/7<\/strong>&nbsp;ont jou\u00e9 et mis en sc\u00e8ne&nbsp;<strong>le c\u00e9l\u00e8bre conte des fr\u00e8res Grimm, Blanche Neige \u00ab&nbsp;Schneewittchen&nbsp;\u00bb<\/strong>. Les fr\u00e8res Grimm ont profond\u00e9ment marqu\u00e9 la culture et la litt\u00e9rature allemande.<\/span><\/span><\/p>\n<p style=\"text-align: center;\"><span style=\"font-family: Cambria, serif; font-size: 10pt;\">&nbsp;<span style=\"text-decoration: underline;\">Chanson franco-allemande \u00ab&nbsp;Je ne parle pas fran\u00e7ais&nbsp;\u00bb par les \u00e9l\u00e8ves des 3<sup>\u00e8mes<\/sup>&nbsp;germanistes<\/span><\/span><\/p>\n<p style=\"text-align: center;\"><img loading=\"lazy\" decoding=\"async\" class=\" size-full wp-image-838\" src=\"http:\/\/sitetab3.ac-reims.fr\/clg-curie\/-wp-\/wp-content\/uploads\/allemand\/image_3_chant_franco_allemand.jpg\" alt=\"image 3 chant franco allemand\" width=\"650\" height=\"366\" srcset=\"https:\/\/sitetab3.ac-reims.fr\/clg-curie\/-wp-\/wp-content\/uploads\/allemand\/image_3_chant_franco_allemand.jpg 650w, https:\/\/sitetab3.ac-reims.fr\/clg-curie\/-wp-\/wp-content\/uploads\/allemand\/image_3_chant_franco_allemand-300x169.jpg 300w\" sizes=\"(max-width: 650px) 100vw, 650px\" \/><\/p>\n<p><span style=\"font-family: Cambria, serif; font-size: 10pt;\">Les&nbsp;<strong>germanistes des 3<sup>\u00e8me<\/sup>3, 3<sup>\u00e8me<\/sup>4 et 3<sup>\u00e8me<\/sup>2\/8<\/strong>, ont pr\u00e9sent\u00e9 le&nbsp;<strong>premier<\/strong>&nbsp;<strong>duo franco-allemand<\/strong>&nbsp;actuellement \u00e9cout\u00e9 en Allemagne&nbsp;:&nbsp;<strong>\u00ab&nbsp;Je ne parle pas fran\u00e7ais&nbsp;\u00bb<\/strong>&nbsp;de la chanteuse allemande Namika et le c\u00e9l\u00e8bre rappeur fran\u00e7ais Black M.<\/span><\/p>\n<p><span style=\"font-size: 10pt;\">&nbsp;<\/span><\/p>\n<p><span style=\"color: #000080;\"><span style=\"font-size: 14pt;\"><strong> <span style=\"color: #c00000; font-size: 12pt;\"><span style=\"font-size: 18pt;\"><img loading=\"lazy\" decoding=\"async\" class=\" size-full wp-image-554\" src=\"http:\/\/sitetab3.ac-reims.fr\/clg-curie\/-wp-\/wp-content\/uploads\/icones\/fl2.png\" alt=\"fl2\" width=\"19\" height=\"19\" \/><\/span><\/span> <\/strong><span style=\"font-size: 12pt; color: #008000;\">Semaine europ\u00e9enne 2019: Wir feiern Deutschland in Europa!<\/span><\/span><\/span><\/p>\n<p>&nbsp;&nbsp; En l\u2019honneur de la f\u00eate de l\u2019Europe, nous mettons en avant <strong>la langue la plus parl\u00e9e en Europe<\/strong> et le <strong>premier partenaire \u00e9conomique<\/strong> de la France&nbsp;: L\u2019Allemagne et les pays germanophones&nbsp;!<\/p>\n<p style=\"text-align: center;\"><span style=\"text-decoration: underline;\">Exposition des affiches des 5<sup>\u00e8me<\/sup>2 et 5<sup>\u00e8me<\/sup>3 sur le r\u00f4le de l\u2019Allemagne en Europe&nbsp;:<\/span><\/p>\n<p><img loading=\"lazy\" decoding=\"async\" class=\" size-full wp-image-839\" style=\"border: 1px solid #000000;\" src=\"http:\/\/sitetab3.ac-reims.fr\/clg-curie\/-wp-\/wp-content\/uploads\/allemand\/MONTAGE_1.jpg\" alt=\"MONTAGE 1\" width=\"675\" height=\"450\" srcset=\"https:\/\/sitetab3.ac-reims.fr\/clg-curie\/-wp-\/wp-content\/uploads\/allemand\/MONTAGE_1.jpg 675w, https:\/\/sitetab3.ac-reims.fr\/clg-curie\/-wp-\/wp-content\/uploads\/allemand\/MONTAGE_1-300x200.jpg 300w\" sizes=\"(max-width: 675px) 100vw, 675px\" \/><\/p>\n<p>\u00c0 cette occasion, les \u00e9l\u00e8ves germanistes de 5<sup>\u00e8me<\/sup>2 et 5<sup>\u00e8me<\/sup>3 ont cr\u00e9\u00e9 des magnifiques <strong>affiches <\/strong>mettant en \u00e9vidence <strong>le r\u00f4le incontournable de l\u2019Allemagne au sein de l\u2019Europe<\/strong> et l\u2019importance de ma\u00eetriser cette langue pour <strong>l\u2019avenir professionnel<\/strong>. Ces affiches sont expos\u00e9es et consultables dans le hall du coll\u00e8ge durant toute la semaine europ\u00e9enne <strong>du 13 au 17 mai 2019<\/strong>.<span style=\"text-decoration: underline;\"><\/p>\n<p> <\/span><\/p>\n<p style=\"text-align: center;\" align=\"center\"><span style=\"text-decoration: underline;\">&nbsp;Menu allemand propos\u00e9 par la cantine en photos&nbsp;:<\/span><\/p>\n<p style=\"text-align: center;\" align=\"center\"><img loading=\"lazy\" decoding=\"async\" class=\" size-full wp-image-840\" style=\"border: 1px solid #000000;\" src=\"http:\/\/sitetab3.ac-reims.fr\/clg-curie\/-wp-\/wp-content\/uploads\/allemand\/MONTAGE_2.jpg\" alt=\"MONTAGE 2\" width=\"675\" height=\"380\" srcset=\"https:\/\/sitetab3.ac-reims.fr\/clg-curie\/-wp-\/wp-content\/uploads\/allemand\/MONTAGE_2.jpg 675w, https:\/\/sitetab3.ac-reims.fr\/clg-curie\/-wp-\/wp-content\/uploads\/allemand\/MONTAGE_2-300x169.jpg 300w\" sizes=\"(max-width: 675px) 100vw, 675px\" \/><\/p>\n<p> De plus, le lundi 13 mai, les \u00e9l\u00e8ves du coll\u00e8ge ont pu d\u00e9couvrir et d\u00e9guster un <strong>menu allemand<\/strong>&nbsp;: <\/p>\n<p> Das Men\u00fc&nbsp;:<br \/> <em>Vorspeise: Kartoffelsalat\/ Gurkensalat mit Sahne\/Rotkohlsalat<br \/> Hauptspeise: Wiener Schnitzel mit Pommes Frites<br \/> Nachspeise: Schwarzw\u00e4lder Kirschtorte\/ Lebkuchen mit Vanilleso\u00dfe\/ Apfelkompott<\/em><\/p>\n<p style=\"text-align: center;\" align=\"center\">Guten Appetit&nbsp;!<\/p>\n<p style=\"text-align: center;\" align=\"center\">\n<p> <span style=\"text-decoration: underline;\">Des \u00e9l\u00e8ves ravis de manger \u00ab&nbsp;deutsch&nbsp;\u00bb \u00e0 la cantine&nbsp;:<\/span><\/p>\n<p style=\"text-align: center;\" align=\"center\"><img loading=\"lazy\" decoding=\"async\" class=\" size-full wp-image-841\" src=\"http:\/\/sitetab3.ac-reims.fr\/clg-curie\/-wp-\/wp-content\/uploads\/allemand\/MONTAGE_3.jpg\" alt=\"MONTAGE 3\" width=\"675\" height=\"380\" srcset=\"https:\/\/sitetab3.ac-reims.fr\/clg-curie\/-wp-\/wp-content\/uploads\/allemand\/MONTAGE_3.jpg 675w, https:\/\/sitetab3.ac-reims.fr\/clg-curie\/-wp-\/wp-content\/uploads\/allemand\/MONTAGE_3-300x169.jpg 300w\" sizes=\"(max-width: 675px) 100vw, 675px\" \/><\/p>\n<p>&nbsp;&nbsp;&nbsp;&nbsp; En outre, les \u00e9l\u00e8ves germanistes des classes de 3\u00e8me effectuent une <strong>dict\u00e9e europ\u00e9enne<\/strong> en allemand lorsqu\u2019ils sont en cours d\u2019allemand cette semaine. Les 2 meilleures copies de chaque classe auront comme <strong>r\u00e9compense<\/strong> des lots et un bonus dans leur moyenne d\u2019allemand.<\/p>\n<p> &nbsp;&nbsp;&nbsp;&nbsp;&nbsp;&nbsp;&nbsp;&nbsp;&nbsp;&nbsp;&nbsp;&nbsp;&nbsp;&nbsp;&nbsp;&nbsp;&nbsp;&nbsp;&nbsp;&nbsp;&nbsp;&nbsp;&nbsp;&nbsp;&nbsp;&nbsp;&nbsp;&nbsp;&nbsp;&nbsp;&nbsp;&nbsp;&nbsp;&nbsp;&nbsp;&nbsp;&nbsp;&nbsp;&nbsp;&nbsp;&nbsp;&nbsp;&nbsp;&nbsp;&nbsp;&nbsp;&nbsp;&nbsp;&nbsp;&nbsp;&nbsp;&nbsp;&nbsp;&nbsp;&nbsp;&nbsp;&nbsp;&nbsp;&nbsp;&nbsp;&nbsp;&nbsp;&nbsp;&nbsp;&nbsp;&nbsp;&nbsp;&nbsp;&nbsp;&nbsp;&nbsp;&nbsp;&nbsp;&nbsp;&nbsp;&nbsp;&nbsp;&nbsp;&nbsp;&nbsp;&nbsp;&nbsp;&nbsp;&nbsp;&nbsp;&nbsp;&nbsp;&nbsp;&nbsp;&nbsp;&nbsp;&nbsp;&nbsp;&nbsp;&nbsp;&nbsp;&nbsp;&nbsp;&nbsp;&nbsp;&nbsp;&nbsp;&nbsp;&nbsp; &nbsp;&nbsp;&nbsp;&nbsp;&nbsp;&nbsp;&nbsp;&nbsp;&nbsp;&nbsp;&nbsp;&nbsp;&nbsp;&nbsp;&nbsp;&nbsp;&nbsp;&nbsp;&nbsp;&nbsp;&nbsp;&nbsp;&nbsp;&nbsp;&nbsp;&nbsp;&nbsp;Es lebe Deutschland&nbsp;!&nbsp;&nbsp;&nbsp;&nbsp;&nbsp;&nbsp;&nbsp;&nbsp;&nbsp;&nbsp;&nbsp;&nbsp;&nbsp;&nbsp;&nbsp;&nbsp;&nbsp;&nbsp; <br \/> &nbsp;&nbsp;&nbsp;&nbsp;&nbsp;&nbsp;&nbsp;&nbsp;&nbsp;&nbsp;&nbsp;&nbsp;&nbsp;&nbsp;&nbsp;&nbsp;&nbsp;&nbsp;&nbsp;&nbsp;&nbsp;&nbsp;&nbsp;&nbsp;&nbsp;&nbsp;&nbsp;&nbsp;&nbsp;&nbsp;&nbsp;&nbsp;&nbsp;&nbsp;&nbsp;&nbsp;&nbsp;&nbsp;&nbsp;&nbsp;&nbsp;&nbsp;&nbsp;&nbsp;&nbsp;&nbsp;&nbsp;&nbsp;&nbsp;&nbsp;&nbsp;&nbsp;&nbsp;&nbsp;&nbsp;&nbsp;&nbsp;&nbsp;&nbsp;&nbsp;&nbsp;&nbsp;&nbsp;&nbsp;&nbsp;&nbsp;&nbsp;&nbsp;&nbsp;&nbsp;&nbsp;&nbsp;&nbsp;&nbsp;&nbsp;&nbsp;&nbsp;&nbsp;&nbsp;&nbsp;&nbsp;&nbsp;&nbsp;&nbsp;&nbsp;&nbsp;&nbsp;&nbsp;&nbsp;&nbsp;&nbsp;&nbsp;&nbsp;&nbsp;&nbsp;&nbsp;&nbsp;&nbsp;&nbsp;&nbsp;&nbsp;&nbsp;&nbsp;&nbsp;&nbsp;&nbsp;&nbsp;&nbsp;&nbsp;&nbsp;&nbsp;&nbsp;&nbsp;&nbsp;&nbsp;&nbsp;&nbsp;&nbsp;&nbsp;&nbsp;&nbsp;&nbsp;&nbsp;&nbsp;&nbsp;&nbsp;&nbsp;&nbsp;&nbsp;&nbsp;&nbsp;&nbsp;&nbsp;&nbsp;&nbsp;&nbsp;&nbsp;&nbsp;&nbsp;&nbsp;&nbsp;&nbsp;&nbsp;&nbsp;&nbsp;&nbsp;&nbsp;&nbsp; Frau Rivi\u00e8re<\/p>\n<p style=\"text-align: justify;\">&nbsp;<\/p>\n<p style=\"text-align: justify;\" align=\"center\"><span style=\"color: #c00000; font-size: 12pt;\"><span style=\"font-size: 18pt;\"><img loading=\"lazy\" decoding=\"async\" class=\" size-full wp-image-554\" src=\"http:\/\/sitetab3.ac-reims.fr\/clg-curie\/-wp-\/wp-content\/uploads\/icones\/fl2.png\" alt=\"fl2\" width=\"19\" height=\"19\" \/><\/span> Semaine europ\u00e9enne\/ D\u00e9couverte d\u2019un menu allemand&nbsp;: Wir essen deutsch&nbsp;!<\/span><\/p>\n<p style=\"text-align: justify;\"><span style=\"font-size: 10pt;\">Lors de la semaine europ\u00e9enne, un repas allemand a \u00e9t\u00e9 propos\u00e9 ce lundi 28 mai \u00e0 la cantine. <\/span><span style=\"font-size: 10pt;\">Les \u00e9l\u00e8ves ont donc pu d\u00e9couvrir des sp\u00e9cialit\u00e9s culinaires allemandes.<\/span><\/p>\n<p style=\"text-align: center;\" align=\"center\"><span style=\"font-size: 10pt;\"><strong><img loading=\"lazy\" decoding=\"async\" class=\" size-full wp-image-842\" style=\"display: block; margin-left: auto; margin-right: auto; border: 1px solid #000000;\" src=\"http:\/\/sitetab3.ac-reims.fr\/clg-curie\/-wp-\/wp-content\/uploads\/allemand\/repas_allemand_cantine.jpg\" alt=\"repas allemand cantine\" width=\"640\" height=\"406\" srcset=\"https:\/\/sitetab3.ac-reims.fr\/clg-curie\/-wp-\/wp-content\/uploads\/allemand\/repas_allemand_cantine.jpg 671w, https:\/\/sitetab3.ac-reims.fr\/clg-curie\/-wp-\/wp-content\/uploads\/allemand\/repas_allemand_cantine-300x190.jpg 300w\" sizes=\"(max-width: 640px) 100vw, 640px\" \/> <br \/> <\/strong>En entr\u00e9e&nbsp;: <\/span><br \/><span style=\"font-size: 10pt;\"> <em>Salade de pommes de terre (Kartoffelsalat) <br \/> choux blanc au cumin (Wei\u00dfkohl mit K\u00fcmmel)<br \/> <\/em>En plat principal&nbsp;:<\/span><br \/><span style=\"font-size: 10pt;\"> <em>Saucisses de Francfort et pommes de terre saut\u00e9es (Frankfurter W\u00fcrste mit Pommes Frites)<br \/> <\/em>En dessert&nbsp;: <\/span><br \/><span style=\"font-size: 10pt;\"> <em>Pain d\u2019\u00e9pice avec une sauce \u00e0 la vanille (Lebkuchen mit Vanillesauce)<\/em><\/span><\/p>\n<p style=\"text-align: center;\" align=\"center\"><span style=\"font-size: 10pt;\">Guten Appetit&nbsp;!<\/span><\/p>\n<p><span style=\"font-size: 10pt;\"> Mme Rivi\u00e8re<\/span><\/p>\n<p>&nbsp;<\/p>\n<p><span style=\"font-size: 18pt;\"><img loading=\"lazy\" decoding=\"async\" class=\" size-full wp-image-554\" src=\"http:\/\/sitetab3.ac-reims.fr\/clg-curie\/-wp-\/wp-content\/uploads\/icones\/fl2.png\" alt=\"fl2\" width=\"19\" height=\"19\" \/><span style=\"font-size: 12pt;\">&nbsp; <span style=\"color: #cc0000;\">Spectacle de fin d\u2019ann\u00e9e&nbsp;: Theater spielen, tanzen und singen&nbsp;!<\/span><\/span> <\/span><\/p>\n<p><img loading=\"lazy\" decoding=\"async\" class=\" size-full wp-image-843\" style=\"display: block; margin-left: auto; margin-right: auto;\" src=\"http:\/\/sitetab3.ac-reims.fr\/clg-curie\/-wp-\/wp-content\/uploads\/allemand\/rotk%C3%A4ppchen.jpg\" alt=\"rotk\u00e4ppchen\" width=\"162\" height=\"126\" \/><\/p>\n<p style=\"text-align: justify;\">&nbsp;&nbsp;<span style=\"font-size: 10pt;\">&nbsp;&nbsp; &nbsp;Lors du spectacle de fin d\u2019ann\u00e9e du lundi 14 mai, les germanistes de 4<sup>\u00e8me<\/sup> 9 (L\u00e9ane, Jeanne, Tristan et Esteban) ont mis en sc\u00e8ne le conte du Petit Chaperon Rouge (Rotk\u00e4ppchen) en allemand&nbsp;qui a \u00e9t\u00e9 \u00e9tudi\u00e9 en cours: <\/span><br \/><span style=\"font-size: 10pt;\"> &#8211; Jeanne, \u00e9tant la narratrice, a cr\u00e9\u00e9 le diaporama avec le d\u00e9cor et la traduction du texte.<\/span><br \/><span style=\"font-size: 10pt;\"> &#8211; L\u00e9ane a jou\u00e9 le r\u00f4le de Rotk\u00e4ppchen<\/span><br \/><span style=\"font-size: 10pt;\"> &#8211; Tristan s\u2019est mis dans la peau du loup (der Wolf)<\/span><br \/><span style=\"font-size: 10pt;\"> &#8211; Esteban \u00e9tait la grand-m\u00e8re de Rotk\u00e4ppchen (die Gro\u00dfmutter)<\/span><\/p>\n<p><span style=\"font-size: 10pt;\"><img loading=\"lazy\" decoding=\"async\" class=\" size-full wp-image-844\" style=\"display: block; margin-left: auto; margin-right: auto;\" src=\"http:\/\/sitetab3.ac-reims.fr\/clg-curie\/-wp-\/wp-content\/uploads\/allemand\/collage_Rotk%C3%A4ppchen.jpg\" alt=\"collage Rotk\u00e4ppchen\" width=\"673\" height=\"442\" \/><\/span><\/p>\n<p><span style=\"font-size: 10pt;\"> &nbsp;&nbsp;&nbsp;&nbsp; De plus, les \u00e9l\u00e8ves de 4<sup>\u00e8me<\/sup> 6 (Roman, Nevrjia et Romain) ainsi que de 4<sup>\u00e8me<\/sup>7 (Makka, Aminata, Liana, Mathis et Enzo) ont chant\u00e9 la chanson connue des enfants allemands&nbsp;: \u00ab&nbsp;Schnappi, das kleine Krokodil&nbsp;\u00bb de Joy Gruttmann avec une petite chor\u00e9graphie et un dress-code un v\u00eatement vert (r\u00e9f\u00e9rence couleur du crocodile).<\/span><\/p>\n<p align=\"center\"><img loading=\"lazy\" decoding=\"async\" class=\" size-full wp-image-845\" style=\"display: block; margin-left: auto; margin-right: auto;\" src=\"http:\/\/sitetab3.ac-reims.fr\/clg-curie\/-wp-\/wp-content\/uploads\/allemand\/schnappi.jpg\" alt=\"schnappi\" width=\"201\" height=\"118\" srcset=\"https:\/\/sitetab3.ac-reims.fr\/clg-curie\/-wp-\/wp-content\/uploads\/allemand\/schnappi.jpg 480w, https:\/\/sitetab3.ac-reims.fr\/clg-curie\/-wp-\/wp-content\/uploads\/allemand\/schnappi-300x177.jpg 300w\" sizes=\"(max-width: 201px) 100vw, 201px\" \/><\/p>\n<p style=\"text-align: justify;\" align=\"center\"><span style=\"font-size: 10pt;\"> &nbsp;&nbsp; Toi aussi si tu veux chanter la chanson en dansant, clique sur les liens suivants&nbsp;:<\/span><\/p>\n<ul>\n<li><span style=\"font-size: 10pt;\">la chanteuse originale Joy Gruttmann et la chor\u00e9graphie&nbsp;:<a href=\"https:\/\/www.youtube.com\/watch?v=cg_FrUzaFwc\"><\/a><a><\/a><a>https:\/\/www.youtube.com\/watch?v=cg_FrUzaFwc<\/a><\/span><\/li>\n<\/ul>\n<ul>\n<li><span style=\"font-size: 10pt;\">karaok\u00e9 :<a href=\"https:\/\/www.youtube.com\/watch?v=FRXbv3aQpV4\">https:\/\/www.youtube.com\/watch?v=FRXbv3aQpV4<\/a><\/span><\/li>\n<\/ul>\n<p style=\"text-align: justify;\"><span style=\"font-size: 10pt;\">&nbsp;&nbsp; Je remercie ces \u00e9l\u00e8ves germanistes ainsi que les coll\u00e8gues pour leur motivation et investissement dans ce beau spectacle de fin d\u2019ann\u00e9e du coll\u00e8ge Marie Curie.<\/span><\/p>\n<p><span style=\"font-size: 10pt;\"> Vielen Dank&nbsp;! <span style=\"font-family: Wingdings;\"><\/span><\/span><\/p>\n<p><span style=\"font-size: 10pt;\"> Mme Rivi\u00e8re<\/span><\/p>\n<p style=\"text-align: justify;\">&nbsp;<\/p>\n<p><span style=\"font-size: 12pt;\"><img loading=\"lazy\" decoding=\"async\" class=\" size-full wp-image-554\" src=\"http:\/\/sitetab3.ac-reims.fr\/clg-curie\/-wp-\/wp-content\/uploads\/icones\/fl2.png\" alt=\"fl2\" width=\"19\" height=\"19\" \/>&nbsp;<span style=\"color: #cc0000;\"> Journ\u00e9e portes ouvertes 2018 &#8211; <\/span><\/span><span style=\"font-size: 12pt; color: #cc0000;\"><span style=\"line-height: 115%;\">Wir sprechen deutsch&nbsp;! <\/span><span style=\"line-height: 115%;\">Machen Sie mit?<\/span><\/span><\/p>\n<p><span style=\"font-size: 10pt;\">&nbsp;&nbsp;&nbsp;&nbsp;&nbsp; Le 07 avril, le coll\u00e8ge ouvrait ses portes aux parents et \u00e9l\u00e8ves de CM2 pour leur faire d\u00e9couvrir ses activit\u00e9s p\u00e9dagogiques.<\/span><\/p>\n<p style=\"text-align: left;\"><span style=\"font-size: 10pt;\">L\u2019allemand a pr\u00e9sent\u00e9 les diff\u00e9rents projets, les travaux des \u00e9l\u00e8ves ainsi que les jeux cr\u00e9\u00e9s par le groupe de 5\u00b02.<\/span><br \/><span style=\"font-size: 10pt;\"> &#8211; Atelier couleurs et chiffres<\/span><br \/><span style=\"font-size: 10pt;\"> &#8211; Atelier recettes allemandes<\/span><br \/><span style=\"font-size: 10pt;\"> &#8211; Atelier jeux de soci\u00e9t\u00e9, puzzle carte de l\u2019Allemagne et jeux de cartes \u00ab7 Familien&nbsp;\u00bb<\/span><br \/><span style=\"font-size: 10pt;\"> &#8211; Atelier quiz sur la pr\u00e9sentation du coll\u00e8ge Marie Curie en allemand<\/span><\/p>\n<p><span style=\"text-decoration: underline; font-size: 10pt;\"> <img loading=\"lazy\" decoding=\"async\" class=\" size-full wp-image-846\" style=\"display: block; margin-left: auto; margin-right: auto;\" src=\"http:\/\/sitetab3.ac-reims.fr\/clg-curie\/-wp-\/wp-content\/uploads\/allemand\/JPO2018PHOTO1Ateliersjeux.jpg\" alt=\"JPO2018PHOTO1Ateliersjeux\" width=\"673\" height=\"436\" srcset=\"https:\/\/sitetab3.ac-reims.fr\/clg-curie\/-wp-\/wp-content\/uploads\/allemand\/JPO2018PHOTO1Ateliersjeux.jpg 673w, https:\/\/sitetab3.ac-reims.fr\/clg-curie\/-wp-\/wp-content\/uploads\/allemand\/JPO2018PHOTO1Ateliersjeux-300x194.jpg 300w\" sizes=\"(max-width: 673px) 100vw, 673px\" \/><\/span><br \/><span style=\"font-size: 10pt;\"> &nbsp;&nbsp;&nbsp;&nbsp;&nbsp;&nbsp; Nos ambassadrices de<strong> 3<sup>\u00e8me<\/sup>3<\/strong> et <strong>3<sup>\u00e8me<\/sup> 4,<\/strong>&nbsp;Lucie, Jessica, Fatoumata et Jasmine ont anim\u00e9, avec joie et efficacit\u00e9, les diff\u00e9rents ateliers propos\u00e9s aux \u00e9l\u00e8ves de CM2 . <\/span><\/p>\n<p style=\"text-align: left;\">\n<p><span style=\"text-decoration: underline; font-size: 10pt;\"> <img loading=\"lazy\" decoding=\"async\" class=\" size-full wp-image-847\" style=\"display: block; margin-left: auto; margin-right: auto;\" src=\"http:\/\/sitetab3.ac-reims.fr\/clg-curie\/-wp-\/wp-content\/uploads\/allemand\/JPO2018PHOT2animatrices.jpg\" alt=\"JPO2018PHOT2animatrices\" width=\"675\" height=\"435\" srcset=\"https:\/\/sitetab3.ac-reims.fr\/clg-curie\/-wp-\/wp-content\/uploads\/allemand\/JPO2018PHOT2animatrices.jpg 675w, https:\/\/sitetab3.ac-reims.fr\/clg-curie\/-wp-\/wp-content\/uploads\/allemand\/JPO2018PHOT2animatrices-300x193.jpg 300w\" sizes=\"(max-width: 675px) 100vw, 675px\" \/><\/span><\/p>\n<p><span style=\"font-size: 10pt;\">&nbsp;&nbsp;&nbsp;&nbsp;&nbsp;&nbsp; \u00c0 la suite des activit\u00e9s, les \u00e9l\u00e8ves de CM2 ont re\u00e7u des <strong>petits lots surprises de l\u2019OFAJ<\/strong> (Office Franco Allemand de la Jeunesse) tels que stylos, crayons, mini- dictionnaire, cartes postales, autocollants en rapport avec l\u2019Allemagne.<\/span><br \/><span style=\"font-size: 10pt;\"> &nbsp;&nbsp; Je remercie chaleureusement les \u00e9l\u00e8ves pour leur implication dans ce projet et l\u2019OFAJ pour les lots.<\/span><br \/><span style=\"font-size: 10pt;\"> <em><br \/> Danke sehr&nbsp;!<\/em><\/span><\/p>\n<p><span style=\"font-size: 10pt;\">Mme Rivi\u00e8re<\/span><\/p>\n","protected":false},"excerpt":{"rendered":"<p>&nbsp; Actualit\u00e9 en allemand &nbsp; &nbsp;Spectacle de fin d&rsquo;ann\u00e9e juin 2019:&nbsp;Theater spielen, tanzen und singen&nbsp;! Cette ann\u00e9e, le spectacle du coll\u00e8ge avait pour th\u00e8me l\u2019Europe&nbsp;; la jeune Marie Curie devait retrouver son identit\u00e9 en traversant les diff\u00e9rents pays. Accueil en Allemagne par les 5\u00e8mes&nbsp;germanistes Marie Curie a \u00e9t\u00e9 accueillie en Allemagne par les&nbsp;germanistes de 5\u00e8me2 [&hellip;]<\/p>\n","protected":false},"author":1,"featured_media":453,"comment_status":"closed","ping_status":"open","sticky":false,"template":"","format":"standard","meta":{"ngg_post_thumbnail":0,"footnotes":""},"categories":[11],"tags":[],"_links":{"self":[{"href":"https:\/\/sitetab3.ac-reims.fr\/clg-curie\/-wp-\/wp-json\/wp\/v2\/posts\/276"}],"collection":[{"href":"https:\/\/sitetab3.ac-reims.fr\/clg-curie\/-wp-\/wp-json\/wp\/v2\/posts"}],"about":[{"href":"https:\/\/sitetab3.ac-reims.fr\/clg-curie\/-wp-\/wp-json\/wp\/v2\/types\/post"}],"author":[{"embeddable":true,"href":"https:\/\/sitetab3.ac-reims.fr\/clg-curie\/-wp-\/wp-json\/wp\/v2\/users\/1"}],"replies":[{"embeddable":true,"href":"https:\/\/sitetab3.ac-reims.fr\/clg-curie\/-wp-\/wp-json\/wp\/v2\/comments?post=276"}],"version-history":[{"count":1,"href":"https:\/\/sitetab3.ac-reims.fr\/clg-curie\/-wp-\/wp-json\/wp\/v2\/posts\/276\/revisions"}],"predecessor-version":[{"id":1070,"href":"https:\/\/sitetab3.ac-reims.fr\/clg-curie\/-wp-\/wp-json\/wp\/v2\/posts\/276\/revisions\/1070"}],"wp:featuredmedia":[{"embeddable":true,"href":"https:\/\/sitetab3.ac-reims.fr\/clg-curie\/-wp-\/wp-json\/wp\/v2\/media\/453"}],"wp:attachment":[{"href":"https:\/\/sitetab3.ac-reims.fr\/clg-curie\/-wp-\/wp-json\/wp\/v2\/media?parent=276"}],"wp:term":[{"taxonomy":"category","embeddable":true,"href":"https:\/\/sitetab3.ac-reims.fr\/clg-curie\/-wp-\/wp-json\/wp\/v2\/categories?post=276"},{"taxonomy":"post_tag","embeddable":true,"href":"https:\/\/sitetab3.ac-reims.fr\/clg-curie\/-wp-\/wp-json\/wp\/v2\/tags?post=276"}],"curies":[{"name":"wp","href":"https:\/\/api.w.org\/{rel}","templated":true}]}}