{"id":282,"date":"2018-09-30T11:50:54","date_gmt":"2018-09-30T09:50:54","guid":{"rendered":"http:\/\/sitetab3.ac-reims.fr\/clg-curie\/-wp-\/le-coin-des-parents\/"},"modified":"2020-06-23T09:04:09","modified_gmt":"2020-06-23T07:04:09","slug":"le-coin-des-parents","status":"publish","type":"post","link":"https:\/\/sitetab3.ac-reims.fr\/clg-curie\/-wp-\/le-coin-des-parents\/","title":{"rendered":"Le coin des parents"},"content":{"rendered":"<p style=\"text-align: center;\"><span style=\"color: #99cc00;\"><span style=\"text-decoration: underline;\"><span style=\"font-size: 24pt;\">Le coin des parents<\/span><\/span><\/span><\/p>\n<p style=\"text-align: center;\">&nbsp;<\/p>\n<p><span style=\"color: #99cc00;\"><img loading=\"lazy\" decoding=\"async\" class=\" size-full wp-image-851\" style=\"display: block; margin-left: auto; margin-right: auto;\" src=\"http:\/\/sitetab3.ac-reims.fr\/clg-curie\/-wp-\/wp-content\/uploads\/new_icones\/info-bulle.png\" alt=\"info-bulle\" width=\"142\" height=\"142\" srcset=\"https:\/\/sitetab3.ac-reims.fr\/clg-curie\/-wp-\/wp-content\/uploads\/new_icones\/info-bulle.png 228w, https:\/\/sitetab3.ac-reims.fr\/clg-curie\/-wp-\/wp-content\/uploads\/new_icones\/info-bulle-150x150.png 150w\" sizes=\"(max-width: 142px) 100vw, 142px\" \/> <\/span><\/p>\n<p style=\"text-align: center;\">&nbsp;<\/p>\n<p style=\"text-align: left;\"><span style=\"font-size: 12pt;\"><span style=\"text-decoration: underline; color: #333300;\"><span style=\"text-decoration: underline;\"><strong>Article du 28 septembre 2018<\/strong><\/span><\/span>: <span style=\"color: #0000ff;\">Semaine de la d\u00e9mocratie scolaire <\/span><\/span><\/p>\n<p style=\"text-align: left;\"><img loading=\"lazy\" decoding=\"async\" class=\" size-full wp-image-850\" style=\"display: block; margin-left: auto; margin-right: auto;\" src=\"http:\/\/sitetab3.ac-reims.fr\/clg-curie\/-wp-\/wp-content\/uploads\/actu\/semaine_de_la_democratie_scolaire.jpg\" alt=\"semaine de la democratie scolaire\" width=\"670\" height=\"948\" srcset=\"https:\/\/sitetab3.ac-reims.fr\/clg-curie\/-wp-\/wp-content\/uploads\/actu\/semaine_de_la_democratie_scolaire.jpg 670w, https:\/\/sitetab3.ac-reims.fr\/clg-curie\/-wp-\/wp-content\/uploads\/actu\/semaine_de_la_democratie_scolaire-212x300.jpg 212w\" sizes=\"(max-width: 670px) 100vw, 670px\" \/><\/p>\n<p style=\"text-align: center;\">&nbsp;<\/p>\n<p style=\"text-align: center;\"><span style=\"font-size: 18pt; color: #99cc00;\">&nbsp;******<\/span><\/p>\n<p style=\"text-align: center;\">&nbsp;<\/p>\n<p><span style=\"font-size: 12pt; font-family: arial, helvetica, sans-serif;\"><span style=\"color: #000080;\"><strong><span style=\"color: #000000;\">Article du 11 septembre 2018<\/span><\/strong>: <span style=\"color: #0000ff;\">Demande de bourse en ligne: mode d&#8217;emploi<\/span><\/span><\/span><\/p>\n<p>&nbsp;<img loading=\"lazy\" decoding=\"async\" class=\" size-full wp-image-849\" style=\"border-width: 1px; border-style: solid; border-color: #000000; display: block; margin-left: auto; margin-right: auto;\" src=\"http:\/\/sitetab3.ac-reims.fr\/clg-curie\/-wp-\/wp-content\/uploads\/actu\/Indispensables_visuels.png\" alt=\"Indispensables visuels\" width=\"670\" height=\"286\" srcset=\"https:\/\/sitetab3.ac-reims.fr\/clg-curie\/-wp-\/wp-content\/uploads\/actu\/Indispensables_visuels.png 1630w, https:\/\/sitetab3.ac-reims.fr\/clg-curie\/-wp-\/wp-content\/uploads\/actu\/Indispensables_visuels-300x128.png 300w, https:\/\/sitetab3.ac-reims.fr\/clg-curie\/-wp-\/wp-content\/uploads\/actu\/Indispensables_visuels-768x327.png 768w, https:\/\/sitetab3.ac-reims.fr\/clg-curie\/-wp-\/wp-content\/uploads\/actu\/Indispensables_visuels-1024x437.png 1024w\" sizes=\"(max-width: 670px) 100vw, 670px\" \/><span style=\"font-family: Calibri;\"><a href=\"http:\/\/www.education.gouv.fr\/cid117994\/scolarite-services-aide-a-la-premiere-connexion-des-parents.html\" target=\"_blank\" data-saferedirecturl=\"https:\/\/www.google.com\/url?hl=fr&amp;q=http:\/\/www.education.gouv.fr\/cid117994\/scolarite-services-aide-a-la-premiere-connexion-des-parents.html&amp;source=gmail&amp;ust=1536782049987000&amp;usg=AFQjCNHU2m5EipfkZ5Ry9BnKvpVV7I4_5g\"><\/a><\/span><\/p>\n<p><span style=\"font-family: arial, helvetica, sans-serif; font-size: 12pt; color: #800080;\"><a href=\"http:\/\/www.education.gouv.fr\/cid117994\/scolarite-services-aide-a-la-premiere-connexion-des-parents.html\" target=\"_blank\" data-saferedirecturl=\"https:\/\/www.google.com\/url?hl=fr&amp;q=http:\/\/www.education.gouv.fr\/cid117994\/scolarite-services-aide-a-la-premiere-connexion-des-parents.html&amp;source=gmail&amp;ust=1536782049987000&amp;usg=AFQjCNHU2m5EipfkZ5Ry9BnKvpVV7I4_5g\"><span style=\"color: #800080;\">\u2666 Je me connecte pour la premi\u00e8re fois sur mon espace T\u00e9l\u00e9service \/ ENT<\/span><\/a><\/span><\/p>\n<p style=\"font-family: -webkit-standard;\"><span style=\"font-family: arial, helvetica, sans-serif; font-size: 12pt; color: #0000ff;\"><a href=\"https:\/\/www.youtube.com\/watch?time_continue=1&amp;v=D_gGag9bMgg\" target=\"_blank\"><span style=\"color: #0000ff;\">\u2666&nbsp;Je fais ma demande avec mon code ATEN (T\u00e9l\u00e9service \/ ENT)<\/span><\/a><a href=\"https:\/\/www.youtube.com\/watch?time_continue=1&amp;v=D_gGag9bMgg\" target=\"_blank\"><\/a><\/span><\/p>\n<p> <center><\/center> <\/p>\n<p style=\"font-family: -webkit-standard;\"><span style=\"color: #0000ff;\"><span style=\"color: #99cc00;\"><a href=\"https:\/\/www.youtube.com\/watch?time_continue=3&amp;v=a_Me0V6q5S0\" target=\"_blank\"><span style=\"color: #99cc00;\"><span style=\"font-family: arial, helvetica, sans-serif; font-size: 12pt;\">\u2666&nbsp;<\/span><span style=\"font-family: arial, helvetica, sans-serif; font-size: 12pt;\">Je fais ma demande avec France connect\u00a0\u00bb<\/span><\/span><\/a><\/span><a href=\"https:\/\/www.youtube.com\/watch?time_continue=1&amp;v=D_gGag9bMgg\" target=\"_blank\"><\/a><\/span><\/p>\n","protected":false},"excerpt":{"rendered":"<p>Le coin des parents &nbsp; &nbsp; Article du 28 septembre 2018: Semaine de la d\u00e9mocratie scolaire &nbsp; &nbsp;****** &nbsp; Article du 11 septembre 2018: Demande de bourse en ligne: mode d&#8217;emploi &nbsp; \u2666 Je me connecte pour la premi\u00e8re fois sur mon espace T\u00e9l\u00e9service \/ ENT \u2666&nbsp;Je fais ma demande avec mon code ATEN (T\u00e9l\u00e9service [&hellip;]<\/p>\n","protected":false},"author":1,"featured_media":851,"comment_status":"closed","ping_status":"open","sticky":false,"template":"","format":"standard","meta":{"ngg_post_thumbnail":0,"footnotes":""},"categories":[2],"tags":[],"_links":{"self":[{"href":"https:\/\/sitetab3.ac-reims.fr\/clg-curie\/-wp-\/wp-json\/wp\/v2\/posts\/282"}],"collection":[{"href":"https:\/\/sitetab3.ac-reims.fr\/clg-curie\/-wp-\/wp-json\/wp\/v2\/posts"}],"about":[{"href":"https:\/\/sitetab3.ac-reims.fr\/clg-curie\/-wp-\/wp-json\/wp\/v2\/types\/post"}],"author":[{"embeddable":true,"href":"https:\/\/sitetab3.ac-reims.fr\/clg-curie\/-wp-\/wp-json\/wp\/v2\/users\/1"}],"replies":[{"embeddable":true,"href":"https:\/\/sitetab3.ac-reims.fr\/clg-curie\/-wp-\/wp-json\/wp\/v2\/comments?post=282"}],"version-history":[{"count":1,"href":"https:\/\/sitetab3.ac-reims.fr\/clg-curie\/-wp-\/wp-json\/wp\/v2\/posts\/282\/revisions"}],"predecessor-version":[{"id":1061,"href":"https:\/\/sitetab3.ac-reims.fr\/clg-curie\/-wp-\/wp-json\/wp\/v2\/posts\/282\/revisions\/1061"}],"wp:featuredmedia":[{"embeddable":true,"href":"https:\/\/sitetab3.ac-reims.fr\/clg-curie\/-wp-\/wp-json\/wp\/v2\/media\/851"}],"wp:attachment":[{"href":"https:\/\/sitetab3.ac-reims.fr\/clg-curie\/-wp-\/wp-json\/wp\/v2\/media?parent=282"}],"wp:term":[{"taxonomy":"category","embeddable":true,"href":"https:\/\/sitetab3.ac-reims.fr\/clg-curie\/-wp-\/wp-json\/wp\/v2\/categories?post=282"},{"taxonomy":"post_tag","embeddable":true,"href":"https:\/\/sitetab3.ac-reims.fr\/clg-curie\/-wp-\/wp-json\/wp\/v2\/tags?post=282"}],"curies":[{"name":"wp","href":"https:\/\/api.w.org\/{rel}","templated":true}]}}