{"id":310,"date":"2019-09-07T17:09:20","date_gmt":"2019-09-07T15:09:20","guid":{"rendered":"http:\/\/sitetab3.ac-reims.fr\/clg-curie\/-wp-\/a2d\/"},"modified":"2020-06-29T11:08:17","modified_gmt":"2020-06-29T09:08:17","slug":"a2d","status":"publish","type":"post","link":"https:\/\/sitetab3.ac-reims.fr\/clg-curie\/-wp-\/a2d\/","title":{"rendered":"Allumer deux DELs"},"content":{"rendered":"<p style=\"text-align: center;\"><img loading=\"lazy\" decoding=\"async\" class=\" size-full wp-image-918\" src=\"http:\/\/sitetab3.ac-reims.fr\/clg-curie\/-wp-\/wp-content\/uploads\/Atelier_ERI\/bandeau.png\" alt=\"bandeau\" width=\"500\" height=\"74\" srcset=\"https:\/\/sitetab3.ac-reims.fr\/clg-curie\/-wp-\/wp-content\/uploads\/Atelier_ERI\/bandeau.png 608w, https:\/\/sitetab3.ac-reims.fr\/clg-curie\/-wp-\/wp-content\/uploads\/Atelier_ERI\/bandeau-300x44.png 300w\" sizes=\"(max-width: 500px) 100vw, 500px\" \/><\/p>\n<p style=\"text-align: center;\">&nbsp;<\/p>\n<p style=\"text-align: center;\"><span style=\"font-family: comic sans ms, sans-serif; font-size: 18pt;\">Allumer deux DELs<\/span><\/p>\n<p style=\"text-align: center;\">&nbsp;<\/p>\n<p style=\"text-align: center;\"><span style=\"font-size: 12pt;\"><span style=\"text-decoration: underline;\"><strong>Cliquer sur les images<\/strong><\/span> pour t\u00e9l\u00e9charger les fichiers <\/span><\/p>\n<p style=\"text-align: center;\"><span style=\"font-size: 12pt;\">(en cas d&rsquo;\u00e9chec faites un \u00ab\u00a0clic droit\u00a0\u00bb sur l&rsquo;image puis \u00ab\u00a0enregistrer le lien de la cible sous&#8230;)<\/span><\/p>\n<p style=\"text-align: center;\">&nbsp;<\/p>\n<p style=\"text-align: center;\">&nbsp;<\/p>\n<p style=\"text-align: left;\"><strong><span style=\"text-decoration: underline;\"><span style=\"font-family: comic sans ms, sans-serif; font-size: 12pt;\">Le montage \u00e9lectronique<\/span><\/span><\/strong><\/p>\n<table>\n<tbody>\n<tr>\n<td>&nbsp;<a href=\"http:\/\/sitetab3.ac-reims.fr\/clg-curie\/-wp-\/wp-content\/uploads\/deuxLEDsallument.fz\" target=\"_blank\" rel=\"noopener noreferrer\" download=\"\"><img loading=\"lazy\" decoding=\"async\" class=\" size-full wp-image-915\" src=\"http:\/\/sitetab3.ac-reims.fr\/clg-curie\/-wp-\/wp-content\/uploads\/Atelier_ERI\/logo_fritzing.jpg\" alt=\"logo fritzing\" width=\"150\" height=\"61\" srcset=\"https:\/\/sitetab3.ac-reims.fr\/clg-curie\/-wp-\/wp-content\/uploads\/Atelier_ERI\/logo_fritzing.jpg 355w, https:\/\/sitetab3.ac-reims.fr\/clg-curie\/-wp-\/wp-content\/uploads\/Atelier_ERI\/logo_fritzing-300x122.jpg 300w\" sizes=\"(max-width: 150px) 100vw, 150px\" \/><\/a><\/td>\n<td>&nbsp;Format modifiable<\/td>\n<td>&nbsp; &nbsp; &nbsp; &nbsp; &nbsp; &nbsp; &nbsp; &nbsp; &nbsp; &nbsp; &nbsp; &nbsp; &nbsp;<\/td>\n<td>&nbsp;<a href=\"http:\/\/sitetab3.ac-reims.fr\/clg-curie\/-wp-\/wp-content\/uploads\/Atelier_ERI\/deuxLEDsallument.png\"><img loading=\"lazy\" decoding=\"async\" class=\" size-full wp-image-920\" src=\"http:\/\/sitetab3.ac-reims.fr\/clg-curie\/-wp-\/wp-content\/uploads\/Atelier_ERI\/logo_visionneuse_win.png\" alt=\"logo visionneuse win\" width=\"100\" height=\"84\"><\/a><\/td>\n<td>Format image<\/td>\n<\/tr>\n<\/tbody>\n<\/table>\n<p>&nbsp;<\/p>\n<p>&nbsp;<\/p>\n<p>&nbsp;<\/p>\n<p><strong><span style=\"text-decoration: underline;\"><span style=\"font-family: comic sans ms, sans-serif; font-size: 12pt;\">Le programme<\/span><\/span><\/strong><\/p>\n<table>\n<tbody>\n<tr>\n<td><a href=\"http:\/\/sitetab3.ac-reims.fr\/clg-curie\/-wp-\/wp-content\/uploads\/2LEDsallument.ino\" target=\"_blank\" rel=\"noopener noreferrer\" download=\"\"><img loading=\"lazy\" decoding=\"async\" class=\" size-full wp-image-914\" src=\"http:\/\/sitetab3.ac-reims.fr\/clg-curie\/-wp-\/wp-content\/uploads\/Atelier_ERI\/logo_arduino.jpg\" alt=\"logo arduino\" width=\"75\" height=\"75\" srcset=\"https:\/\/sitetab3.ac-reims.fr\/clg-curie\/-wp-\/wp-content\/uploads\/Atelier_ERI\/logo_arduino.jpg 225w, https:\/\/sitetab3.ac-reims.fr\/clg-curie\/-wp-\/wp-content\/uploads\/Atelier_ERI\/logo_arduino-150x150.jpg 150w\" sizes=\"(max-width: 75px) 100vw, 75px\" \/><\/a>&nbsp;<\/td>\n<td>Directement utilisable<\/td>\n<td>&nbsp; &nbsp; &nbsp; &nbsp; &nbsp; &nbsp; &nbsp; &nbsp;&nbsp; &nbsp; &nbsp; &nbsp; &nbsp; &nbsp; &nbsp; &nbsp; &nbsp; &nbsp; &nbsp; &nbsp; &nbsp;<\/td>\n<td><a href=\"http:\/\/sitetab3.ac-reims.fr\/clg-curie\/-wp-\/wp-content\/uploads\/pdf\/ERI\/deuxLEDsallument.pdf\" target=\"_blank\" rel=\"noopener noreferrer\"><img loading=\"lazy\" decoding=\"async\" class=\" size-full wp-image-922\" src=\"http:\/\/sitetab3.ac-reims.fr\/clg-curie\/-wp-\/wp-content\/uploads\/Atelier_ERI\/logopdf.jpg\" alt=\"logopdf\" width=\"100\" height=\"100\" srcset=\"https:\/\/sitetab3.ac-reims.fr\/clg-curie\/-wp-\/wp-content\/uploads\/Atelier_ERI\/logopdf.jpg 225w, https:\/\/sitetab3.ac-reims.fr\/clg-curie\/-wp-\/wp-content\/uploads\/Atelier_ERI\/logopdf-150x150.jpg 150w\" sizes=\"(max-width: 100px) 100vw, 100px\" \/><\/a><\/td>\n<td style=\"text-align: center;\">&nbsp; Texte&nbsp;&nbsp;&nbsp;&nbsp;&nbsp;&nbsp;&nbsp;&nbsp;&nbsp;&nbsp;&nbsp;&nbsp;<\/td>\n<\/tr>\n<\/tbody>\n<\/table>\n","protected":false},"excerpt":{"rendered":"<p>&nbsp; Allumer deux DELs &nbsp; Cliquer sur les images pour t\u00e9l\u00e9charger les fichiers (en cas d&rsquo;\u00e9chec faites un \u00ab\u00a0clic droit\u00a0\u00bb sur l&rsquo;image puis \u00ab\u00a0enregistrer le lien de la cible sous&#8230;) &nbsp; &nbsp; Le montage \u00e9lectronique &nbsp; &nbsp;Format modifiable &nbsp; &nbsp; &nbsp; &nbsp; &nbsp; &nbsp; &nbsp; &nbsp; &nbsp; &nbsp; &nbsp; &nbsp; &nbsp; &nbsp; Format image &nbsp; [&hellip;]<\/p>\n","protected":false},"author":1,"featured_media":918,"comment_status":"closed","ping_status":"open","sticky":false,"template":"","format":"standard","meta":{"ngg_post_thumbnail":0,"footnotes":""},"categories":[11],"tags":[],"_links":{"self":[{"href":"https:\/\/sitetab3.ac-reims.fr\/clg-curie\/-wp-\/wp-json\/wp\/v2\/posts\/310"}],"collection":[{"href":"https:\/\/sitetab3.ac-reims.fr\/clg-curie\/-wp-\/wp-json\/wp\/v2\/posts"}],"about":[{"href":"https:\/\/sitetab3.ac-reims.fr\/clg-curie\/-wp-\/wp-json\/wp\/v2\/types\/post"}],"author":[{"embeddable":true,"href":"https:\/\/sitetab3.ac-reims.fr\/clg-curie\/-wp-\/wp-json\/wp\/v2\/users\/1"}],"replies":[{"embeddable":true,"href":"https:\/\/sitetab3.ac-reims.fr\/clg-curie\/-wp-\/wp-json\/wp\/v2\/comments?post=310"}],"version-history":[{"count":9,"href":"https:\/\/sitetab3.ac-reims.fr\/clg-curie\/-wp-\/wp-json\/wp\/v2\/posts\/310\/revisions"}],"predecessor-version":[{"id":1317,"href":"https:\/\/sitetab3.ac-reims.fr\/clg-curie\/-wp-\/wp-json\/wp\/v2\/posts\/310\/revisions\/1317"}],"wp:featuredmedia":[{"embeddable":true,"href":"https:\/\/sitetab3.ac-reims.fr\/clg-curie\/-wp-\/wp-json\/wp\/v2\/media\/918"}],"wp:attachment":[{"href":"https:\/\/sitetab3.ac-reims.fr\/clg-curie\/-wp-\/wp-json\/wp\/v2\/media?parent=310"}],"wp:term":[{"taxonomy":"category","embeddable":true,"href":"https:\/\/sitetab3.ac-reims.fr\/clg-curie\/-wp-\/wp-json\/wp\/v2\/categories?post=310"},{"taxonomy":"post_tag","embeddable":true,"href":"https:\/\/sitetab3.ac-reims.fr\/clg-curie\/-wp-\/wp-json\/wp\/v2\/tags?post=310"}],"curies":[{"name":"wp","href":"https:\/\/api.w.org\/{rel}","templated":true}]}}