{"id":99,"date":"2024-11-12T21:34:00","date_gmt":"2024-11-12T20:34:00","guid":{"rendered":"http:\/\/sitetab3.ac-reims.fr\/clg-curie\/-wp-\/unss-2\/"},"modified":"2024-11-12T21:34:19","modified_gmt":"2024-11-12T20:34:19","slug":"unss-2","status":"publish","type":"post","link":"https:\/\/sitetab3.ac-reims.fr\/clg-curie\/-wp-\/unss-2\/","title":{"rendered":"ASMC"},"content":{"rendered":"<h2><em><strong>Saison AS coll\u00e8ge Marie Curie 2024-2025<\/strong><\/em><\/h2>\n<h1><strong><img loading=\"lazy\" decoding=\"async\" class=\" nofocus\" tabindex=\"0\" src=\"https:\/\/th.bing.com\/th\/id\/OIP.JyLI3tf45KtxRZ_nuVr_fQAAAA?pid=ImgDet&amp;w=250&amp;h=250&amp;rs=1\" alt=\"Afficher l\u2019image source\" width=\"85\" height=\"85\" aria-label=\"Afficher l\u2019image source\" data-bm=\"1254\" \/><\/strong><strong>Cross d\u00e9partemental\u00a0 <\/strong>13\/11\/24<\/h1>\n<p>Article en pr\u00e9paration<\/p>\n<p>\u00a0<\/p>\n<h2><em><strong>Saison AS coll\u00e8ge Marie Curie 2023-2024<\/strong><\/em><\/h2>\n<p><img loading=\"lazy\" decoding=\"async\" class=\"\" src=\"data:image\/png;base64,iVBORw0KGgoAAAANSUhEUgAAAagAAAGoCAIAAACc0OaXAAAAA3NCSVQICAjb4U\/gAAAAX3pUWHRSYXcgcHJvZmlsZSB0eXBlIEFQUDEAAAiZ40pPzUstykxWKCjKT8vMSeVSAANjEy4TSxNLo0QDAwMLAwgwNDAwNgSSRkC2OVQo0QAFmJibpQGhuVmymSmIzwUAT7oVaBst2IwAAB+1SURBVHic7d3tdarK38Zxcq\/z3vlX4OwKJBWAFUgqCKlAU0HcFeipQFKBpgLZFciuQFIBpALvF+zl9vhABgRmgO\/nZVaioyZX5uE3Mw+Hw8FCs6Io+vr6UvnONE2jKKq7PUCvDIfDf3S3oZviOH5\/f4+iKE1TwgswiuM4BF8tgiD4+fOn7lYAuO7\/dDegm2az2XA41N0KANcRfLUQQmw2m8FgoLshAK4g+Opi23YYhmQfYCCCr0a2bQdBoLsVAM4RfPXyPG8ymehuBYD\/IPhqt1wudTcBwH8QfLWTUk6nU92tAPAXwdeE2WymuwkA\/iL4miClfH5+1t0KAH8QfA3xPE93EwD88cAhBY15eHjQ3QQAluM49PiaMxqNdDcBgGUx1G2S7\/u6mwDAsgi+Js1ms8ViobsVAAi+Zs1mM8dxdLcC6DuCr2lBEHByAaAXwdc0KSX1zIBelLPoIaX8\/PzU3Qqgjyhn0YaTCwCNCD49PM9jlQPQheDTZj6f624C0FMEnzau63JyAaAFwacTnT5AC4JPJ46rArQg+DSbz+fUMwMNI\/g0o54ZaB4FzPqlaSql\/Pr60t0QoBcoYDaCEIJOH9Akgs8Is9lsOBzqbgXQFwSfEYQQlLYAjWGOzyCcXAA0gDk+s9DpA5pB8BnE931OLgAaQPCZhU4f0ACCzyyu69LpA+pG8BmHTh9QN4LPOBxXBdSN4DMRnT6gVgSfiTiuCqgVwWcoOn1AfQg+Q0kpp9Op7lYA3cSWNXOlafq\/\/\/1PdyuArmHLmtGEEMz0AXUg+IzGTB9QB4LPaCzvAnUg+EzH4cxA5Qg+09m2ze5doFoEXwvQ6QOqRfC1gOd53MgBVIjgawff93U3AegOCpjbgWJmoCoUMLeGEGIymehuBdARBF9rMNoFqsJQt02EEF9fX7pbAbQbQ92WodMHVILgaxOCD6gEwdcmtm1T0Afcj+BrGdd1dTcBaD2Cr2U8z9PdBKD1WNVtn4eHB91NAFqMVd1WopIZuBPB1z6MdoE7EXztQ\/ABdyL42kcIMRqNdLcCaDGCr5WoZAbuQfC1EqNd4B4EXytJKRntAqURfG1Fpw8ojeBrK4IPKI3gaysOLABKI\/hajE4fUA7B12IUtQDlEHwtxmgXKIfgazdGu0AJBF+7MdoFSiD42s22bSqZgaIIvtaj0wcURfC1HtN8QFEEX+uxbxcoiuDrgtlsprsJQJsQfF3AaBcohODrAiEENxAB6gi+jmBtF1DHvbrdIYT4+vrS3QrAdNyr2yl0+gBFBF93sLYLKCL4ukNK6TiO7lYALUDwdQqjXUAFixtdwxIHkI\/FjQ5ipg\/4FsHXNYx2gW8RfF0jpXx+ftbdCsBoBF8HMdoF8hF8HWTbNnUtQA6Cr5vm87nuJgDmIvi6yXVdOn3ALQRfZwVBoLsJgKEIvs6SUr69veluBWCif3Q3ADXKZvqWyyV7OYBTbFnrvjAMx+Ox7lYApmDLWi+4rsuYFzhFj68vbNv+\/fu37lYA+tHj65Hlcqm7CYApCL6+cF2XPbxAhqFuj6RpKqVkhRc9x1C3X4QQbGUDLHp8PcQqB3qOHl8fsZUNIPh6x7ZtyvrQcwx1e4oBL3qLoW5\/bTabwWCguxWAHgRfT0kpwzAk+9BPBF9\/2bYdBAHZhx4i+HrN8zwWedFDBF\/feZ43nU51twJoFMEHrqNE7xB8sKSU3EyEXiH4YFmWxSoHeoXgg2VZlpSSA\/vQHwQf\/vB9nwP70BMEH\/4KgmA0GuluBVA7gg\/\/QVkf+oDgw3\/Yts2AF51H8OEcZX3oPIIP52zbHg6HulsB1IjgwxVSSt1NAGpE8OEK27Z1NwGoEcGHK4QQupsA1IjgwxX0+NBtBB+uIPjQbQQfrpBSsrCLDiP4cJ3nebqbANSF4MN1BB86jODDda7rMtpFVxF8uMn3fd1NAGpB8OEmgg9dRfDhJiklJ7Wgkwg+5JnP57qbAFSP4EMeOn3oJIIP35jP51zAho4h+PANKSVHk6JjHg6Hg+42oAVc1\/3165fuVgAVcByHHh+UbDYbLmBDZxB8UCKECMOQ7EM3EHxQRfahMwg+FED2oRsIPhQjhNhsNhS4oNUIPhQmpeTQKrQawYcyZrMZnT60F8GHMmzbDsOQ7ENLEXwoybbtKIomk4nuhgCFEXwoT0q52Wy22y3xh3ZhyxqqEcdxGIZBELCzDYZzHIfgQ8XCMPQ87+vrS3dDgOvYq4vqua4bRRFFzjAZwYfqZXN\/rPnCWAQfaiGlpN4FxiL4UBfbtoMg0N0K4AqCDzXyPG86nepuBXCO4EO95vM5Cx0wDcGHegkhGPDCNAQfamfb9mKx0N0K4C+CD02YzWaO4+huBfAHwYeGBEFAdQsMQfChIVLK+XyuuxWAZRF8aNJsNuMcF5iA4EOjGPDCBAQfGkV1C0xA8KFpaZrqbgL6juAzXZqm7+\/vultRmSAIXl5edLcCffeP7gYgTxRFT09PcRwPh0PXdXU3516kHgxBj89QURS9vLw8Pj7GcWxZ1tPTU9unxsIwJPVgCI6e1ymO41+\/fmW3VZx+PYqiqxNhnuctFgspZTPNq1AURePxmNk9mMBxHOuAxu33++Vyadt2ic9MCDGfz3W\/gmJ2u50QovJfX6AcLhtqSBzHHx8fYRimaRrHcTZ6vYeUcrVatWLWj74eTEOPrwmz2aymz2+1Wul+cd+grwcDEXy1832\/1o9wvV7rfok3JUnSxulIdB7XS9ZruVzWvRT7+vpa6+OXlqbpeDy+f1AP1IHgq0uapj9\/\/qz7WS5XhE2QpV4URbobAlxH8NVluVw2M6NvWvBVknqj0YiDS1Efgq8upuVRM+5Mvclkks1aRlEUhuHhcNjtds\/Pz9U2EiD4Ws+cZdN7Um84HG63281m43ne6dezy3l3u91wOKyomYDFqm5dkiRp5lrF\/X6v+7UeDodDkiTlSrIty3p+fk6S5NvH55pKVIJylno1UMwxHA51v8rD4b7UU69G3O\/3HGKK+1HOUqNKdmh862xgqEXpEe5gMNjtduqljlLK+qrB0SsEX12aKWHTHnylU89xnDiOi\/YT6y4IR08QfHXpw6puHMflUu\/t7S0MwxLLMlJKRru4H8FXl2Z6fBq3RkRR9Pj4WDT1BoPBer2+557JVhzNAMMRfHVpJpI2m00Dz3Kp3Jkr2fD2zuH5crm858cBy6KcpTaN7c9vvpxltVqVGKW+vb1V1YDFYlHHO4meoJylRo19iq7rNvm6SnS4BoPBdrutthls50BpBF+NmvwgF4tFA68oSZISi6pZzUod7ZlMJjW8l+g+gq9GTX6QQoiawuVov9+XKFGuL\/UO7OVAWQRfjRquurBt+9tdX6Wt1+sSk3q1pl6GvRwogeCr0X6\/X61WTf5Z+r5f+asoN7y1Gkm9DAsdKIrgq13Dw7EKV04PZTt6VoOpl+HgFhRC8DVht9s12e+r5BaO3W53T51w5Wu4+VarVXXvH7qP4GtIk8OxOxc6Cp0acJWWu9\/o9EEdwdecJv8yhRAlqpqDILh\/N1i1Y211dPqgjuBrztvbW5MfrZRSpd+32+2Wy2VVR7w8Pz\/X\/0ZelyQJy7tQ5DjOw6HZirPeiuP4x48fDT\/pbDZzXfe4QJGmaXamQBRFaZpWe37MaDQqd+BKVXzff39\/1\/XsaBF6fI3q8C6r4XBYXxWhovV6rfttQDvQ42uUlk5fAwaDQRiGpY+er5AQ4uvrS3crYDqOnm+UlLJ7nT5zUs8y4DxqtAXB16iOnZxuVOpZlmVOS2A4gq9RjR3S1wDTUs8i+KCM4GtUZ04PNjD1rG79X0GtCL7mBEHw77\/\/6m5FBcxMPUvrDSRol390N6Avoih6eXnR3YoKjEajzWajvW8VRdHX19exMtGyrDAM+3CzHaqht\/aqJ5Ik0Z4UlZhOp3rr9e7fSgxQwNyQ6XSq+7O+l+M4TZ40dVW5S46AMwRfE3a7ne4P+i6j0ajhY6au4hgCVIXga0KrL8DWeO7AKYa3qBBb1moXhuF4PNbdivK0\/3rEcfz09HRcwQDux5a12v38+VN3E1pss9k8Pj6SeqgcwVejDhRY6AqdNE1fX1+fnp7SNL3ncTiZGVcRfDXqQHdPS\/BFUTQej+\/f5TIYDOI4ZlUEV+ietu6s7Xar+7OtwGQyafh9m8\/nVTX+uDLT8PHXMBxzfDXqxrbcX79+NfZccRw\/Pj5WGHzHovHZbMbB9DhF8NUijuOPjw\/drahAmqZBEDTwREEQ1LeOIYSgIAanCL5aNBMWzdhsNrU+fpqmLy8vLy8vd65j5JvNZvU9ONqn4RmcnujGztyjEpdVKtrtdvWd8nJ2t\/pkMqnpidAuzPHVIoqijp2PVFMHNgiC8Xhc38Lx2adApw9HBF\/12l67d6mOYwQbGN6ePbjrut278wTlEHzV695Og2qXONI0fXx81DINulwuWd6FRfDVockSkMZUVYwdRZHGXWhCiDAMyT4QfBULw7BjE3yZOI7v76NlRzbofX9s2+7eXASKIvgq1qVCljN3zvRlSxm1Tuopsm2bvRx9V1OZQj91Y5tajtVqVeJtSZJEy4rqdDrNaVLz7YEhOIi0YkXPHJ1MJu2ab5JSFn1PgiDQVdXoOE5OwxzH0dIqaEfwValody\/rjyRJ0q5h19vbW\/77sF6vDbl5Mj\/4KG3pLYKvSoX+2ofD4el1Zfv9vi0dECFEzkYOo7bE5gfffr9vV3cbVSH4KrNYLAq99Vcny9brdSv+FF3XvfommNZ1\/XZgvtvtWvGGo1oEXzX2+32haw9Ho9Gth0qSpBVDMN\/3Lxu\/Wq1M67d++9m1\/Q48lEDwVcPzvELv+7e3NW63W\/PPTPc87+qY16gTj1U+Pg4v6BuCrwLr9brQm654YWOSJK24hty2bd\/35\/P5ZrMJw3C\/3xuyspFReauLTlOg7Qi+eyVJUnSQe7qm8a3dbjcajer7Deg8lavQO199iTMcS3WvQteADQaDIAgKBaVt21EUmbZo0DGFPhF0RPneTu8VGiINBoPdblf6uej6laPS4zvovjQdDWOoW16h1cA7U++Irl9R35ZbZ3Q3E41iqFtSmqZPT0+K3zwYDMIwrGTKfz6f0\/WrA9V8fUPwlfH09KR4tlKFqZfJZv0Wi0Wv\/lbrLu4xaiUaTbh\/\/NU36lUmVY1wr2rRLrc7Zdv7ytV15+9aK\/GZogOY4yusUOlDuUOcCulD1y9boNjv9yV+VjH4ihZjotUIvmKSJFE\/YUmxULmSVnV478FkMjm+0hIvUzH4OJ6vVwi+YtQXVc8OX2nAer02f5dbCae74spVGiu+gR3+54EzBF8BhYZaZ1dZN6Mtu9zUXRajlFjRVnz3jNpijFoRfAWon658Ojpr3m6368aix2AwuOw1l4gn9a5352dLkSH4VBWa\/M45p7Mxq9Wq7X\/GV2uPkyQp+roUN28cqA\/vDYJPlYFrGt9q3aH2p4bD4a3XVbSuRT34yi0co3UIPiWF9uSa0N07td\/v27jTI6cSqOjRoYvFQv3tasUpsLgTwfe9QgdPKe4MbV7rFj1s286ZmysU5YU+FDp9fcBe3e8tl0vFg6cGg4GW22NVLJfLFq1aOo6z3+9zbh8vdKVRoSvMpZR0+nqhgu5Ed3Wju3fUiuzL3sasKvtWv69QvbFiDfMRnb7OY6j7DfXFgau1FwYyPPvOQmqxWNzKPvV646LBd2Cmr+sIvjwd6+4dGXvFxGAwuFwaWq1WV7OvUIIXfYvo9HUbwZene929IzO3Z91afr2VfeoFfSXeIjp9HUbw3VSou9fAKSzVSpLEtI29OYV7h8NhvV47jnOWferZVOJwMO7b7TCC7yb17l6JKSQTmDbZ9+0\/j8t+n\/p2GvUa5lPd2PmHSwTfderdvavTUm1R96+Xuvzu3tFl9ik+fqEa5iMO6esq6viuU6\/dC4JAfTebacxp+Xw+V\/k23\/en0+lpfZ9ip6xQKd+R53mmTQigMiX+E3abenevdVN7ZwwZyg0Gg0LNPu33Kc5IlJ6OMHYFHPegx3eFYndvtVoV2j9gIEP2mRS96Mf3\/dFo9Pj4GEWR4llhn5+fZVpmWZ7nlftBGO7hYNJcj3Zpmv748SM\/+AaDwWazUT+ez2S+77+\/v+ttgxDC87xs3J29qypdUd\/3Pz4+XNfdbDYqz1L699y27d+\/f5f7WZiJxY1z3w6dLosqWi1JEgPPbhFCLJfLaltebmH3YGrNI+5B8P3Ht7N7Ldqeoc7M7LMUlmILHUpabkK2UDkn2oLg+4+c7t5gMGj7UkYOM7NPCPFt51q9zHg6nZZ4Z9p7kityEHz\/kfO\/vfRAqS0M3Mthqb3tiguvtm0XfU92ux3dvU4i+P7K2clQrrNgst1uN5vNzjZylbu8sVaKhceK03BFJ2eLLjejLShn+StncbMz\/\/ajKHp9ff3x48fj4+NyuTxbD3Vd17QBr3oZucpkXxiG6k\/98vISRZH696NlCv0P7Kr8Y4j0Xhd5vyRJlsvlZf\/lcvRn2pSW+s1NKluPq300tBdD3T++nSdqaQnLfr\/Pr7I+e10Glm6oryl9210VQqg8DqnXeQTfH9\/O5rRuSTdJEpWNGWevy5BNbGd831f5x6MSWCpnwDTwiqAXwXc4qB23a85tuSr2+73ixPzZKH6325l5AKcQwvf9\/INwVC7ikFLmPILiWQloO4LvcFCrh2jRoXtJkhRajrzsTJm2xHEq26N267WrtPxqFXqSJGzL7Q+C73BQm9hSnB4yQdEFiuPob7fbhWFoyMkF+aSUs9nssgOoWNM3n8+PP5IkSRAEnVm4hwqC73DIrVs+pbuZqorO0x1Hf22c3nJdNwiCY6dVfSOHEMJ1Xdd1ibweIviuV+0OBoPtdpskyemEl+6WqiqxMnusEzZwVVdFNgMYBEEQBLrbghYg+K4Pjo5LGafz5VqbWUC5Wrxsc5hpdXxAHdi5cb2a\/3gm+3EcZOA+1lu6cVAgUKu+B9\/Vs3njOD77Sou2bZZravZTHx8fZpbyAdXqe\/Bd3Y\/569evs6+0qNZBCFEuvMIwjKJoPp+rH3LXK6PRKDvWwcxSRxSjeUZKq5yS1+OBSKPRaDAYtGvLWompuqzHl13z2KLubWOen59PfwdaugqETN8XN3KqH1zXzb5nv9+37uZc9aqOM9kBXGdfnEwmb29vvR0CD4fD9Xp99g4XOvwZpul78B1yL6Bp9eGj5VZj1uv1ZS84y\/2+\/akPBoPpdHoZeUesgLcXwZcXEK0+jWo6nZb4hdhut6vVajAYnL4tx8dMkqQnQ7yzge0tLVrrxymC77Ber2+9Oy3apnYp53Xl2G63rusuFovTuu6zR95ut90e9mYTnSrauNcFFsGXuTVmGQwGupt2lxL9kawGcLvd5gRfpsPxV+hACjp9bUTw\/bHdbi8nsFo91D2UHe1alrXdbk9\/NucpttttJwe\/Z7eR5KDT10YE319JkpwlRasXNw53rO0uFovTrfvfpsB+v397e+vS0odt2+oFTHT6WofgO7ff75+fn7MVPd1tqUAlf5Pq\/wDW63X27t3\/pNp5nqf+qnU3FsUQfB2neD5dvhI93yRJ1ut12ycBfd9XfL1tf6V9Q\/B1nMpp7Dm\/HNmBxvcM+U9nAEejkeM47RoYKmafgVcSIwfB132lN5ZOp9MkSYbDYeVznVeXkoylmH10+lqE4Os+lauUrhJCJEny9vZWxyLPbrdr0XKwSvbR6WsRgq8X7iy5aH51O9tAMp1OzRkXq2Qfnb62IPj6Yr\/fLxaL47SdOu3FjPv9frVaPT8\/a7\/7zfO8\/BoXOn1t4TjOwyF3oz764+Hh4ewrw+Hw8kxWvcIwjOM4juMoitI0vTw5sQ6TySSKos\/PT9u2t9ttzv1Erus20yTcw3Gcf3S3AeaybTtN0yAIzLlz8urB+lkIpmmaHSubXSdQYQAJIaIo8n3\/4+NjPB7nZN98Ph+Px1U9L2rU1JAFprv83Xh+fl6tVi26TP3Mfr9fr9dvb2\/3D5OzQW5WFymlzNnNwkyf+Zjjw1+Xvx+j0UhK2d7gO5UkyWKxKL1a8vb2lj1OVosjhLiVfaV3CqIxBB\/+yvkt0d20Ki0WixJVhFlxT\/YIu91uNBoJIW4dU8qlHIYj+PBXzi+K7qZVLEuuon8tx9uWDydnsq5Wq8vHL107iWYQfPgr5xdFd9OqlyRJiew7u30lO85nPp9fPj4H05uM4MNfOb8ouptWi91uV3TMe9rpy2TF4ZflzX27oqRdCD78lfOLortpdSnRL7tc08gC1HXds\/LmSo7GQR0oYMZflwXMR0mS5FTttpqU8vPzU\/37Xde93KERx7HneQ8PD2clfkUfHM1wHOf\/dLcBLZAVBneS7\/uFvj8Mw6xA+pSUMgzD4XD448eP0\/cqCIJ724d6EHzotRKbUl5fXy+\/KITYbDbPz8\/j8fiYjK7rtugQml4h+PBHP7ccCCGKlt1FUXSrK7dcLheLxXg8Pn5DEASschiI4MMfObN4aZo22ZKGeZ5X9Ed+\/vx56z3xfX+73c5ms6xjmPUE720iqkbw4Y+c2a4Oz\/FZNw4+yBfH8XK5zHnAMAy32+3T01Oapq7rlr7qEzUh+PCH53n9vDBMCFFiJu7ff\/\/N6Qjbth2GYZIk4\/E4TdP5fG7OoaqwCD6cOhv0HSenLtcxO6ZEpy9N0\/yFESFEGIaj0ejHjx9xHLPCaxSCDzfNZrNsxaPzxWglgs+yrPf3928Pag2C4O3t7fHx8ffv3xxeYA4OIkWezWbjuu7v37\/TNO1qDbNlWbZtD4fDEvn+8vLy7Ynzs9lMCDGbzXJKxNEwenzII4TICjI6P9otsbZr3ahnvuT7fhiG7JIyB8GHv67O1tu2HQRB52sySh+vf7We+ZJt21EUab8yCRmCD3\/dKlvxPK9ch6hFsrOmS\/xgTj3z5VOEYdjPQnHTEHxQ0vngsywrpzQvX04985lsqZdVDu0IPtxk2t2SdbNtu1ylcX4986UgCDi0Si+CDzcdgy+KotK9oXYpXWmcX898aTabZYeYQo\/GDn2E+fb7\/VmXZ71eL5fL4XB4dspmh5U4mTlzeT7zt7I72yr6U4YqTmDGFZd\/+YvFQnejGlW6L5Zz3+4t35YBonIEH6473iJmWdZ0OtXdHA3K3Rbkum5jz4XSOHoeuMn3\/ff396I\/tV6vS6yA27b9+\/fvoj+Fcjh6HrgpCIISp7a8vr6WOL6wdPk0yiH4gJuCICi616JoaUvG933OrWoSwQfcdDxaqtBP\/fz5s8TRrX0oETcHwQfkKZd9iht4T2XBNxwO2c\/bAIIP+EaJ7AvDsOiANzsT0Pf9bh\/0bwiCD\/heiex7fX0tGmHH8kkupawbwQcoybKv0BLEy8tLoaewbfvj48Mqfs05iiL4AFXZXZHqm8yiKCpap6J+yBXuQQEzUEwURa7rfn19KX7\/arVS7MG5rvvr16\/yLYMaCpiBwrKrI9X7feqTfWzeaAzBBxRWKPvSNM1u183\/tiiKSmz5QDkEH1BG5dnXkxMPDUHwASUVyr4oih4fH2+NeYMgKHEgAkoj+IDyCmVfHMfj8fjff\/89+3oQBEULX3AnVnWBexVd55VS+r4vpYzjWPFmXlSI8\/iAahTNPmhEOQtQjaI1LtCL4AOqQfa1CMEHVMa2bapSWoHgA6rk+34dF+YOBoPdbsc15FUh+ICK1ZF9y+XStm1Oaa4KwQdUz\/f9Ci+NHA6H2TEHUsrn5+eqHrbPCD6gFvP5vKqQOj3chaP6KkHwAXUJgqCS7DsNO9d1Hce5\/zF7juADarRcLu+8PGg0GkkpT78yn8\/veUBYBB9Qq+zA+nuK+y7Htq7rMtN3J4IPqFd2YH3pH7+6kkun704EH1C70hNzl+PcDMu7dyL4gCaUW43NKdybz+dsjyuN4AOa4Pv+er0udDullRt8UsqiV7jhiGOpgOakaTqfzy\/PIr1qOBzGcZz\/aFJKzsIqimOpgEYJIZbL5Xa7Ven6fbtBLXu0iprWLwQf0DTXdaMomk6n+d+mMi3o+37R4TMsgg\/QIuus7ff76XR6dY3CcRzbtlUeitKWEpjjA\/SLomiz2cRxnE3q2bY9n8+FEIo\/LqX8\/PyssX3dwp0bQBdwT1shBB\/QEXT61LGqC3QEM32F0OMDOoJOnyJ6fEB3sJFDHcEHdASHM6sj+ICOEEJMJhPdrWgHgg\/oDq5hU0TwAd1B8Cki+IDuEEJwQKkKgg\/oFJY4VBB8QKe4rst5Ld8i+ICuYRfHtwg+oGs8z+M6jnwEH9A1Qgh2ceQj+IAOYokjH8EHdBAX7+Yj+IBuYokjB8EHdJOU0nEc3a0wFMEHdBadvlsIPqCzXNel03cVwQd0GZ2+qwg+oMvo9F1F8AEdR6fvEsEHdBydvksEH9B9dPrOEHxA97muOxqNdLfCIAQf0AscW3CK4AN6gbOqThF8QC8IIbiK6IjgA\/rCtm3dTTAFwQf0BcF3RPABfeG6ru4mmILgA3pkMpnoboIRCD6gR1jfyBB8QI9Q1JIh+IAeoaglQ\/AB\/cIFbBbBB\/SN67rD4VB3KzQj+IDe4bAWgg\/oHab5CD6gd4QQPb9unOAD+qjnnb6Hw+Gguw0ANBBCfH196W6FBo7j0OMDeqrPnT6CD+ipPp9ZQPABPUXwAegdKaXuJmhD8AH91dv7dgk+oL96eyYzwQf0V2\/vnCT4gP6SUk6nU92t0IACZqDX0jS1bfvz81N3Q5pDATPQd0KIIAh0t6JpBB\/Qd67rLhYL3a1oFMEHwJrNZr06r4XgA2BZlhUEQX\/K+gg+AH9sNpvRaKS7FU0g+AD8IYQIw7AP2UfwAfgrW+Tt\/N27\/w8Oz9udXAKgFQAAAABJRU5ErkJggg==\" alt=\"\" width=\"62\" height=\"62\" \/> <strong>SECTION ESCALADE<\/strong><\/p>\n<p>Ce mercredi 10 avril \u00e0 la CIMES, la section sportive escalade du coll\u00e8ge Marie Curie s\u2019est hiss\u00e9e sur la premi\u00e8re marche du podium au championnat acad\u00e9mique UNSS excellence! L\u2019\u00e9quipe, compos\u00e9e de Philom\u00e8ne PELLECUER, Andrea PESCHEUX, Basile PIERREYRES, Mohamad BURGY la jeune officielle Rose GOBANC\u00c9, devance celles des coll\u00e8ges Jean Moulin (Saint-Memmie), Saint-Bernard (Troyes) et Saint-Saens (Chaumont). <br \/>Nos grimpeurs d\u00e9fendrons les couleurs du coll\u00e8ge au championnat de France organis\u00e9 \u00e0 G\u00e9mozac (Charente-Maritime) du 4 au 6 juin prochain!<\/p>\n<p><img loading=\"lazy\" decoding=\"async\" class=\"size-thumbnail wp-image-2287 alignleft\" src=\"http:\/\/sitetab3.ac-reims.fr\/clg-curie\/-wp-\/wp-content\/uploads\/interacad-24-1-2-150x150.jpg\" alt=\"\" width=\"150\" height=\"150\" \/> <img loading=\"lazy\" decoding=\"async\" class=\"size-thumbnail wp-image-2288 alignleft\" src=\"http:\/\/sitetab3.ac-reims.fr\/clg-curie\/-wp-\/wp-content\/uploads\/interacd-24-2-e1713003186308-150x150.jpg\" alt=\"\" width=\"150\" height=\"150\" \/><\/p>\n<p>\u00a0<\/p>\n<p>\u00a0<\/p>\n<p><img loading=\"lazy\" decoding=\"async\" class=\"alignleft  wp-image-2254\" src=\"http:\/\/sitetab3.ac-reims.fr\/clg-curie\/-wp-\/wp-content\/uploads\/imagemultisport-150x150.jpg\" alt=\"\" width=\"61\" height=\"61\" \/><\/p>\n<p>\u00a0<\/p>\n<h2><strong>Les Championnats Acad\u00e9miques et inter-acad\u00e9miques<\/strong><\/h2>\n<p>Ce Mercredi 10 Avril 2024, suite \u00e0 un mois de Mars en r\u00e9ussite, nos jeunes \u00e9l\u00e8ves des sections se sont qualifi\u00e9s pour certains aux inter-Acad. en Sports Collectifs\u00a0 et pour d&rsquo;autres au championnat acad. en vue de se qualifier aux CdF.<\/p>\n<p><img loading=\"lazy\" decoding=\"async\" class=\"wp-image-2256 alignleft\" src=\"http:\/\/sitetab3.ac-reims.fr\/clg-curie\/-wp-\/wp-content\/uploads\/section-footG2024-acd-150x150.jpg\" alt=\"\" width=\"207\" height=\"207\" \/><\/p>\n<p>L&rsquo;\u00e9quipe de Minimes de la section foot Gar\u00e7ons, s&rsquo;est qualifi\u00e9e aux inter-acad. dans la r\u00e9gion de Strasbourg, en devenant champions acad\u00e9miques contre Charleville et Reims.<\/p>\n<p>En parall\u00e8le, les benjamins de la section sont devenus \u00e9galement champions acad\u00e9miques mais l&rsquo;aventure s&rsquo;arr\u00eate l\u00e0 pour eux.<\/p>\n<p><img loading=\"lazy\" decoding=\"async\" class=\"size-thumbnail wp-image-2257 alignright\" src=\"http:\/\/sitetab3.ac-reims.fr\/clg-curie\/-wp-\/wp-content\/uploads\/section-footGbenj2024acad-150x150.jpg\" alt=\"\" width=\"150\" height=\"150\" \/><\/p>\n<p style=\"text-align: left;\">\u00a0<\/p>\n<h1><img loading=\"lazy\" decoding=\"async\" class=\"alignleft size-thumbnail wp-image-2255\" src=\"http:\/\/sitetab3.ac-reims.fr\/clg-curie\/-wp-\/wp-content\/uploads\/section-footF2024acad-150x150.jpg\" alt=\"\" width=\"150\" height=\"150\" \/><\/h1>\n<p>Les filles de la section futsal se sont qualifi\u00e9es \u00e9galement pour les inter-acad. qui se joueront dans la banlieue de Mulhouse.<\/p>\n<p>\u00a0<\/p>\n<p><img loading=\"lazy\" decoding=\"async\" class=\"alignleft size-thumbnail wp-image-2253\" src=\"http:\/\/sitetab3.ac-reims.fr\/clg-curie\/-wp-\/wp-content\/uploads\/escalade2024dep-150x150.jpg\" alt=\"\" width=\"150\" height=\"150\" \/><\/p>\n<p>La section escalade s&rsquo;est qualifi\u00e9e au championnat acad., qui se d\u00e9roulera \u00e0 la CIME, en devenant champion d\u00e9partemental en excellence.<img loading=\"lazy\" decoding=\"async\" class=\"sFlh5c pT0Scc aligncenter\" src=\"https:\/\/encrypted-tbn0.gstatic.com\/images?q=tbn:ANd9GcTwse4dA5PwhmIbaeZdUHT2ahSMTMHF8Jmak8XINp9V3A&amp;s\" alt=\"Association Tunisienne de Soutien \u00e0 la Famille &quot;Yessrine&quot; - L'Association  ATSF ''Yessrine'' Souhaite aux Eleves Bon Courage &amp; Bonne Chance pour le  concours de 9eme ann\u00e9e | Facebook\" width=\"108\" height=\"91\" data-ilt=\"1712582139978\" \/><\/p>\n<p>\u00a0<\/p>\n<h1>Bravo \u00e0 tous, et bonne chance pour Mercredi&#8230;<\/h1>\n<h1><strong><img loading=\"lazy\" decoding=\"async\" class=\" nofocus\" tabindex=\"0\" src=\"https:\/\/th.bing.com\/th\/id\/OIP.JyLI3tf45KtxRZ_nuVr_fQAAAA?pid=ImgDet&amp;w=250&amp;h=250&amp;rs=1\" alt=\"Afficher l\u2019image source\" width=\"85\" height=\"85\" aria-label=\"Afficher l\u2019image source\" data-bm=\"1254\" \/><\/strong><strong>Cross d\u00e9partemental\u00a0 <\/strong>15\/11\/23<\/h1>\n<p>Ce mercredi 15 Novembre 126 \u00e9l\u00e8ves du coll\u00e8ge Marie Curie se sont rendus en bus \u00e0 Mesnil Saint P\u00e8re afin de participer au Cross D\u00e9partemental UNSS. Toutes les cat\u00e9gories de Benjamins aux Juniors filles et gar\u00e7ons repr\u00e9sentaient l&rsquo;ensemble des AS des coll\u00e8ges et lyc\u00e9es du d\u00e9partement de l&rsquo;Aube.<\/p>\n<p>Pour le coll\u00e8ge Marie Curie, nos \u00e9l\u00e8ves se sont bien comport\u00e9s et finissent par \u00e9quipe mixte (3 filles et 3 gar\u00e7ons) \u00e0 la premi\u00e8re, quatri\u00e8me et sixi\u00e8me place pour les minimes. Ces 3 \u00e9quipes se qualifient pour le Cross acad\u00e9mique.<\/p>\n<p>Les autres \u00e9quipes se classent 10\u00e9me, 17\u00e9me et 22\u00e8me sur 53 \u00e9quipes.<\/p>\n<p>Les \u00e9quipes mixtes de la cat\u00e9gorie benjamine se sont class\u00e9es 3\u00e8me et 7\u00e8me. Ces 2 \u00e9quipes sont qualifi\u00e9es pour les acad \u00e9galement.<\/p>\n<p>Les autres \u00e9quipes se classent 13\u00e9me, 20\u00e9me, 24\u00e8me, 38\u00e8me, 53\u00e8me sur 77 \u00e9quipes.<\/p>\n<p>Bravo \u00e0 tous et rendez-vous pour le Cross acad\u00e9mique qui aura lieu au m\u00eame endroit le 29\/11\/2023.<\/p>\n<p><img loading=\"lazy\" decoding=\"async\" class=\"alignleft size-thumbnail wp-image-2221\" src=\"http:\/\/sitetab3.ac-reims.fr\/clg-curie\/-wp-\/wp-content\/uploads\/WhatsApp-Image-2023-11-16-at-15.58.01-150x150.jpeg\" alt=\"\" width=\"150\" height=\"150\" \/> <img loading=\"lazy\" decoding=\"async\" class=\"alignleft size-thumbnail wp-image-2223\" src=\"http:\/\/sitetab3.ac-reims.fr\/clg-curie\/-wp-\/wp-content\/uploads\/WhatsApp-Image-2023-11-15-at-15.04.53-150x150.jpeg\" alt=\"\" width=\"150\" height=\"150\" \/> <img loading=\"lazy\" decoding=\"async\" class=\"alignleft size-thumbnail wp-image-2224\" src=\"http:\/\/sitetab3.ac-reims.fr\/clg-curie\/-wp-\/wp-content\/uploads\/WhatsApp-Image-2023-11-15-at-15.02.42-150x150.jpeg\" alt=\"\" width=\"150\" height=\"150\" \/> <img loading=\"lazy\" decoding=\"async\" class=\"alignleft size-thumbnail wp-image-2225\" src=\"http:\/\/sitetab3.ac-reims.fr\/clg-curie\/-wp-\/wp-content\/uploads\/WhatsApp-Image-2023-11-15-at-15.06.13-1-150x150.jpeg\" alt=\"\" width=\"150\" height=\"150\" \/><\/p>\n<p>\u00a0<\/p>\n<h1><em><strong>\u00ab\u00a0faisons du sport tous ensemble\u00a0\u00bb<\/strong><\/em><\/h1>\n<p>Ce Mercredi 4\/10\/2023, les \u00e9l\u00e8ves ont repr\u00e9sent\u00e9 le coll\u00e8ge Marie Curie \u00e0 la premi\u00e8re \u00e9dition du \u00ab\u00a0Color run\u00a0\u00bb. Le principe courir et passer au travers de plusieurs jets de poudre de couleur et participer \u00e0 diff\u00e9rents ateliers ludiques et tout ceci en \u00e9quipe. Sans comp\u00e9tition, sans r\u00e9sultat, juste faire du sport tous ensemble (coll\u00e8ges et lyc\u00e9es).<\/p>\n<p>En images :<\/p>\n<p><img loading=\"lazy\" decoding=\"async\" class=\"wp-image-2216 aligncenter\" src=\"http:\/\/sitetab3.ac-reims.fr\/clg-curie\/-wp-\/wp-content\/uploads\/color-run1-150x150.jpg\" alt=\"\" width=\"209\" height=\"209\" \/><\/p>\n<h2><em><strong>Saison AS coll\u00e8ge Marie Curie 2022-2023 <\/strong><\/em><\/h2>\n<h2><img loading=\"lazy\" decoding=\"async\" class=\" wp-image-2163\" src=\"http:\/\/sitetab3.ac-reims.fr\/clg-curie\/-wp-\/wp-content\/uploads\/danse-150x150.jpg\" alt=\"\" width=\"54\" height=\"54\" srcset=\"https:\/\/sitetab3.ac-reims.fr\/clg-curie\/-wp-\/wp-content\/uploads\/danse-150x150.jpg 150w, https:\/\/sitetab3.ac-reims.fr\/clg-curie\/-wp-\/wp-content\/uploads\/danse-300x300.jpg 300w, https:\/\/sitetab3.ac-reims.fr\/clg-curie\/-wp-\/wp-content\/uploads\/danse.jpg 612w\" sizes=\"(max-width: 54px) 100vw, 54px\" \/>Danse 6\/06\/2023<strong><br \/><\/strong><\/h2>\n<p>Les \u00e9l\u00e8ves de l&rsquo;AS gymnastique du coll\u00e8ge Marie Curie ont particip\u00e9 au Gala de Danse de l&rsquo;UNSS au th\u00e9atre de Champagne. Ce Gala rassemble un certain nombre de coll\u00e8ges et lyc\u00e9es du d\u00e9partement.<\/p>\n<p>Elles ont \u00e9t\u00e9 encadr\u00e9es par Mme Rouvroy et Mme Spay toute la journ\u00e9e afin de pr\u00e9parer la repr\u00e9sentation le soir devant de nombreux spectateurs.<\/p>\n<p><img loading=\"lazy\" decoding=\"async\" class=\"size-medium wp-image-2165 aligncenter\" src=\"http:\/\/sitetab3.ac-reims.fr\/clg-curie\/-wp-\/wp-content\/uploads\/Picsart_23-06-07_09-04-30-950-300x300.jpg\" alt=\"\" width=\"300\" height=\"300\" srcset=\"https:\/\/sitetab3.ac-reims.fr\/clg-curie\/-wp-\/wp-content\/uploads\/Picsart_23-06-07_09-04-30-950-300x300.jpg 300w, https:\/\/sitetab3.ac-reims.fr\/clg-curie\/-wp-\/wp-content\/uploads\/Picsart_23-06-07_09-04-30-950-1024x1024.jpg 1024w, https:\/\/sitetab3.ac-reims.fr\/clg-curie\/-wp-\/wp-content\/uploads\/Picsart_23-06-07_09-04-30-950-150x150.jpg 150w, https:\/\/sitetab3.ac-reims.fr\/clg-curie\/-wp-\/wp-content\/uploads\/Picsart_23-06-07_09-04-30-950-768x768.jpg 768w, https:\/\/sitetab3.ac-reims.fr\/clg-curie\/-wp-\/wp-content\/uploads\/Picsart_23-06-07_09-04-30-950-1536x1536.jpg 1536w, https:\/\/sitetab3.ac-reims.fr\/clg-curie\/-wp-\/wp-content\/uploads\/Picsart_23-06-07_09-04-30-950-2048x2048.jpg 2048w\" sizes=\"(max-width: 300px) 100vw, 300px\" \/>\u00a0<\/p>\n<p><img loading=\"lazy\" decoding=\"async\" class=\"size-medium wp-image-2164 aligncenter\" src=\"http:\/\/sitetab3.ac-reims.fr\/clg-curie\/-wp-\/wp-content\/uploads\/IMG-20230606-WA0012-225x300.jpg\" alt=\"\" width=\"225\" height=\"300\" srcset=\"https:\/\/sitetab3.ac-reims.fr\/clg-curie\/-wp-\/wp-content\/uploads\/IMG-20230606-WA0012-225x300.jpg 225w, https:\/\/sitetab3.ac-reims.fr\/clg-curie\/-wp-\/wp-content\/uploads\/IMG-20230606-WA0012.jpg 768w\" sizes=\"(max-width: 225px) 100vw, 225px\" \/><\/p>\n<p><iframe loading=\"lazy\" title=\"Spectacle UNSS Marie curie 2023\" src=\"https:\/\/tube-action-educative.apps.education.fr\/videos\/embed\/b3c48c16-2d79-4494-bb6d-1f6a9dace1f2\" width=\"560\" height=\"315\" frameborder=\"0\" sandbox=\"allow-same-origin allow-scripts allow-popups\" allowfullscreen=\"allowfullscreen\"><\/iframe><\/p>\n<p>\u00a0<\/p>\n<p><img loading=\"lazy\" decoding=\"async\" class=\"alignleft  wp-image-2118\" src=\"http:\/\/sitetab3.ac-reims.fr\/clg-curie\/-wp-\/wp-content\/uploads\/Dre83duWoAEnjbg-150x150.jpg\" alt=\"\" width=\"39\" height=\"39\" \/><\/p>\n<h2>Sports partag\u00e9s<\/h2>\n<p>Retour sur cette journ\u00e9e de Sport partag\u00e9 qui s&rsquo;est d\u00e9roul\u00e9e au gymnase de Mesnil-Saint-P\u00e8re.<\/p>\n<p>25 \u00e9l\u00e8ves du coll\u00e8ge Marie Curie ont partag\u00e9 \u00e0 cette journ\u00e9e, 18 \u00e9l\u00e8ves de l&rsquo;AS Gymnastique et 7 \u00e9l\u00e8ves de la section ULIS.<\/p>\n<p>Suite \u00e0 une journ\u00e9e intense d&rsquo;activit\u00e9s, nos \u00e9l\u00e8ves ont termin\u00e9 1er et 2\u00e8me sur les 16 \u00e9quipes pr\u00e9sentes.<\/p>\n<p>Merci aux \u00e9tudiants de l&rsquo;IUT qui ont organis\u00e9 cette journ\u00e9e dans le cadre de leurs \u00e9tudes afin que tous les jeunes partagent de bons moments par le biais de sport.<\/p>\n<p><img loading=\"lazy\" decoding=\"async\" class=\"size-medium wp-image-2120 aligncenter\" src=\"http:\/\/sitetab3.ac-reims.fr\/clg-curie\/-wp-\/wp-content\/uploads\/Picsart_23-05-12_09-03-31-129-300x300.jpg\" alt=\"\" width=\"300\" height=\"300\" srcset=\"https:\/\/sitetab3.ac-reims.fr\/clg-curie\/-wp-\/wp-content\/uploads\/Picsart_23-05-12_09-03-31-129-300x300.jpg 300w, https:\/\/sitetab3.ac-reims.fr\/clg-curie\/-wp-\/wp-content\/uploads\/Picsart_23-05-12_09-03-31-129-1024x1024.jpg 1024w, https:\/\/sitetab3.ac-reims.fr\/clg-curie\/-wp-\/wp-content\/uploads\/Picsart_23-05-12_09-03-31-129-150x150.jpg 150w, https:\/\/sitetab3.ac-reims.fr\/clg-curie\/-wp-\/wp-content\/uploads\/Picsart_23-05-12_09-03-31-129-768x768.jpg 768w, https:\/\/sitetab3.ac-reims.fr\/clg-curie\/-wp-\/wp-content\/uploads\/Picsart_23-05-12_09-03-31-129-1536x1536.jpg 1536w, https:\/\/sitetab3.ac-reims.fr\/clg-curie\/-wp-\/wp-content\/uploads\/Picsart_23-05-12_09-03-31-129-2048x2048.jpg 2048w\" sizes=\"(max-width: 300px) 100vw, 300px\" \/><\/p>\n<p><img loading=\"lazy\" decoding=\"async\" class=\"size-medium wp-image-2119 aligncenter\" src=\"http:\/\/sitetab3.ac-reims.fr\/clg-curie\/-wp-\/wp-content\/uploads\/Picsart_23-05-12_09-01-53-450-300x300.jpg\" alt=\"\" width=\"300\" height=\"300\" srcset=\"https:\/\/sitetab3.ac-reims.fr\/clg-curie\/-wp-\/wp-content\/uploads\/Picsart_23-05-12_09-01-53-450-300x300.jpg 300w, https:\/\/sitetab3.ac-reims.fr\/clg-curie\/-wp-\/wp-content\/uploads\/Picsart_23-05-12_09-01-53-450-1024x1024.jpg 1024w, https:\/\/sitetab3.ac-reims.fr\/clg-curie\/-wp-\/wp-content\/uploads\/Picsart_23-05-12_09-01-53-450-150x150.jpg 150w, https:\/\/sitetab3.ac-reims.fr\/clg-curie\/-wp-\/wp-content\/uploads\/Picsart_23-05-12_09-01-53-450-768x768.jpg 768w, https:\/\/sitetab3.ac-reims.fr\/clg-curie\/-wp-\/wp-content\/uploads\/Picsart_23-05-12_09-01-53-450-1536x1536.jpg 1536w, https:\/\/sitetab3.ac-reims.fr\/clg-curie\/-wp-\/wp-content\/uploads\/Picsart_23-05-12_09-01-53-450-2048x2048.jpg 2048w\" sizes=\"(max-width: 300px) 100vw, 300px\" \/><\/p>\n<h1><img loading=\"lazy\" decoding=\"async\" class=\"alignleft  wp-image-2074\" src=\"http:\/\/sitetab3.ac-reims.fr\/clg-curie\/-wp-\/wp-content\/uploads\/R-300x300.png\" alt=\"\" width=\"56\" height=\"56\" srcset=\"https:\/\/sitetab3.ac-reims.fr\/clg-curie\/-wp-\/wp-content\/uploads\/R-300x300.png 300w, https:\/\/sitetab3.ac-reims.fr\/clg-curie\/-wp-\/wp-content\/uploads\/R-150x150.png 150w, https:\/\/sitetab3.ac-reims.fr\/clg-curie\/-wp-\/wp-content\/uploads\/R.png 424w\" sizes=\"(max-width: 56px) 100vw, 56px\" \/><\/h1>\n<h2>\u00a0<\/h2>\n<h2><strong>Championnat d\u00e9partemental escalade <\/strong>1\/02\/2023<\/h2>\n<h1><img loading=\"lazy\" decoding=\"async\" class=\"size-medium wp-image-2073 aligncenter\" src=\"http:\/\/sitetab3.ac-reims.fr\/clg-curie\/-wp-\/wp-content\/uploads\/Picsart_23-02-01_18-37-50-287-300x300.jpg\" alt=\"\" width=\"300\" height=\"300\" srcset=\"https:\/\/sitetab3.ac-reims.fr\/clg-curie\/-wp-\/wp-content\/uploads\/Picsart_23-02-01_18-37-50-287-300x300.jpg 300w, https:\/\/sitetab3.ac-reims.fr\/clg-curie\/-wp-\/wp-content\/uploads\/Picsart_23-02-01_18-37-50-287-1024x1024.jpg 1024w, https:\/\/sitetab3.ac-reims.fr\/clg-curie\/-wp-\/wp-content\/uploads\/Picsart_23-02-01_18-37-50-287-150x150.jpg 150w, https:\/\/sitetab3.ac-reims.fr\/clg-curie\/-wp-\/wp-content\/uploads\/Picsart_23-02-01_18-37-50-287-768x768.jpg 768w, https:\/\/sitetab3.ac-reims.fr\/clg-curie\/-wp-\/wp-content\/uploads\/Picsart_23-02-01_18-37-50-287-1536x1536.jpg 1536w, https:\/\/sitetab3.ac-reims.fr\/clg-curie\/-wp-\/wp-content\/uploads\/Picsart_23-02-01_18-37-50-287-2048x2048.jpg 2048w\" sizes=\"(max-width: 300px) 100vw, 300px\" \/><\/h1>\n<h1><img loading=\"lazy\" decoding=\"async\" class=\"wp-image-2075 aligncenter\" src=\"http:\/\/sitetab3.ac-reims.fr\/clg-curie\/-wp-\/wp-content\/uploads\/escal-300x300.jpg\" alt=\"\" width=\"312\" height=\"312\" srcset=\"https:\/\/sitetab3.ac-reims.fr\/clg-curie\/-wp-\/wp-content\/uploads\/escal-300x300.jpg 300w, https:\/\/sitetab3.ac-reims.fr\/clg-curie\/-wp-\/wp-content\/uploads\/escal-1024x1024.jpg 1024w, https:\/\/sitetab3.ac-reims.fr\/clg-curie\/-wp-\/wp-content\/uploads\/escal-150x150.jpg 150w, https:\/\/sitetab3.ac-reims.fr\/clg-curie\/-wp-\/wp-content\/uploads\/escal-768x769.jpg 768w, https:\/\/sitetab3.ac-reims.fr\/clg-curie\/-wp-\/wp-content\/uploads\/escal.jpg 1149w\" sizes=\"(max-width: 312px) 100vw, 312px\" \/><\/h1>\n<p><img loading=\"lazy\" decoding=\"async\" class=\"size-medium wp-image-2082 aligncenter\" src=\"http:\/\/sitetab3.ac-reims.fr\/clg-curie\/-wp-\/wp-content\/uploads\/JO2023-225x300.jpg\" alt=\"\" width=\"225\" height=\"300\" srcset=\"https:\/\/sitetab3.ac-reims.fr\/clg-curie\/-wp-\/wp-content\/uploads\/JO2023-225x300.jpg 225w, https:\/\/sitetab3.ac-reims.fr\/clg-curie\/-wp-\/wp-content\/uploads\/JO2023-768x1024.jpg 768w, https:\/\/sitetab3.ac-reims.fr\/clg-curie\/-wp-\/wp-content\/uploads\/JO2023-1152x1536.jpg 1152w, https:\/\/sitetab3.ac-reims.fr\/clg-curie\/-wp-\/wp-content\/uploads\/JO2023.jpg 1512w\" sizes=\"(max-width: 225px) 100vw, 225px\" \/><\/p>\n<p>Seuls repr\u00e9sentants des sections sportives, les grimpeurs de Marie Curie ont remport\u00e9 le championnat de l&rsquo;Aube UNSS d\u2019escalade organis\u00e9 ce mercredi 1er f\u00e9vrier. <strong>Philom\u00e8ne PELLECUER<\/strong>, <strong>Amie LERONDEL,<\/strong> <strong>Abdallah BURGY<\/strong> et <strong>Basile PIERREYRES<\/strong> totalisent 2960 points (Sur les 2960 possibles!) \u00e0 l\u2019issue des \u00e9preuves de \u00ab difficult\u00e9s \u00bb et de \u00ab bloc \u00bb.<br \/>Mention sp\u00e9ciale pour <strong>Mohammad BURGY<\/strong>, le jeune juge\/officiel de l\u2019\u00e9quipe, qui obtient sa certification d\u00e9partementale et poursuivra l\u2019aventure lors du championnat acad\u00e9mique programm\u00e9 le 15 mars prochain \u00e0 la halle sportive de l\u2019UTT.<\/p>\n<h1>\u00a0<\/h1>\n<h1><strong><img loading=\"lazy\" decoding=\"async\" class=\" nofocus\" tabindex=\"0\" src=\"https:\/\/th.bing.com\/th\/id\/OIP.JyLI3tf45KtxRZ_nuVr_fQAAAA?pid=ImgDet&amp;w=250&amp;h=250&amp;rs=1\" alt=\"Afficher l\u2019image source\" width=\"85\" height=\"85\" aria-label=\"Afficher l\u2019image source\" data-bm=\"1254\" \/><\/strong><strong>Cross d\u00e9partemental\u00a0 <\/strong>16\/11\/22<\/h1>\n<p>Tr\u00e8s belles performances pour les jeunes sportifs du coll\u00e8ge qui se classent 1ers par \u00e9quipe en minime (\u00e9l\u00e8ves de 4\u00e8me et 3\u00e8me) et 2eme par \u00e9quipe en benjamin (les 6\u00e8mes et 5\u00e8mes). Bravo \u00e0 tous nos \u00e9l\u00e8ves qui ont fait preuve d une attitude irr\u00e9prochable et d&rsquo;une belle combativit\u00e9.<\/p>\n<p>Rendez-vous le mercredi 30\/11 au Lac pour les \u00e9l\u00e8ves qualifi\u00e9s pour la prochaine \u00e9tape,\u00a0 qualificative au Championnat de France, le cross acad\u00e9mique!!!<\/p>\n<p><img loading=\"lazy\" decoding=\"async\" class=\" wp-image-2030 aligncenter\" src=\"http:\/\/sitetab3.ac-reims.fr\/clg-curie\/-wp-\/wp-content\/uploads\/Picsart_22-11-16_19-23-36-170-300x300.jpg\" alt=\"\" width=\"349\" height=\"349\" srcset=\"https:\/\/sitetab3.ac-reims.fr\/clg-curie\/-wp-\/wp-content\/uploads\/Picsart_22-11-16_19-23-36-170-300x300.jpg 300w, https:\/\/sitetab3.ac-reims.fr\/clg-curie\/-wp-\/wp-content\/uploads\/Picsart_22-11-16_19-23-36-170-1024x1024.jpg 1024w, https:\/\/sitetab3.ac-reims.fr\/clg-curie\/-wp-\/wp-content\/uploads\/Picsart_22-11-16_19-23-36-170-150x150.jpg 150w, https:\/\/sitetab3.ac-reims.fr\/clg-curie\/-wp-\/wp-content\/uploads\/Picsart_22-11-16_19-23-36-170-768x768.jpg 768w, https:\/\/sitetab3.ac-reims.fr\/clg-curie\/-wp-\/wp-content\/uploads\/Picsart_22-11-16_19-23-36-170-1536x1536.jpg 1536w, https:\/\/sitetab3.ac-reims.fr\/clg-curie\/-wp-\/wp-content\/uploads\/Picsart_22-11-16_19-23-36-170-2048x2048.jpg 2048w\" sizes=\"(max-width: 349px) 100vw, 349px\" \/><\/p>\n<h1><img loading=\"lazy\" decoding=\"async\" class=\" wp-image-2031 aligncenter\" src=\"http:\/\/sitetab3.ac-reims.fr\/clg-curie\/-wp-\/wp-content\/uploads\/Picsart_22-11-16_19-31-29-743-300x300.jpg\" alt=\"\" width=\"321\" height=\"321\" srcset=\"https:\/\/sitetab3.ac-reims.fr\/clg-curie\/-wp-\/wp-content\/uploads\/Picsart_22-11-16_19-31-29-743-300x300.jpg 300w, https:\/\/sitetab3.ac-reims.fr\/clg-curie\/-wp-\/wp-content\/uploads\/Picsart_22-11-16_19-31-29-743-1024x1024.jpg 1024w, https:\/\/sitetab3.ac-reims.fr\/clg-curie\/-wp-\/wp-content\/uploads\/Picsart_22-11-16_19-31-29-743-150x150.jpg 150w, https:\/\/sitetab3.ac-reims.fr\/clg-curie\/-wp-\/wp-content\/uploads\/Picsart_22-11-16_19-31-29-743-768x768.jpg 768w, https:\/\/sitetab3.ac-reims.fr\/clg-curie\/-wp-\/wp-content\/uploads\/Picsart_22-11-16_19-31-29-743-1536x1536.jpg 1536w, https:\/\/sitetab3.ac-reims.fr\/clg-curie\/-wp-\/wp-content\/uploads\/Picsart_22-11-16_19-31-29-743-2048x2048.jpg 2048w\" sizes=\"(max-width: 321px) 100vw, 321px\" \/><\/h1>\n<h1><img loading=\"lazy\" decoding=\"async\" class=\" wp-image-2032 aligncenter\" src=\"http:\/\/sitetab3.ac-reims.fr\/clg-curie\/-wp-\/wp-content\/uploads\/Picsart_22-11-16_21-37-28-422-300x300.jpg\" alt=\"\" width=\"313\" height=\"313\" srcset=\"https:\/\/sitetab3.ac-reims.fr\/clg-curie\/-wp-\/wp-content\/uploads\/Picsart_22-11-16_21-37-28-422-300x300.jpg 300w, https:\/\/sitetab3.ac-reims.fr\/clg-curie\/-wp-\/wp-content\/uploads\/Picsart_22-11-16_21-37-28-422-1024x1024.jpg 1024w, https:\/\/sitetab3.ac-reims.fr\/clg-curie\/-wp-\/wp-content\/uploads\/Picsart_22-11-16_21-37-28-422-150x150.jpg 150w, https:\/\/sitetab3.ac-reims.fr\/clg-curie\/-wp-\/wp-content\/uploads\/Picsart_22-11-16_21-37-28-422-768x768.jpg 768w, https:\/\/sitetab3.ac-reims.fr\/clg-curie\/-wp-\/wp-content\/uploads\/Picsart_22-11-16_21-37-28-422-1536x1536.jpg 1536w, https:\/\/sitetab3.ac-reims.fr\/clg-curie\/-wp-\/wp-content\/uploads\/Picsart_22-11-16_21-37-28-422-2048x2048.jpg 2048w\" sizes=\"(max-width: 313px) 100vw, 313px\" \/><\/h1>\n<h1><img loading=\"lazy\" decoding=\"async\" class=\" wp-image-2033 aligncenter\" src=\"http:\/\/sitetab3.ac-reims.fr\/clg-curie\/-wp-\/wp-content\/uploads\/Picsart_22-11-16_21-40-39-292-300x300.jpg\" alt=\"\" width=\"317\" height=\"317\" srcset=\"https:\/\/sitetab3.ac-reims.fr\/clg-curie\/-wp-\/wp-content\/uploads\/Picsart_22-11-16_21-40-39-292-300x300.jpg 300w, https:\/\/sitetab3.ac-reims.fr\/clg-curie\/-wp-\/wp-content\/uploads\/Picsart_22-11-16_21-40-39-292-1024x1024.jpg 1024w, https:\/\/sitetab3.ac-reims.fr\/clg-curie\/-wp-\/wp-content\/uploads\/Picsart_22-11-16_21-40-39-292-150x150.jpg 150w, https:\/\/sitetab3.ac-reims.fr\/clg-curie\/-wp-\/wp-content\/uploads\/Picsart_22-11-16_21-40-39-292-768x768.jpg 768w, https:\/\/sitetab3.ac-reims.fr\/clg-curie\/-wp-\/wp-content\/uploads\/Picsart_22-11-16_21-40-39-292-1536x1536.jpg 1536w, https:\/\/sitetab3.ac-reims.fr\/clg-curie\/-wp-\/wp-content\/uploads\/Picsart_22-11-16_21-40-39-292-2048x2048.jpg 2048w\" sizes=\"(max-width: 317px) 100vw, 317px\" \/><\/h1>\n<h1><img loading=\"lazy\" decoding=\"async\" class=\" wp-image-2034 aligncenter\" src=\"http:\/\/sitetab3.ac-reims.fr\/clg-curie\/-wp-\/wp-content\/uploads\/Picsart_22-11-16_21-43-01-188-300x300.jpg\" alt=\"\" width=\"331\" height=\"331\" srcset=\"https:\/\/sitetab3.ac-reims.fr\/clg-curie\/-wp-\/wp-content\/uploads\/Picsart_22-11-16_21-43-01-188-300x300.jpg 300w, https:\/\/sitetab3.ac-reims.fr\/clg-curie\/-wp-\/wp-content\/uploads\/Picsart_22-11-16_21-43-01-188-1024x1024.jpg 1024w, https:\/\/sitetab3.ac-reims.fr\/clg-curie\/-wp-\/wp-content\/uploads\/Picsart_22-11-16_21-43-01-188-150x150.jpg 150w, https:\/\/sitetab3.ac-reims.fr\/clg-curie\/-wp-\/wp-content\/uploads\/Picsart_22-11-16_21-43-01-188-768x768.jpg 768w, https:\/\/sitetab3.ac-reims.fr\/clg-curie\/-wp-\/wp-content\/uploads\/Picsart_22-11-16_21-43-01-188-1536x1536.jpg 1536w, https:\/\/sitetab3.ac-reims.fr\/clg-curie\/-wp-\/wp-content\/uploads\/Picsart_22-11-16_21-43-01-188-2048x2048.jpg 2048w\" sizes=\"(max-width: 331px) 100vw, 331px\" \/><\/h1>\n<h1><img loading=\"lazy\" decoding=\"async\" class=\" wp-image-2035 aligncenter\" src=\"http:\/\/sitetab3.ac-reims.fr\/clg-curie\/-wp-\/wp-content\/uploads\/Picsart_22-11-16_21-49-06-1701-300x300.jpg\" alt=\"\" width=\"312\" height=\"312\" srcset=\"https:\/\/sitetab3.ac-reims.fr\/clg-curie\/-wp-\/wp-content\/uploads\/Picsart_22-11-16_21-49-06-1701-300x300.jpg 300w, https:\/\/sitetab3.ac-reims.fr\/clg-curie\/-wp-\/wp-content\/uploads\/Picsart_22-11-16_21-49-06-1701-1024x1024.jpg 1024w, https:\/\/sitetab3.ac-reims.fr\/clg-curie\/-wp-\/wp-content\/uploads\/Picsart_22-11-16_21-49-06-1701-150x150.jpg 150w, https:\/\/sitetab3.ac-reims.fr\/clg-curie\/-wp-\/wp-content\/uploads\/Picsart_22-11-16_21-49-06-1701-768x768.jpg 768w, https:\/\/sitetab3.ac-reims.fr\/clg-curie\/-wp-\/wp-content\/uploads\/Picsart_22-11-16_21-49-06-1701-1536x1536.jpg 1536w, https:\/\/sitetab3.ac-reims.fr\/clg-curie\/-wp-\/wp-content\/uploads\/Picsart_22-11-16_21-49-06-1701-2048x2048.jpg 2048w\" sizes=\"(max-width: 312px) 100vw, 312px\" \/><\/h1>\n<h1><img loading=\"lazy\" decoding=\"async\" class=\" wp-image-2036 aligncenter\" src=\"http:\/\/sitetab3.ac-reims.fr\/clg-curie\/-wp-\/wp-content\/uploads\/Picsart_22-11-16_21-51-30-757-300x300.jpg\" alt=\"\" width=\"313\" height=\"313\" srcset=\"https:\/\/sitetab3.ac-reims.fr\/clg-curie\/-wp-\/wp-content\/uploads\/Picsart_22-11-16_21-51-30-757-300x300.jpg 300w, https:\/\/sitetab3.ac-reims.fr\/clg-curie\/-wp-\/wp-content\/uploads\/Picsart_22-11-16_21-51-30-757-1024x1024.jpg 1024w, https:\/\/sitetab3.ac-reims.fr\/clg-curie\/-wp-\/wp-content\/uploads\/Picsart_22-11-16_21-51-30-757-150x150.jpg 150w, https:\/\/sitetab3.ac-reims.fr\/clg-curie\/-wp-\/wp-content\/uploads\/Picsart_22-11-16_21-51-30-757-768x768.jpg 768w, https:\/\/sitetab3.ac-reims.fr\/clg-curie\/-wp-\/wp-content\/uploads\/Picsart_22-11-16_21-51-30-757-1536x1536.jpg 1536w, https:\/\/sitetab3.ac-reims.fr\/clg-curie\/-wp-\/wp-content\/uploads\/Picsart_22-11-16_21-51-30-757-2048x2048.jpg 2048w\" sizes=\"(max-width: 313px) 100vw, 313px\" \/><\/h1>\n<h1><img loading=\"lazy\" decoding=\"async\" class=\" wp-image-2037 aligncenter\" src=\"http:\/\/sitetab3.ac-reims.fr\/clg-curie\/-wp-\/wp-content\/uploads\/Picsart_22-11-16_21-53-35-521-300x300.jpg\" alt=\"\" width=\"318\" height=\"318\" srcset=\"https:\/\/sitetab3.ac-reims.fr\/clg-curie\/-wp-\/wp-content\/uploads\/Picsart_22-11-16_21-53-35-521-300x300.jpg 300w, https:\/\/sitetab3.ac-reims.fr\/clg-curie\/-wp-\/wp-content\/uploads\/Picsart_22-11-16_21-53-35-521-1024x1024.jpg 1024w, https:\/\/sitetab3.ac-reims.fr\/clg-curie\/-wp-\/wp-content\/uploads\/Picsart_22-11-16_21-53-35-521-150x150.jpg 150w, https:\/\/sitetab3.ac-reims.fr\/clg-curie\/-wp-\/wp-content\/uploads\/Picsart_22-11-16_21-53-35-521-768x768.jpg 768w, https:\/\/sitetab3.ac-reims.fr\/clg-curie\/-wp-\/wp-content\/uploads\/Picsart_22-11-16_21-53-35-521-1536x1536.jpg 1536w, https:\/\/sitetab3.ac-reims.fr\/clg-curie\/-wp-\/wp-content\/uploads\/Picsart_22-11-16_21-53-35-521-2048x2048.jpg 2048w\" sizes=\"(max-width: 318px) 100vw, 318px\" \/><\/h1>\n<h1><img loading=\"lazy\" decoding=\"async\" class=\"size-medium wp-image-2038 aligncenter\" src=\"http:\/\/sitetab3.ac-reims.fr\/clg-curie\/-wp-\/wp-content\/uploads\/Picsart_22-11-16_21-55-50-131-300x300.jpg\" alt=\"\" width=\"300\" height=\"300\" srcset=\"https:\/\/sitetab3.ac-reims.fr\/clg-curie\/-wp-\/wp-content\/uploads\/Picsart_22-11-16_21-55-50-131-300x300.jpg 300w, https:\/\/sitetab3.ac-reims.fr\/clg-curie\/-wp-\/wp-content\/uploads\/Picsart_22-11-16_21-55-50-131-1024x1024.jpg 1024w, https:\/\/sitetab3.ac-reims.fr\/clg-curie\/-wp-\/wp-content\/uploads\/Picsart_22-11-16_21-55-50-131-150x150.jpg 150w, https:\/\/sitetab3.ac-reims.fr\/clg-curie\/-wp-\/wp-content\/uploads\/Picsart_22-11-16_21-55-50-131-768x768.jpg 768w, https:\/\/sitetab3.ac-reims.fr\/clg-curie\/-wp-\/wp-content\/uploads\/Picsart_22-11-16_21-55-50-131-1536x1536.jpg 1536w, https:\/\/sitetab3.ac-reims.fr\/clg-curie\/-wp-\/wp-content\/uploads\/Picsart_22-11-16_21-55-50-131-2048x2048.jpg 2048w\" sizes=\"(max-width: 300px) 100vw, 300px\" \/><\/h1>\n<h1>Journ\u00e9e de r\u00e9compense UNSS<\/h1>\n<p>Mercredi 21 septembre, \u00e0 l\u2019occasion de la Journ\u00e9e nationale du Sport Scolaire, 3 \u00e9l\u00e8ves du coll\u00e8ge (Philom\u00e8le PELLECUER, Amie LERONDEL &amp; Basile PIERREYRES) se sont vus r\u00e9compens\u00e9s par M. le Recteur pour leur titre de champions de France UNSS d\u2019escalade excellence!<\/p>\n<p>Lors de cette apr\u00e8s-midi, o\u00f9 d\u2019autres jeunes officiels de niveau national ont \u00e9t\u00e9 mis \u00e0 l\u2019honneur, nos trois grimpeurs ont \u00e9galement \u00e9t\u00e9 invit\u00e9s \u00e0 rendre compte de leur agilit\u00e9 sur les parcours d\u2019obstacles du site BLOCK RACE de Cormontreuil.<\/p>\n<p><img loading=\"lazy\" decoding=\"async\" class=\"aligncenter wp-image-2022\" src=\"http:\/\/sitetab3.ac-reims.fr\/clg-curie\/-wp-\/wp-content\/uploads\/20220924_135625-300x298.jpg\" alt=\"\" width=\"306\" height=\"304\" srcset=\"https:\/\/sitetab3.ac-reims.fr\/clg-curie\/-wp-\/wp-content\/uploads\/20220924_135625-300x298.jpg 300w, https:\/\/sitetab3.ac-reims.fr\/clg-curie\/-wp-\/wp-content\/uploads\/20220924_135625-1024x1018.jpg 1024w, https:\/\/sitetab3.ac-reims.fr\/clg-curie\/-wp-\/wp-content\/uploads\/20220924_135625-150x150.jpg 150w, https:\/\/sitetab3.ac-reims.fr\/clg-curie\/-wp-\/wp-content\/uploads\/20220924_135625-768x764.jpg 768w, https:\/\/sitetab3.ac-reims.fr\/clg-curie\/-wp-\/wp-content\/uploads\/20220924_135625.jpg 1078w\" sizes=\"(max-width: 306px) 100vw, 306px\" \/><\/p>\n<h2><em><strong>\u00a0\u00a0<\/strong> \u00a0 <img loading=\"lazy\" decoding=\"async\" class=\"aligncenter wp-image-2023\" src=\"http:\/\/sitetab3.ac-reims.fr\/clg-curie\/-wp-\/wp-content\/uploads\/20220924_135859-296x300.jpg\" alt=\"\" width=\"294\" height=\"298\" srcset=\"https:\/\/sitetab3.ac-reims.fr\/clg-curie\/-wp-\/wp-content\/uploads\/20220924_135859-296x300.jpg 296w, https:\/\/sitetab3.ac-reims.fr\/clg-curie\/-wp-\/wp-content\/uploads\/20220924_135859-1011x1024.jpg 1011w, https:\/\/sitetab3.ac-reims.fr\/clg-curie\/-wp-\/wp-content\/uploads\/20220924_135859-768x778.jpg 768w, https:\/\/sitetab3.ac-reims.fr\/clg-curie\/-wp-\/wp-content\/uploads\/20220924_135859.jpg 1069w\" sizes=\"(max-width: 294px) 100vw, 294px\" \/><\/em><\/h2>\n<p><span style=\"font-size: 24pt;\"><em><span style=\"font-size: 18pt;\"><span style=\"text-decoration: underline;\">Saison AS coll\u00e8ge Marie Curie 2021-2022<\/span> \u00a0\u00a0 <\/span>\u00a0\u00a0<\/em><\/span><\/p>\n<p><a href=\"http:\/\/sitetab3.ac-reims.fr\/clg-curie\/-wp-\/wp-content\/uploads\/5db7fc93443ff_Smileybravo.jpg\"><em><img loading=\"lazy\" decoding=\"async\" class=\" size-full wp-image-446\" src=\"http:\/\/sitetab3.ac-reims.fr\/clg-curie\/-wp-\/wp-content\/uploads\/icones\/titre2.png\" alt=\"\" width=\"27\" height=\"27\" \/><span style=\"font-size: 24pt;\"><span style=\"font-size: 18pt;\">championnat de France de gymnastique<\/span><\/span><\/em><\/a><\/p>\n<p><span style=\"font-size: 24pt;\"><span style=\"font-size: 12pt;\">Les championnats de France UNSS gymnastique se sont d\u00e9roul\u00e9s les 8 et 9 juin 2022 \u00e0 Combes la ville. La section <\/span><\/span><span style=\"font-size: 24pt;\"><span style=\"font-size: 12pt;\">gymnastique du coll\u00e8ge a <\/span><span style=\"font-size: 12pt;\">eu l&rsquo;honneur encore une fois d&rsquo;\u00eatre qualifi\u00e9e pour ces beaux championnats. <\/span><em><br \/><\/em><span style=\"font-size: 12pt;\">Une belle exp\u00e9rience pour nos jeunes qui ont du affronter d&rsquo; excellentes gymnastes venues de toute la France. Elles obtiennent une honorable place de 14\u00e8me sur 28 \u00e9quipe. Bravo \u00e0 elles! \u00a0 <\/span><em><span style=\"font-size: 12pt;\"><a href=\"http:\/\/sitetab3.ac-reims.fr\/clg-curie\/-wp-\/wp-content\/uploads\/IMG-20220609-WA0013.jpg\"><img loading=\"lazy\" decoding=\"async\" class=\"wp-image-1995 aligncenter\" src=\"http:\/\/sitetab3.ac-reims.fr\/clg-curie\/-wp-\/wp-content\/uploads\/IMG-20220609-WA0013.jpg\" alt=\"\" width=\"402\" height=\"402\" srcset=\"https:\/\/sitetab3.ac-reims.fr\/clg-curie\/-wp-\/wp-content\/uploads\/IMG-20220609-WA0013.jpg 2048w, https:\/\/sitetab3.ac-reims.fr\/clg-curie\/-wp-\/wp-content\/uploads\/IMG-20220609-WA0013-300x300.jpg 300w, https:\/\/sitetab3.ac-reims.fr\/clg-curie\/-wp-\/wp-content\/uploads\/IMG-20220609-WA0013-1024x1024.jpg 1024w, https:\/\/sitetab3.ac-reims.fr\/clg-curie\/-wp-\/wp-content\/uploads\/IMG-20220609-WA0013-150x150.jpg 150w, https:\/\/sitetab3.ac-reims.fr\/clg-curie\/-wp-\/wp-content\/uploads\/IMG-20220609-WA0013-768x768.jpg 768w, https:\/\/sitetab3.ac-reims.fr\/clg-curie\/-wp-\/wp-content\/uploads\/IMG-20220609-WA0013-1536x1536.jpg 1536w\" sizes=\"(max-width: 402px) 100vw, 402px\" \/><\/a><\/span><\/em><\/span><a href=\"http:\/\/sitetab3.ac-reims.fr\/clg-curie\/-wp-\/wp-content\/uploads\/IMG-20220609-WA0014.jpg\"><img loading=\"lazy\" decoding=\"async\" class=\"wp-image-1998 aligncenter\" src=\"http:\/\/sitetab3.ac-reims.fr\/clg-curie\/-wp-\/wp-content\/uploads\/IMG-20220609-WA0014.jpg\" alt=\"\" width=\"433\" height=\"433\" srcset=\"https:\/\/sitetab3.ac-reims.fr\/clg-curie\/-wp-\/wp-content\/uploads\/IMG-20220609-WA0014.jpg 2048w, https:\/\/sitetab3.ac-reims.fr\/clg-curie\/-wp-\/wp-content\/uploads\/IMG-20220609-WA0014-300x300.jpg 300w, https:\/\/sitetab3.ac-reims.fr\/clg-curie\/-wp-\/wp-content\/uploads\/IMG-20220609-WA0014-1024x1024.jpg 1024w, https:\/\/sitetab3.ac-reims.fr\/clg-curie\/-wp-\/wp-content\/uploads\/IMG-20220609-WA0014-150x150.jpg 150w, https:\/\/sitetab3.ac-reims.fr\/clg-curie\/-wp-\/wp-content\/uploads\/IMG-20220609-WA0014-768x768.jpg 768w, https:\/\/sitetab3.ac-reims.fr\/clg-curie\/-wp-\/wp-content\/uploads\/IMG-20220609-WA0014-1536x1536.jpg 1536w\" sizes=\"(max-width: 433px) 100vw, 433px\" \/><\/a><a href=\"http:\/\/sitetab3.ac-reims.fr\/clg-curie\/-wp-\/wp-content\/uploads\/gym2.jpg\"><img loading=\"lazy\" decoding=\"async\" class=\"wp-image-1996 aligncenter\" src=\"http:\/\/sitetab3.ac-reims.fr\/clg-curie\/-wp-\/wp-content\/uploads\/gym2.jpg\" alt=\"\" width=\"346\" height=\"156\" srcset=\"https:\/\/sitetab3.ac-reims.fr\/clg-curie\/-wp-\/wp-content\/uploads\/gym2.jpg 2016w, https:\/\/sitetab3.ac-reims.fr\/clg-curie\/-wp-\/wp-content\/uploads\/gym2-300x135.jpg 300w, https:\/\/sitetab3.ac-reims.fr\/clg-curie\/-wp-\/wp-content\/uploads\/gym2-1024x461.jpg 1024w, https:\/\/sitetab3.ac-reims.fr\/clg-curie\/-wp-\/wp-content\/uploads\/gym2-768x346.jpg 768w, https:\/\/sitetab3.ac-reims.fr\/clg-curie\/-wp-\/wp-content\/uploads\/gym2-1536x692.jpg 1536w\" sizes=\"(max-width: 346px) 100vw, 346px\" \/><\/a><\/p>\n<p><a href=\"http:\/\/sitetab3.ac-reims.fr\/clg-curie\/-wp-\/wp-content\/uploads\/5db7fc93443ff_Smileybravo.jpg\"><em><img loading=\"lazy\" decoding=\"async\" class=\" size-full wp-image-446\" src=\"http:\/\/sitetab3.ac-reims.fr\/clg-curie\/-wp-\/wp-content\/uploads\/icones\/titre2.png\" alt=\"\" width=\"27\" height=\"27\" \/><span style=\"font-size: 24pt;\"><span style=\"font-size: 18pt;\">championnat de France d&rsquo;escalade<\/span><\/span><\/em><\/a><\/p>\n<p><img loading=\"lazy\" decoding=\"async\" class=\"size-medium wp-image-1981 aligncenter\" src=\"http:\/\/sitetab3.ac-reims.fr\/clg-curie\/-wp-\/wp-content\/uploads\/IMG-20220518-WA0026-225x300.jpg\" alt=\"\" width=\"225\" height=\"300\" srcset=\"https:\/\/sitetab3.ac-reims.fr\/clg-curie\/-wp-\/wp-content\/uploads\/IMG-20220518-WA0026-225x300.jpg 225w, https:\/\/sitetab3.ac-reims.fr\/clg-curie\/-wp-\/wp-content\/uploads\/IMG-20220518-WA0026-768x1024.jpg 768w, https:\/\/sitetab3.ac-reims.fr\/clg-curie\/-wp-\/wp-content\/uploads\/IMG-20220518-WA0026-1152x1536.jpg 1152w, https:\/\/sitetab3.ac-reims.fr\/clg-curie\/-wp-\/wp-content\/uploads\/IMG-20220518-WA0026.jpg 1200w\" sizes=\"(max-width: 225px) 100vw, 225px\" \/><\/p>\n<p style=\"text-align: center;\"><span style=\"font-size: 24pt;\"><em><strong>Champions de France 2022!<\/strong><\/em><\/span><\/p>\n<p>C\u2019est sur le \u00ab toit d\u2019Arnas \u00bb, un mur d\u2019escalade artificiel de 15m de haut et 25m de large, que nos pensionnaires de la section sportive escalade ont \u00e9crit une des plus belles pages de l\u2019histoire du coll\u00e8ge Marie Curie de TROYES! Philom\u00e8ne PELLECUER \u00e9l\u00e8ve de 6\u00e8me, son fr\u00e8re Cyprien (Lyc\u00e9en et jeune officiel national), Amie LERONDEL, Basile PIERREYRES tous les deux en 5\u00e8me et Esteban BRIDOUX, \u00e9l\u00e8ve de 3\u00e8me et jeune \u00ab coach \u00bb national, ont remport\u00e9 le championnat de France UNSS excellence 2022 organis\u00e9 du 16 au 18 mai dans l\u2019acad\u00e9mie de Lyon!<br \/>Rapidement \u00ab\u00a0favoris\u00a0\u00bb de la comp\u00e9tition, les troyens ont su creuser l\u2019\u00e9cart avec leurs poursuivants en dominant les trois \u00e9preuves programm\u00e9es; la \u00ab\u00a0vitesse\u00a0\u00bb: une ascension chronom\u00e9tr\u00e9e. La \u00ab\u00a0difficult\u00e9\u00a0\u00bb: sept secteurs compos\u00e9s, chacun, de deux voies plus ou moins difficiles. Et le \u00ab\u00a0bloc\u00a0\u00bb: 6 parcours r\u00e9duits mais tr\u00e8s techniques, \u00e0 faible hauteur et sans encordement.<br \/>Les jeunes aubois se hissent sur la plus haute marche du podium avec un total de 1229 points devant le coll\u00e8ge Honor\u00e9 Aumier de Marseille (1093 points) et celui de Bois Franc \u00e0 Saint-Georges-de-Renein (1089 points).<\/p>\n<p style=\"text-align: center;\"><img loading=\"lazy\" decoding=\"async\" class=\"size-medium wp-image-1977 aligncenter\" src=\"http:\/\/sitetab3.ac-reims.fr\/clg-curie\/-wp-\/wp-content\/uploads\/Picsart_22-05-18_18-06-37-915-300x300.jpg\" alt=\"\" width=\"300\" height=\"300\" srcset=\"https:\/\/sitetab3.ac-reims.fr\/clg-curie\/-wp-\/wp-content\/uploads\/Picsart_22-05-18_18-06-37-915-300x300.jpg 300w, https:\/\/sitetab3.ac-reims.fr\/clg-curie\/-wp-\/wp-content\/uploads\/Picsart_22-05-18_18-06-37-915-1024x1024.jpg 1024w, https:\/\/sitetab3.ac-reims.fr\/clg-curie\/-wp-\/wp-content\/uploads\/Picsart_22-05-18_18-06-37-915-150x150.jpg 150w, https:\/\/sitetab3.ac-reims.fr\/clg-curie\/-wp-\/wp-content\/uploads\/Picsart_22-05-18_18-06-37-915-768x768.jpg 768w, https:\/\/sitetab3.ac-reims.fr\/clg-curie\/-wp-\/wp-content\/uploads\/Picsart_22-05-18_18-06-37-915-1536x1536.jpg 1536w, https:\/\/sitetab3.ac-reims.fr\/clg-curie\/-wp-\/wp-content\/uploads\/Picsart_22-05-18_18-06-37-915-2048x2048.jpg 2048w\" sizes=\"(max-width: 300px) 100vw, 300px\" \/> <img loading=\"lazy\" decoding=\"async\" class=\"alignnone size-medium wp-image-1980\" src=\"http:\/\/sitetab3.ac-reims.fr\/clg-curie\/-wp-\/wp-content\/uploads\/Picsart_22-05-17_22-04-15-075-300x300.jpg\" alt=\"\" width=\"300\" height=\"300\" srcset=\"https:\/\/sitetab3.ac-reims.fr\/clg-curie\/-wp-\/wp-content\/uploads\/Picsart_22-05-17_22-04-15-075-300x300.jpg 300w, https:\/\/sitetab3.ac-reims.fr\/clg-curie\/-wp-\/wp-content\/uploads\/Picsart_22-05-17_22-04-15-075-1024x1024.jpg 1024w, https:\/\/sitetab3.ac-reims.fr\/clg-curie\/-wp-\/wp-content\/uploads\/Picsart_22-05-17_22-04-15-075-150x150.jpg 150w, https:\/\/sitetab3.ac-reims.fr\/clg-curie\/-wp-\/wp-content\/uploads\/Picsart_22-05-17_22-04-15-075-768x768.jpg 768w, https:\/\/sitetab3.ac-reims.fr\/clg-curie\/-wp-\/wp-content\/uploads\/Picsart_22-05-17_22-04-15-075-1536x1536.jpg 1536w, https:\/\/sitetab3.ac-reims.fr\/clg-curie\/-wp-\/wp-content\/uploads\/Picsart_22-05-17_22-04-15-075-2048x2048.jpg 2048w\" sizes=\"(max-width: 300px) 100vw, 300px\" \/><\/p>\n<p><img loading=\"lazy\" decoding=\"async\" class=\"alignnone size-medium wp-image-1979 aligncenter\" src=\"http:\/\/sitetab3.ac-reims.fr\/clg-curie\/-wp-\/wp-content\/uploads\/Picsart_22-05-17_22-08-56-344-300x300.jpg\" alt=\"\" width=\"300\" height=\"300\" srcset=\"https:\/\/sitetab3.ac-reims.fr\/clg-curie\/-wp-\/wp-content\/uploads\/Picsart_22-05-17_22-08-56-344-300x300.jpg 300w, https:\/\/sitetab3.ac-reims.fr\/clg-curie\/-wp-\/wp-content\/uploads\/Picsart_22-05-17_22-08-56-344-1024x1024.jpg 1024w, https:\/\/sitetab3.ac-reims.fr\/clg-curie\/-wp-\/wp-content\/uploads\/Picsart_22-05-17_22-08-56-344-150x150.jpg 150w, https:\/\/sitetab3.ac-reims.fr\/clg-curie\/-wp-\/wp-content\/uploads\/Picsart_22-05-17_22-08-56-344-768x768.jpg 768w, https:\/\/sitetab3.ac-reims.fr\/clg-curie\/-wp-\/wp-content\/uploads\/Picsart_22-05-17_22-08-56-344-1536x1536.jpg 1536w, https:\/\/sitetab3.ac-reims.fr\/clg-curie\/-wp-\/wp-content\/uploads\/Picsart_22-05-17_22-08-56-344-2048x2048.jpg 2048w\" sizes=\"(max-width: 300px) 100vw, 300px\" \/><\/p>\n<p><img loading=\"lazy\" decoding=\"async\" class=\"alignnone size-medium wp-image-1978 aligncenter\" src=\"http:\/\/sitetab3.ac-reims.fr\/clg-curie\/-wp-\/wp-content\/uploads\/Picsart_22-05-18_18-04-30-375-300x300.jpg\" alt=\"\" width=\"300\" height=\"300\" srcset=\"https:\/\/sitetab3.ac-reims.fr\/clg-curie\/-wp-\/wp-content\/uploads\/Picsart_22-05-18_18-04-30-375-300x300.jpg 300w, https:\/\/sitetab3.ac-reims.fr\/clg-curie\/-wp-\/wp-content\/uploads\/Picsart_22-05-18_18-04-30-375-1024x1024.jpg 1024w, https:\/\/sitetab3.ac-reims.fr\/clg-curie\/-wp-\/wp-content\/uploads\/Picsart_22-05-18_18-04-30-375-150x150.jpg 150w, https:\/\/sitetab3.ac-reims.fr\/clg-curie\/-wp-\/wp-content\/uploads\/Picsart_22-05-18_18-04-30-375-768x768.jpg 768w, https:\/\/sitetab3.ac-reims.fr\/clg-curie\/-wp-\/wp-content\/uploads\/Picsart_22-05-18_18-04-30-375-1536x1536.jpg 1536w, https:\/\/sitetab3.ac-reims.fr\/clg-curie\/-wp-\/wp-content\/uploads\/Picsart_22-05-18_18-04-30-375-2048x2048.jpg 2048w\" sizes=\"(max-width: 300px) 100vw, 300px\" \/><\/p>\n<p><a href=\"http:\/\/sitetab3.ac-reims.fr\/clg-curie\/-wp-\/wp-content\/uploads\/5db7fc93443ff_Smileybravo.jpg\"><em><img loading=\"lazy\" decoding=\"async\" class=\" size-full wp-image-446\" src=\"http:\/\/sitetab3.ac-reims.fr\/clg-curie\/-wp-\/wp-content\/uploads\/icones\/titre2.png\" alt=\"\" width=\"27\" height=\"27\" \/><\/em><\/a><a href=\"http:\/\/sitetab3.ac-reims.fr\/clg-curie\/-wp-\/wp-content\/uploads\/5db7fc93443ff_Smileybravo.jpg\"><em><span style=\"font-size: 18pt;\">championnat de France circuit training<\/span><\/em><\/a><\/p>\n<p style=\"text-align: justify;\"><del><img loading=\"lazy\" decoding=\"async\" class=\"size-medium wp-image-1974 aligncenter\" src=\"http:\/\/sitetab3.ac-reims.fr\/clg-curie\/-wp-\/wp-content\/uploads\/20220515_144547-197x300.jpg\" alt=\"\" width=\"197\" height=\"300\" srcset=\"https:\/\/sitetab3.ac-reims.fr\/clg-curie\/-wp-\/wp-content\/uploads\/20220515_144547-197x300.jpg 197w, https:\/\/sitetab3.ac-reims.fr\/clg-curie\/-wp-\/wp-content\/uploads\/20220515_144547-674x1024.jpg 674w, https:\/\/sitetab3.ac-reims.fr\/clg-curie\/-wp-\/wp-content\/uploads\/20220515_144547-768x1167.jpg 768w, https:\/\/sitetab3.ac-reims.fr\/clg-curie\/-wp-\/wp-content\/uploads\/20220515_144547-1011x1536.jpg 1011w, https:\/\/sitetab3.ac-reims.fr\/clg-curie\/-wp-\/wp-content\/uploads\/20220515_144547-1348x2048.jpg 1348w, https:\/\/sitetab3.ac-reims.fr\/clg-curie\/-wp-\/wp-content\/uploads\/20220515_144547-scaled.jpg 1685w\" sizes=\"(max-width: 197px) 100vw, 197px\" \/><\/del><\/p>\n<p><img loading=\"lazy\" decoding=\"async\" class=\"alignnone size-medium wp-image-1972 aligncenter\" src=\"http:\/\/sitetab3.ac-reims.fr\/clg-curie\/-wp-\/wp-content\/uploads\/Picsart_22-05-15_14-35-40-697-300x300.jpg\" alt=\"\" width=\"300\" height=\"300\" srcset=\"https:\/\/sitetab3.ac-reims.fr\/clg-curie\/-wp-\/wp-content\/uploads\/Picsart_22-05-15_14-35-40-697-300x300.jpg 300w, https:\/\/sitetab3.ac-reims.fr\/clg-curie\/-wp-\/wp-content\/uploads\/Picsart_22-05-15_14-35-40-697-1024x1024.jpg 1024w, https:\/\/sitetab3.ac-reims.fr\/clg-curie\/-wp-\/wp-content\/uploads\/Picsart_22-05-15_14-35-40-697-150x150.jpg 150w, https:\/\/sitetab3.ac-reims.fr\/clg-curie\/-wp-\/wp-content\/uploads\/Picsart_22-05-15_14-35-40-697-768x768.jpg 768w, https:\/\/sitetab3.ac-reims.fr\/clg-curie\/-wp-\/wp-content\/uploads\/Picsart_22-05-15_14-35-40-697-1536x1536.jpg 1536w, https:\/\/sitetab3.ac-reims.fr\/clg-curie\/-wp-\/wp-content\/uploads\/Picsart_22-05-15_14-35-40-697-2048x2048.jpg 2048w\" sizes=\"(max-width: 300px) 100vw, 300px\" \/><\/p>\n<p>Apr\u00e8s un long suspense, nous avons appris par rep\u00eachage, que l\u2019\u00e9quipe de circuit training du coll\u00e8ge est qualifi\u00e9e pour participer au championnat de France le 12 et 13 mai 2022 \u00e0 Salon de Provence.<\/p>\n<p>C\u2019est donc avec motivation et d\u00e9termination que l\u2019\u00e9quipe s\u2019est remise au travail, en recherchant \u00e0 mettre plus de dynamisme et d\u2019intensit\u00e9 dans la r\u00e9alisation des mouvements.<\/p>\n<p>Mercredi 11 mai : derniers r\u00e9glages, mise en place de strat\u00e9gie et petit briefing avant le d\u00e9part ! Tous sont pr\u00eats pour aller d\u00e9fendre les couleurs du coll\u00e8ge.<\/p>\n<p>Jeudi 12 mai :<br \/>D\u00e9part 4h15 du coll\u00e8ge, \u00e7a pique &#8230; un peu ! Arriv\u00e9e pr\u00e9vue \u00e0 Salon de Provence vers 11h, juste le temps qu\u2019il nous faut pour terminer notre nuit et arriver en pleine forme !<br \/>Nous avons eu la chance de pouvoir d\u00e9couvrir cette belle petite ville proven\u00e7ale qu\u2019est Salon de Provence, \u00e0 travers entre autres ses jolies petites ruelles et l\u2019une des trois savonneries artisanales : Marirus FABRE.<br \/>Parce que c\u2019est aussi \u00e7a l\u2019UNSS : la d\u00e9couverte de nouvelles r\u00e9gions, d\u2019artisanat local &#8230; ce qui permet aux \u00e9l\u00e8ves de devenir des ambassadeurs de nos belles r\u00e9gions fran\u00e7aises !<\/p>\n<p>Fin de journ\u00e9e, nous sommes conduits \u00e0 l\u2019h\u00f4tel. Dernier briefing, puis il est l\u2019heure de se ressourcer pour arriver sur la comp\u00e9tition avec force et \u00e9nergie.<\/p>\n<p>Vendredi 13 mai :<br \/>Rendez-vous 6h30 au petit d\u00e9jeuner, c\u2019est le moment de faire le plein d\u2019\u00e9nergie, parce que la matin\u00e9e s\u2019annonce intense ! Et oui, cette ann\u00e9e nos \u00e9l\u00e8ves encha\u00eeneront les 3 \u00e9preuves (presque) sans temps de r\u00e9cup\u00e9ration !<\/p>\n<p>Au programme, \u00e9chauffement Zumba pour se mettre en jambes \u00e0 8h00, puis d\u00e9but des \u00e9preuves \u00e0 8h20.<br \/>Pendant que nos athl\u00e8tes s\u2019\u00e9chauffent, Imane assiste au dernier Briefing des jeunes juges. Pour Imane, l\u2019enjeu est grand puisqu\u2019elle joue la certification nationale ! L\u2019\u00e9quipe ne peut exister sans sans son juge et tous sommes derri\u00e8re elle, avec confiance et motivation !<\/p>\n<p>Nous commen\u00e7ons par l\u2019\u00e9preuve de performance, qui consiste \u00e0 r\u00e9aliser un maximum de r\u00e9p\u00e9titions sur diff\u00e9rents mouvements. Cette ann\u00e9e, les burpees, les pompes, la box jump et les tractions sont \u00e0 l\u2019honneur.<br \/>Il faut le reconna\u00eetre, cette \u00e9preuve n\u2019est pas celle dans laquelle nous excellons. Mais la combativit\u00e9 et la pers\u00e9v\u00e9rance de nos sportifs ont permis \u00e0 l\u2019\u00e9quipe de sortir la t\u00eate haute de cette premi\u00e8re \u00e9preuve !<\/p>\n<p>Nous poursuivons le championnat avec l\u2019\u00e9preuve des 6\u2019, au cours desquelles nos \u00e9l\u00e8ves doivent r\u00e9aliser un maximum de r\u00e9p\u00e9titions sur le mouvement qu\u2019ils ont tir\u00e9 au sort.<br \/>Le tirage nous est plut\u00f4t favorable, Juliette ouvre la danse en encha\u00eenant un grand nombre de burpees, Emma poursuit avec force et courage pour accro\u00eetre le nombre de r\u00e9p\u00e9titions sur les lunges jump (fentes saut\u00e9es), puis c\u2019est au tour de Robin de faire grimper le compteur en s\u2019arrachant sur les squats jump (squats saut\u00e9s), enfin, Axel ferme la danse et nous montre toute l\u2019\u00e9tendue de son talent en \u00e9tant h\u00e9ro\u00efque sur les tap planks. En terminant premiers de cette deuxi\u00e8me rotation, les organismes, mis \u00e0 rude \u00e9preuve se trouvent reboost\u00e9s !<\/p>\n<p>Troisi\u00e8me et derni\u00e8re \u00e9preuve : le relais chronom\u00e9tr\u00e9. L\u2019\u00e9quipe devra cette fois r\u00e9aliser un nombre donn\u00e9 de r\u00e9p\u00e9titions sur 3 mouvements en se passant le relais.<br \/>Il y aura donc 150 squats, 160 jumping-jacks et 40 wall ball avant de pouvoir franchir la ligne d\u2019arriv\u00e9e en \u00e9quipe.<\/p>\n<p>5-4-3-2-1, le chrono est lanc\u00e9 et notre \u00e9quipe donne ses derni\u00e8res forces pour encha\u00eener le plus rapidement possible toutes ses r\u00e9p\u00e9titions ! C\u2019est encore une fois la d\u00e9termination, le courage et l\u2019entraide qui ont pris le pas sur leurs corps bien fatigu\u00e9s ! Nos sportifs franchissent la ligne d\u2019arriv\u00e9e en 7\u201929\u2019\u00b4 !<\/p>\n<p>La comp\u00e9tition est termin\u00e9e, il est l\u2019heure d\u2019aller reprendre un peu de force \u00e0 la restauration avant le tant attendu protocole !<\/p>\n<p>14h, la c\u00e9r\u00e9monie commence et nous sommes appel\u00e9s en 5\u00e8me position ! C\u2019est la grande surprise et la grande joie dans toute l\u2019\u00e9quipe, un m\u00e9lange de fiert\u00e9 et d\u2019excitation s\u2019empare de nous tous ! Nous sommes 5\u00e8me sur 23 au championnat de France de circuit training 2022, et Imane, notre jeune juge \u00e0 brillamment obtenu sa certification !<br \/>Deux magnifiques r\u00e9sultats qui r\u00e9compensent un travail, une assiduit\u00e9 et un \u00e9tat d\u2019esprit exemplaire de la part de nos athl\u00e8tes !<\/p>\n<p>Il est maintenant l\u2019heure de reprendre le train, de dire au revoir aux copains, parce que c\u2019est aussi \u00e7a l\u2019UNSS, de belles rencontres !<\/p>\n<p>C\u2019est \u00e0 n\u2019en pas douter, nos \u00e9l\u00e8ves repartent de ce championnat avec de beaux souvenirs, qui mettent un beau point final \u00e0 leur scolarit\u00e9 au coll\u00e8ge Marie Curie !<\/p>\n<p>Encore un grand bravo \u00e0 Axel VEZY, Robin BRELET-COLIN, Juliette FRAMERY, Emma VALENTIN et Imane AUBLE pour leur investissement !<\/p>\n<p><em><img loading=\"lazy\" decoding=\"async\" class=\" size-full wp-image-446\" src=\"http:\/\/sitetab3.ac-reims.fr\/clg-curie\/-wp-\/wp-content\/uploads\/icones\/titre2.png\" alt=\"\" width=\"27\" height=\"27\" \/><span style=\"color: #3366ff; font-size: 18pt;\">championnat acad\u00e9mique football excellence<\/span><\/em><\/p>\n<p>Nos \u00e9l\u00e8ves de la section sportive football gar\u00e7ons sont champions acad\u00e9miques ce mercredi 06\/04, apr\u00e8s avoir battu Reims 5\/1 et Charleville 11\/0. Une pens\u00e9e \u00e0 Th\u00e9o qui s&rsquo;est bless\u00e9 lors de cette rencontre.<\/p>\n<p>Les \u00e9l\u00e8ves du Coll\u00e8ge Marie Curie sont donc qualifi\u00e9s pour le championnat de France de football qui aura lieu du 16 au 20 mai 2022 \u00e0 Montb\u00e9liard.<\/p>\n<p>Bravo \u00e0 tous et \u00e0 leur entra\u00eeneur Didier CLERVAL.<\/p>\n<p><a href=\"http:\/\/sitetab3.ac-reims.fr\/clg-curie\/-wp-\/wp-content\/uploads\/Screenshot_20220406-173330_Picsart.jpg\"><img loading=\"lazy\" decoding=\"async\" class=\"wp-image-1897 aligncenter\" src=\"http:\/\/sitetab3.ac-reims.fr\/clg-curie\/-wp-\/wp-content\/uploads\/Screenshot_20220406-173330_Picsart.jpg\" alt=\"\" width=\"630\" height=\"626\" srcset=\"https:\/\/sitetab3.ac-reims.fr\/clg-curie\/-wp-\/wp-content\/uploads\/Screenshot_20220406-173330_Picsart.jpg 1080w, https:\/\/sitetab3.ac-reims.fr\/clg-curie\/-wp-\/wp-content\/uploads\/Screenshot_20220406-173330_Picsart-300x298.jpg 300w, https:\/\/sitetab3.ac-reims.fr\/clg-curie\/-wp-\/wp-content\/uploads\/Screenshot_20220406-173330_Picsart-1024x1018.jpg 1024w, https:\/\/sitetab3.ac-reims.fr\/clg-curie\/-wp-\/wp-content\/uploads\/Screenshot_20220406-173330_Picsart-150x150.jpg 150w, https:\/\/sitetab3.ac-reims.fr\/clg-curie\/-wp-\/wp-content\/uploads\/Screenshot_20220406-173330_Picsart-768x764.jpg 768w\" sizes=\"(max-width: 630px) 100vw, 630px\" \/><\/a><\/p>\n<p><em><img loading=\"lazy\" decoding=\"async\" class=\" size-full wp-image-446\" src=\"http:\/\/sitetab3.ac-reims.fr\/clg-curie\/-wp-\/wp-content\/uploads\/icones\/titre2.png\" alt=\"\" width=\"27\" height=\"27\" \/><span style=\"color: #3366ff; font-size: 18pt;\">Championnat de France Cross\u00a0<\/span><\/em><\/p>\n<p>6h30, nous voil\u00e0 partis pour Plouay, en Bretagne. Entre jeux de cartes et bonbons, nous arrivons apr\u00e8s 9h de route \u00e0 la base nautique de Lorient.<br \/>C\u2019est le moment de se d\u00e9gourdir les jambes et de prendre un peu de bon temps en profitant du bon air iod\u00e9 breton.<br \/>19h, c\u2019est l\u2019heure de se restaurer, rendez-vous au restaurant universitaire o\u00f9 un far breton nous attend &#8230;\ud83d\ude0b et oui, c\u2019est aussi \u00e7a les championnats de France : d\u00e9couvrir des sp\u00e9cialit\u00e9s locales.<br \/>20h, c\u2019est l\u2019heure de rejoindre l\u2019h\u00f4tel. Tout le monde s\u2019installe, les \u00e9l\u00e8ves s\u2019endorment rapidement &#8230; enfin c\u2019est ce qu\u2019ils essaient de nous faire croire. \ud83e\udd2a<br \/>Samedi matin 8h, rendez-vous au petit d\u00e9jeuner. Les petits yeux de nos \u00e9l\u00e8ves les trahissent, la nuit \u00e0 certainement \u00e9t\u00e9 plus courte que ce qu\u2019ils veulent nous faire croire \ud83e\udd23.<br \/>Petits yeux certes, mais grande motivation. Tous sont pr\u00eats \u00e0 en d\u00e9coudre avec l\u2019exigent parcours qui les attends \u00e0 Plouay.<br \/>9h45, nous arrivons sur place sous un soleil resplendissant. Toutes les conditions sont r\u00e9unies pour passer une belle journ\u00e9e.<br \/>Apr\u00e8s une reconnaissance du parcours, concentration et stress sont au rendez-vous.<br \/>12h25, le d\u00e9part des minimes filles est lanc\u00e9. Laly PORENTRU, Zo\u00e9 LEERMAN et El\u00e9anore MATS se lancent dans une course folle. La course part tr\u00e8s vite, le niveau est relev\u00e9, mais les filles franchissent la ligne d\u2019arriv\u00e9e avec honneur, en ayant tout donn\u00e9.<br \/>12h50, c\u2019est au tour des gar\u00e7ons, Achille MULFINGER, Na\u00ebl BLIN et Mathys DETOURBET de s\u2019\u00e9lancer. 204 jeunes prennent le d\u00e9part \u00e0 une vitesse l\u00e0 aussi impressionnante. Tr\u00e8s vite, nos athl\u00e8tes se placent et font preuve de beaucoup de courage et d\u2019envie pour terminer avec brio cette course au niveau tr\u00e8s relev\u00e9.<br \/>\u00c7a y est, le stress retombe et c\u2019est le moment d\u2019aller reprendre des forces \u00e0 la restauration et surtout d\u2019aller go\u00fbter \u00e0 aux fameuses cr\u00eapes faites maison. C\u2019est sur cette note sucr\u00e9e et agr\u00e9able que ce termine ce petit s\u00e9jour en terre bretonne.<br \/>Bravo \u00e0 nos athl\u00e8tes qui ont su honorer les couleurs du coll\u00e8ge Marie Curie.<\/p>\n<p><img loading=\"lazy\" decoding=\"async\" class=\"size-medium wp-image-1892 aligncenter\" src=\"http:\/\/sitetab3.ac-reims.fr\/clg-curie\/-wp-\/wp-content\/uploads\/20220326_155411-1-300x300.jpg\" alt=\"\" width=\"300\" height=\"300\" srcset=\"https:\/\/sitetab3.ac-reims.fr\/clg-curie\/-wp-\/wp-content\/uploads\/20220326_155411-1-300x300.jpg 300w, https:\/\/sitetab3.ac-reims.fr\/clg-curie\/-wp-\/wp-content\/uploads\/20220326_155411-1-1024x1024.jpg 1024w, https:\/\/sitetab3.ac-reims.fr\/clg-curie\/-wp-\/wp-content\/uploads\/20220326_155411-1-150x150.jpg 150w, https:\/\/sitetab3.ac-reims.fr\/clg-curie\/-wp-\/wp-content\/uploads\/20220326_155411-1-768x768.jpg 768w, https:\/\/sitetab3.ac-reims.fr\/clg-curie\/-wp-\/wp-content\/uploads\/20220326_155411-1.jpg 1075w\" sizes=\"(max-width: 300px) 100vw, 300px\" \/><\/p>\n<p><img loading=\"lazy\" decoding=\"async\" class=\"size-medium wp-image-1893 aligncenter\" src=\"http:\/\/sitetab3.ac-reims.fr\/clg-curie\/-wp-\/wp-content\/uploads\/20220326_154600-1-300x300.jpg\" alt=\"\" width=\"300\" height=\"300\" srcset=\"https:\/\/sitetab3.ac-reims.fr\/clg-curie\/-wp-\/wp-content\/uploads\/20220326_154600-1-300x300.jpg 300w, https:\/\/sitetab3.ac-reims.fr\/clg-curie\/-wp-\/wp-content\/uploads\/20220326_154600-1-1024x1024.jpg 1024w, https:\/\/sitetab3.ac-reims.fr\/clg-curie\/-wp-\/wp-content\/uploads\/20220326_154600-1-150x150.jpg 150w, https:\/\/sitetab3.ac-reims.fr\/clg-curie\/-wp-\/wp-content\/uploads\/20220326_154600-1-768x768.jpg 768w, https:\/\/sitetab3.ac-reims.fr\/clg-curie\/-wp-\/wp-content\/uploads\/20220326_154600-1.jpg 1080w\" sizes=\"(max-width: 300px) 100vw, 300px\" \/><\/p>\n<p><em><img loading=\"lazy\" decoding=\"async\" class=\" size-full wp-image-446\" src=\"http:\/\/sitetab3.ac-reims.fr\/clg-curie\/-wp-\/wp-content\/uploads\/icones\/titre2.png\" alt=\"\" width=\"27\" height=\"27\" \/><span style=\"font-size: 18pt; color: #3366ff;\">Les Jeux de L&rsquo;Aube<\/span><\/em><\/p>\n<p>Les \u00e9l\u00e8ves du coll\u00e8ge Marie Curie a particip\u00e9, \u00e0 la seconde \u00e9tape des Jeux de l\u2019Aube qui vont les emmener jusqu\u2019au printemps 2024.<\/p>\n<p>Ils ont particip\u00e9 \u00e0 un tournoi de hand \u00e0 4. Celui-ci s&rsquo;est d\u00e9roul\u00e9 dans un tr\u00e8s bon \u00e9tat d&rsquo;esprit. Les \u00e9l\u00e8ves, novices dans cette activit\u00e9, se sont tr\u00e8s facilement adapt\u00e9s et ont rapidement progress\u00e9. Heureux de cette journ\u00e9e, ils sont rentr\u00e9s chez eux bien fatigu\u00e9s.<\/p>\n<p>Merci au 8 \u00e9l\u00e8ves du coll\u00e8ge pour leur participation \u00e0 cette journ\u00e9e festive.<a href=\"http:\/\/sitetab3.ac-reims.fr\/clg-curie\/-wp-\/wp-content\/uploads\/jeux-de-lAube.jpg\"><img loading=\"lazy\" decoding=\"async\" class=\"wp-image-1885 aligncenter\" src=\"http:\/\/sitetab3.ac-reims.fr\/clg-curie\/-wp-\/wp-content\/uploads\/jeux-de-lAube.jpg\" alt=\"\" width=\"515\" height=\"514\" srcset=\"https:\/\/sitetab3.ac-reims.fr\/clg-curie\/-wp-\/wp-content\/uploads\/jeux-de-lAube.jpg 1080w, https:\/\/sitetab3.ac-reims.fr\/clg-curie\/-wp-\/wp-content\/uploads\/jeux-de-lAube-300x300.jpg 300w, https:\/\/sitetab3.ac-reims.fr\/clg-curie\/-wp-\/wp-content\/uploads\/jeux-de-lAube-1024x1024.jpg 1024w, https:\/\/sitetab3.ac-reims.fr\/clg-curie\/-wp-\/wp-content\/uploads\/jeux-de-lAube-150x150.jpg 150w, https:\/\/sitetab3.ac-reims.fr\/clg-curie\/-wp-\/wp-content\/uploads\/jeux-de-lAube-768x767.jpg 768w\" sizes=\"(max-width: 515px) 100vw, 515px\" \/><\/a><em><img loading=\"lazy\" decoding=\"async\" class=\" size-full wp-image-446\" src=\"http:\/\/sitetab3.ac-reims.fr\/clg-curie\/-wp-\/wp-content\/uploads\/icones\/titre2.png\" alt=\"\" width=\"27\" height=\"27\" \/><span style=\"color: #3366ff; font-size: 24pt;\">Circuit Training<\/span><\/em><\/p>\n<p>Mercredi 23 mars, une belle journ\u00e9e pour l\u2019AS du coll\u00e8ge Marie Curie. Les jeux de l\u2019Aube, le championnat acad\u00e9mique d\u2019escalade et de circuit training.<\/p>\n<p>Nous voil\u00e0 donc partis pour Sedan, avec deux objectifs, se qualifier pour le championnat de France et surtout, se faire plaisir.<\/p>\n<p>3 \u00e9preuves attendent nos sportifs. La 1<sup>\u00e8re<\/sup>, r\u00e9aliser un maximum de r\u00e9p\u00e9titions pendant 1 minute sur 4 mouvements\u00a0: la box jump, les push-up (pompes), les burpees et les tractions aux sangles. Nos \u00e9l\u00e8ves, n\u2019ont rien l\u00e2ch\u00e9 et ont r\u00e9alis\u00e9 de belles performances.<\/p>\n<p>2<sup>\u00e8me<\/sup> \u00e9preuve, le parcours, dont le but est de r\u00e9aliser un nombre impos\u00e9 de r\u00e9p\u00e9titions sur trois mouvements\u00a0: jumping jack, push-up et air squat. C\u2019est encore une fois avec beaucoup de s\u00e9rieux et de rigueur que nos \u00e9l\u00e8ves ont brillamment d\u00e9fendu les couleurs du coll\u00e8ge, en r\u00e9alisant un beau parcours.<\/p>\n<p>Fin de journ\u00e9e. La fatigue commence \u00e0 se faire sentir, mais il va falloir rester mobiliser pour la 3<sup>\u00e8me<\/sup> et derni\u00e8re \u00e9preuve, qui consiste \u00e0 r\u00e9aliser un maximum de r\u00e9p\u00e9titions en 6 minutes, chaque \u00e9l\u00e8ves ayant un mouvement sp\u00e9cifique \u00e0 ex\u00e9cuter \u2026 3, 2, 1 c\u2019est parti pour 6 minutes de folies au cour desquelles notre \u00e9quipe n\u2019a rien l\u00e2ch\u00e9. Que ce soit Emma et ses push-up, Robin et ses lunges jump, Juliette avec ses mountain climber ou Axel et ses 227 tap plank, rigueur, et d\u00e9passement de soi ont \u00e9t\u00e9 au rendez-vous.<\/p>\n<p>\u00c0 l\u2019issue de cette belle journ\u00e9e, notre \u00e9quipe terminera deuxi\u00e8me avec peut-\u00eatre la possibilit\u00e9 d\u2019\u00eatre rep\u00each\u00e9e pour le championnat de France. Mais en attendant le verdict, nous ne pouvons que f\u00e9liciter l\u2019\u00e9tat d\u2019esprit combatif, la rigueur et la bonne humeur de notre \u00e9quipe compos\u00e9e d\u2019Emma VALENTIN, Juliette FRAMERY, Axel VEZY, Robin BRELET et Imane AUBLE, notre juge qui a brillamment obtenu la certification acad\u00e9mique de juge en circuit training.<\/p>\n<p><a href=\"http:\/\/sitetab3.ac-reims.fr\/clg-curie\/-wp-\/wp-content\/uploads\/20220324_130959.jpg\"><img loading=\"lazy\" decoding=\"async\" class=\"wp-image-1883 aligncenter\" src=\"http:\/\/sitetab3.ac-reims.fr\/clg-curie\/-wp-\/wp-content\/uploads\/20220324_130959.jpg\" alt=\"\" width=\"477\" height=\"473\" srcset=\"https:\/\/sitetab3.ac-reims.fr\/clg-curie\/-wp-\/wp-content\/uploads\/20220324_130959.jpg 1080w, https:\/\/sitetab3.ac-reims.fr\/clg-curie\/-wp-\/wp-content\/uploads\/20220324_130959-300x298.jpg 300w, https:\/\/sitetab3.ac-reims.fr\/clg-curie\/-wp-\/wp-content\/uploads\/20220324_130959-1024x1016.jpg 1024w, https:\/\/sitetab3.ac-reims.fr\/clg-curie\/-wp-\/wp-content\/uploads\/20220324_130959-150x150.jpg 150w, https:\/\/sitetab3.ac-reims.fr\/clg-curie\/-wp-\/wp-content\/uploads\/20220324_130959-768x762.jpg 768w\" sizes=\"(max-width: 477px) 100vw, 477px\" \/><\/a><\/p>\n<p style=\"text-align: left;\"><span style=\"font-size: 24pt;\"><em><span style=\"text-decoration: underline;\"><img loading=\"lazy\" decoding=\"async\" class=\" size-full wp-image-446\" src=\"http:\/\/sitetab3.ac-reims.fr\/clg-curie\/-wp-\/wp-content\/uploads\/icones\/titre2.png\" alt=\"\" width=\"27\" height=\"27\" \/><\/span><span style=\"color: #3366ff;\">Escalade<\/span><span style=\"text-decoration: underline;\"><br \/><\/span><\/em><\/span><\/p>\n<div id=\":ow\" class=\"a3s aiL \">A l&rsquo;issue d&rsquo;une longue journ\u00e9e de comp\u00e9tition compos\u00e9e de 3 \u00e9preuves (4 parcours de \u00ab\u00a0bloc\u00a0\u00bb, 5 voies de \u00ab\u00a0difficult\u00e9s\u00a0\u00bb et 1 voie de \u00ab\u00a0vitesse\u00a0\u00bb), nos quatre grimpeurs, Philom\u00e8ne PELLECUER, Amie LERONDEL, Basile PIERREYRES &amp; Est\u00e9ban BRIDOUX, sont devenus champions acad\u00e9miques UNSS excellence escalade!<\/div>\n<div><a href=\"http:\/\/sitetab3.ac-reims.fr\/clg-curie\/-wp-\/wp-content\/uploads\/Screenshot_20220324-130441_Picsart.jpg\"><img loading=\"lazy\" decoding=\"async\" class=\"wp-image-1882 aligncenter\" src=\"http:\/\/sitetab3.ac-reims.fr\/clg-curie\/-wp-\/wp-content\/uploads\/Screenshot_20220324-130441_Picsart.jpg\" alt=\"\" width=\"445\" height=\"441\" srcset=\"https:\/\/sitetab3.ac-reims.fr\/clg-curie\/-wp-\/wp-content\/uploads\/Screenshot_20220324-130441_Picsart.jpg 1080w, https:\/\/sitetab3.ac-reims.fr\/clg-curie\/-wp-\/wp-content\/uploads\/Screenshot_20220324-130441_Picsart-300x298.jpg 300w, https:\/\/sitetab3.ac-reims.fr\/clg-curie\/-wp-\/wp-content\/uploads\/Screenshot_20220324-130441_Picsart-1024x1015.jpg 1024w, https:\/\/sitetab3.ac-reims.fr\/clg-curie\/-wp-\/wp-content\/uploads\/Screenshot_20220324-130441_Picsart-150x150.jpg 150w, https:\/\/sitetab3.ac-reims.fr\/clg-curie\/-wp-\/wp-content\/uploads\/Screenshot_20220324-130441_Picsart-768x762.jpg 768w\" sizes=\"(max-width: 445px) 100vw, 445px\" \/><\/a><\/div>\n<p><img loading=\"lazy\" decoding=\"async\" class=\" size-full wp-image-446\" src=\"http:\/\/sitetab3.ac-reims.fr\/clg-curie\/-wp-\/wp-content\/uploads\/icones\/titre2.png\" alt=\"\" width=\"27\" height=\"27\" \/><em><span style=\"font-size: 24pt;\"><span style=\"color: #3366ff;\">Gymnastique Acad<\/span><span style=\"color: #3366ff;\">\u00e9mique<\/span><\/span><\/em><\/p>\n<p>Mercredi 2 mars s&rsquo;est d\u00e9roul\u00e9 le championnat Acad\u00e9mique de gymnastique \u00e0 Epernay.<\/p>\n<p>Encore une belle r\u00e9ussite pour nos gymnastes de la section qui se placent sur la plus haute marche du podium avec 6 points d&rsquo;avance sur les concurrentes.<\/p>\n<p>L&rsquo;\u00e9quipe se qualifie pour les championnats de France qui se d\u00e9rouleront au mois de juin \u00e0 Combs-la-ville dans le d\u00e9partement de Seine et Marne pour de nouveaux exploits.<\/p>\n<p>Un grand merci \u00e0 Ninon Roux, lyc\u00e9enne et ancienne \u00e9l\u00e8ve du coll\u00e8ge qui est venue participer \u00e0 cette rencontre en tant que juge.<\/p>\n<p>Bravo aux filles de la section qui se sont bien comport\u00e9es lors de cette journ\u00e9e.<\/p>\n<p><a href=\"http:\/\/sitetab3.ac-reims.fr\/clg-curie\/-wp-\/wp-content\/uploads\/Screenshot_20220302-192959_Picsart.jpg\"><img loading=\"lazy\" decoding=\"async\" class=\"wp-image-1852 aligncenter\" src=\"http:\/\/sitetab3.ac-reims.fr\/clg-curie\/-wp-\/wp-content\/uploads\/Screenshot_20220302-192959_Picsart.jpg\" alt=\"\" width=\"569\" height=\"559\" srcset=\"https:\/\/sitetab3.ac-reims.fr\/clg-curie\/-wp-\/wp-content\/uploads\/Screenshot_20220302-192959_Picsart.jpg 1080w, https:\/\/sitetab3.ac-reims.fr\/clg-curie\/-wp-\/wp-content\/uploads\/Screenshot_20220302-192959_Picsart-300x294.jpg 300w, https:\/\/sitetab3.ac-reims.fr\/clg-curie\/-wp-\/wp-content\/uploads\/Screenshot_20220302-192959_Picsart-1024x1005.jpg 1024w, https:\/\/sitetab3.ac-reims.fr\/clg-curie\/-wp-\/wp-content\/uploads\/Screenshot_20220302-192959_Picsart-768x754.jpg 768w\" sizes=\"(max-width: 569px) 100vw, 569px\" \/><\/a><\/p>\n<p><a href=\"http:\/\/sitetab3.ac-reims.fr\/clg-curie\/-wp-\/wp-content\/uploads\/20220302_193322.jpg\"><img loading=\"lazy\" decoding=\"async\" class=\"wp-image-1851 aligncenter\" src=\"http:\/\/sitetab3.ac-reims.fr\/clg-curie\/-wp-\/wp-content\/uploads\/20220302_193322.jpg\" alt=\"\" width=\"588\" height=\"591\" \/><\/a><\/p>\n<p><img loading=\"lazy\" decoding=\"async\" class=\" size-full wp-image-446\" src=\"http:\/\/sitetab3.ac-reims.fr\/clg-curie\/-wp-\/wp-content\/uploads\/icones\/titre2.png\" alt=\"\" width=\"27\" height=\"27\" \/><em><span style=\"font-size: 24pt; color: #3366ff;\">CROSS Acad\u00e9mique<\/span><\/em><\/p>\n<p>Mercredi 2 mars, 11h30, tous les athl\u00e8tes sont pr\u00eats \u00e0 en d\u00e9coudre pour obtenir une qualification au championnat de France.<\/p>\n<p>11h42, pas de bus, 12h, toujours pas de bus, alors que la course des benjamins d\u00e9bute dans une heure. Une solution est finalement trouv\u00e9e, et nos benjamines (Jeanne THOMAS, Amie LERONDEL, Ana\u00efa MAROUHM et No\u00e9mie PITRON) arrivent tout juste \u00e0 temps pour le d\u00e9part. Pas d\u2019\u00e9chauffement, un peu de stress et le d\u00e9part est donn\u00e9. Elles s\u2019\u00e9lancent alors toutes avec d\u00e9termination et franchissent la ligne d\u2019arriv\u00e9e en ayant tout donn\u00e9. Au tour maintenant des benjamins (Maxence DE MARCH, Emrys CARLIER, Diego HERNANDEZ et Noah KARAMOKO). Vont-ils eux aussi r\u00e9ussir \u00e0 surmonter le stress accumul\u00e9 d\u00fb au retard du bus\u00a0? Et bien oui, c\u2019est avec honneur et courage qu\u2019ils ont pris le d\u00e9part de ce beau parcours, pour r\u00e9aliser une tr\u00e8s belle course et passer la ligne d\u2019arriv\u00e9e avec fiert\u00e9. Nos benjamins(es) d\u00e9crochent la 10<sup>\u00e8me<\/sup> et 15<sup>\u00e8me<\/sup> place du classement par \u00e9quipes.<\/p>\n<p>Nos minimes, arriv\u00e9s eux aussi sur le tard, n\u2019ont pas eu la chance de pouvoir s\u2019\u00e9chauffer. \u00c0 peine arriv\u00e9s, filles (Imane AUBLE, Lina CHELLI, Zahia FAILLENOT, Zo\u00e9 LEERMAN, Lou-Ann MARCOUP, Laly PORENTRU) comme gar\u00e7ons (Mathys DETOURBET, Djibril DIARRA, Na\u00ebl BLIN, Achille MULFINGER, Selim YANIK) ont \u00e9t\u00e9 lanc\u00e9 dans l\u2019ar\u00e8ne. Si physiquement les organismes n\u2019\u00e9taient pas pr\u00eats, le mental, lui, a fait le travail. Tout comme nos benjamins, nos minimes ont franchi avec honneur la ligne d\u2019arriv\u00e9e, pour d\u00e9crocher une belle premi\u00e8re place. Achille, Na\u00ebl, Mathys, Zo\u00e9, Laly et Lina iront donc d\u00e9fendre les couleurs du coll\u00e8ge le 26 mars en Bretagne, \u00e0 l\u2019occasion du championnat de France UNSS de cross-country.<\/p>\n<p>Bravo \u00e0 tous nos athl\u00e8tes, qui \u00e0 chaque comp\u00e9tition, repr\u00e9sentent le coll\u00e8ge avec brio.<\/p>\n<p style=\"text-align: center;\"><a href=\"http:\/\/sitetab3.ac-reims.fr\/clg-curie\/-wp-\/wp-content\/uploads\/Screenshot_20220302-182953_Picsart.jpg\"><img loading=\"lazy\" decoding=\"async\" class=\"wp-image-1843 aligncenter\" src=\"http:\/\/sitetab3.ac-reims.fr\/clg-curie\/-wp-\/wp-content\/uploads\/Screenshot_20220302-182953_Picsart.jpg\" alt=\"\" width=\"384\" height=\"379\" srcset=\"https:\/\/sitetab3.ac-reims.fr\/clg-curie\/-wp-\/wp-content\/uploads\/Screenshot_20220302-182953_Picsart.jpg 935w, https:\/\/sitetab3.ac-reims.fr\/clg-curie\/-wp-\/wp-content\/uploads\/Screenshot_20220302-182953_Picsart-300x296.jpg 300w, https:\/\/sitetab3.ac-reims.fr\/clg-curie\/-wp-\/wp-content\/uploads\/Screenshot_20220302-182953_Picsart-768x759.jpg 768w\" sizes=\"(max-width: 384px) 100vw, 384px\" \/><\/a>Participants au Cross Acad\u00e9mique 2022 \u00e0 Mesnil-Saint-P\u00e8re<\/p>\n<p><a href=\"http:\/\/sitetab3.ac-reims.fr\/clg-curie\/-wp-\/wp-content\/uploads\/Screenshot_20220302-181157_Picsart.jpg\"><img loading=\"lazy\" decoding=\"async\" class=\"wp-image-1844 aligncenter\" src=\"http:\/\/sitetab3.ac-reims.fr\/clg-curie\/-wp-\/wp-content\/uploads\/Screenshot_20220302-181157_Picsart.jpg\" alt=\"\" width=\"377\" height=\"378\" srcset=\"https:\/\/sitetab3.ac-reims.fr\/clg-curie\/-wp-\/wp-content\/uploads\/Screenshot_20220302-181157_Picsart.jpg 1079w, https:\/\/sitetab3.ac-reims.fr\/clg-curie\/-wp-\/wp-content\/uploads\/Screenshot_20220302-181157_Picsart-300x300.jpg 300w, https:\/\/sitetab3.ac-reims.fr\/clg-curie\/-wp-\/wp-content\/uploads\/Screenshot_20220302-181157_Picsart-1022x1024.jpg 1022w, https:\/\/sitetab3.ac-reims.fr\/clg-curie\/-wp-\/wp-content\/uploads\/Screenshot_20220302-181157_Picsart-150x150.jpg 150w, https:\/\/sitetab3.ac-reims.fr\/clg-curie\/-wp-\/wp-content\/uploads\/Screenshot_20220302-181157_Picsart-768x769.jpg 768w\" sizes=\"(max-width: 377px) 100vw, 377px\" \/>\u00a0\u00a0\u00a0\u00a0\u00a0 <\/a><\/p>\n<p><a href=\"http:\/\/sitetab3.ac-reims.fr\/clg-curie\/-wp-\/wp-content\/uploads\/Screenshot_20220302-181754_Picsart.jpg\"><img loading=\"lazy\" decoding=\"async\" class=\"wp-image-1845 aligncenter\" src=\"http:\/\/sitetab3.ac-reims.fr\/clg-curie\/-wp-\/wp-content\/uploads\/Screenshot_20220302-181754_Picsart.jpg\" alt=\"\" width=\"383\" height=\"377\" srcset=\"https:\/\/sitetab3.ac-reims.fr\/clg-curie\/-wp-\/wp-content\/uploads\/Screenshot_20220302-181754_Picsart.jpg 1080w, https:\/\/sitetab3.ac-reims.fr\/clg-curie\/-wp-\/wp-content\/uploads\/Screenshot_20220302-181754_Picsart-300x296.jpg 300w, https:\/\/sitetab3.ac-reims.fr\/clg-curie\/-wp-\/wp-content\/uploads\/Screenshot_20220302-181754_Picsart-1024x1010.jpg 1024w, https:\/\/sitetab3.ac-reims.fr\/clg-curie\/-wp-\/wp-content\/uploads\/Screenshot_20220302-181754_Picsart-768x757.jpg 768w\" sizes=\"(max-width: 383px) 100vw, 383px\" \/><\/a><\/p>\n<p><a href=\"http:\/\/sitetab3.ac-reims.fr\/clg-curie\/-wp-\/wp-content\/uploads\/Screenshot_20220302-182534_Picsart.jpg\"><img loading=\"lazy\" decoding=\"async\" class=\"wp-image-1846 aligncenter\" src=\"http:\/\/sitetab3.ac-reims.fr\/clg-curie\/-wp-\/wp-content\/uploads\/Screenshot_20220302-182534_Picsart.jpg\" alt=\"\" width=\"531\" height=\"571\" srcset=\"https:\/\/sitetab3.ac-reims.fr\/clg-curie\/-wp-\/wp-content\/uploads\/Screenshot_20220302-182534_Picsart.jpg 1046w, https:\/\/sitetab3.ac-reims.fr\/clg-curie\/-wp-\/wp-content\/uploads\/Screenshot_20220302-182534_Picsart-279x300.jpg 279w, https:\/\/sitetab3.ac-reims.fr\/clg-curie\/-wp-\/wp-content\/uploads\/Screenshot_20220302-182534_Picsart-952x1024.jpg 952w, https:\/\/sitetab3.ac-reims.fr\/clg-curie\/-wp-\/wp-content\/uploads\/Screenshot_20220302-182534_Picsart-768x826.jpg 768w\" sizes=\"(max-width: 531px) 100vw, 531px\" \/><\/a><\/p>\n<p>Equipe mixte qualifi\u00e9e au championnat de France le 26 Mars \u00e0 PLOUAY dans le MORBIHAN.<\/p>\n<p><img loading=\"lazy\" decoding=\"async\" class=\" size-full wp-image-446\" src=\"http:\/\/sitetab3.ac-reims.fr\/clg-curie\/-wp-\/wp-content\/uploads\/icones\/titre2.png\" alt=\"\" width=\"27\" height=\"27\" \/><span style=\"font-size: 14pt;\"><em><span style=\"color: #3366ff;\"><span style=\"font-size: 24pt;\">CROSS D\u00e9partemental<\/span> <\/span><\/em><br \/><\/span><\/p>\n<p>Voil\u00e0 maintenant quelques longs mois que notre AS ne fonctionne plus. Les choses semblent quelques peu revenues dans l&rsquo;ordre malgr\u00e9 encore quelques restrictions sanitaires qui ne nous permettent pas d&rsquo;effectuer des rencontres inter-\u00e9tablissement en int\u00e9rieur mais belle et bien en ext\u00e9rieur. C&rsquo;est pour cette raison que le coll\u00e8ge Marie Curie a retrouv\u00e9 ce Mercredi 17 novembre, les joies d&rsquo;un rassemblement UNSS par la participation au CROSS Country de l&rsquo;AUBE.<\/p>\n<p>Cette reprise de l&rsquo;activit\u00e9 s&rsquo;est d\u00e9roul\u00e9e cette ann\u00e9e sur le site de Mesnil Saint P\u00e8re, au bord du lac, au c\u0153ur du Parc R\u00e9gional d&rsquo;Orient.<\/p>\n<p>116 \u00e9l\u00e8ves ont repr\u00e9sent\u00e9 le coll\u00e8ge, sous de nouvelles couleurs et un nouveau logo, sur les \u00e9preuves en benjamin(e)s en relai et en individuel, sur les minimes filles et gar\u00e7ons ainsi qu&rsquo;en cadet.<\/p>\n<p>Pour cette reprise, une particularit\u00e9 \u00e0 vue le jour dans la cat\u00e9gorie Benjamine. En effet, cette ann\u00e9e, les benjamins et benjamines devaient constituer une \u00e9quipe de relai avec 2 gar\u00e7ons et 2 filles.<\/p>\n<p>Ne pouvant \u00e9quilibrer le nombre de filles et de gar\u00e7ons dans cette cat\u00e9gorie, une course suppl\u00e9mentaire s&rsquo;est ajout\u00e9e \u00e0 la journ\u00e9e pour les \u00e9l\u00e8ves ne pouvant pas \u00eatre dans les relais.<\/p>\n<p>Apr\u00e8s une journ\u00e9e bien fra\u00eeche et bien humide, nos jeunes ont tous r\u00e9pondu pr\u00e9sents et ont brill\u00e9 par leurs performances.<\/p>\n<p>Voici les quelques r\u00e9sultats marquants de la journ\u00e9e :<\/p>\n<p><em><strong>en course individuelle chez les benjamins<\/strong><\/em> : MEZRICHE Ishak terminent 1er devant DORE Lucas 2\u00e8me<\/p>\n<p><em><strong>en course relai<\/strong><\/em> : l&rsquo;\u00e9quipe Maxence DE MARCH-Jeanne THOMAS-Diego HERNANDEZ-Jeanne NOEL termine 1\u00e8re dans l&rsquo;\u00e9quipe Emrys CARLIER-Ilham BENABIDI-Noha KARAMOKO-No\u00e9mie PITRON \u00e0 la 2\u00e8me place.<\/p>\n<p><em><strong>en Minimes filles<\/strong><\/em> : Laly PORENTRU termine \u00e0 la 1\u00e8re place<\/p>\n<p><em><strong>en Minimes gar\u00e7ons<\/strong><\/em> : Achille MULFINGER prend la 2\u00e8me place<\/p>\n<p><strong><em>Par \u00e9quipe<\/em><\/strong> (3 minimes F et G), le coll\u00e8ge Marie Curie termine 1er au classement.<\/p>\n<p>Malheureusement la qualification en acad\u00e9mie n&rsquo;aura pas lieu \u00e9tant donn\u00e9 que les CROSS de la Marnes et des Ardennes ont \u00e9t\u00e9 annul\u00e9s.<\/p>\n<p><a href=\"http:\/\/sitetab3.ac-reims.fr\/clg-curie\/-wp-\/wp-content\/uploads\/Composition1.jpg\"><img loading=\"lazy\" decoding=\"async\" class=\"wp-image-1792 aligncenter\" src=\"http:\/\/sitetab3.ac-reims.fr\/clg-curie\/-wp-\/wp-content\/uploads\/Composition1.jpg\" alt=\"\" width=\"409\" height=\"579\" srcset=\"https:\/\/sitetab3.ac-reims.fr\/clg-curie\/-wp-\/wp-content\/uploads\/Composition1.jpg 1240w, https:\/\/sitetab3.ac-reims.fr\/clg-curie\/-wp-\/wp-content\/uploads\/Composition1-212x300.jpg 212w, https:\/\/sitetab3.ac-reims.fr\/clg-curie\/-wp-\/wp-content\/uploads\/Composition1-724x1024.jpg 724w, https:\/\/sitetab3.ac-reims.fr\/clg-curie\/-wp-\/wp-content\/uploads\/Composition1-768x1086.jpg 768w, https:\/\/sitetab3.ac-reims.fr\/clg-curie\/-wp-\/wp-content\/uploads\/Composition1-1086x1536.jpg 1086w\" sizes=\"(max-width: 409px) 100vw, 409px\" \/><\/a><\/p>\n<p><a href=\"http:\/\/sitetab3.ac-reims.fr\/clg-curie\/-wp-\/wp-content\/uploads\/Composition2.jpg\"><img loading=\"lazy\" decoding=\"async\" class=\"wp-image-1793 aligncenter\" src=\"http:\/\/sitetab3.ac-reims.fr\/clg-curie\/-wp-\/wp-content\/uploads\/Composition2.jpg\" alt=\"\" width=\"407\" height=\"576\" srcset=\"https:\/\/sitetab3.ac-reims.fr\/clg-curie\/-wp-\/wp-content\/uploads\/Composition2.jpg 1240w, https:\/\/sitetab3.ac-reims.fr\/clg-curie\/-wp-\/wp-content\/uploads\/Composition2-212x300.jpg 212w, https:\/\/sitetab3.ac-reims.fr\/clg-curie\/-wp-\/wp-content\/uploads\/Composition2-724x1024.jpg 724w, https:\/\/sitetab3.ac-reims.fr\/clg-curie\/-wp-\/wp-content\/uploads\/Composition2-768x1086.jpg 768w, https:\/\/sitetab3.ac-reims.fr\/clg-curie\/-wp-\/wp-content\/uploads\/Composition2-1086x1536.jpg 1086w\" sizes=\"(max-width: 407px) 100vw, 407px\" \/><\/a><\/p>\n<p><a href=\"http:\/\/sitetab3.ac-reims.fr\/clg-curie\/-wp-\/wp-content\/uploads\/Composition1-1.jpg\"><img loading=\"lazy\" decoding=\"async\" class=\"wp-image-1799 aligncenter\" src=\"http:\/\/sitetab3.ac-reims.fr\/clg-curie\/-wp-\/wp-content\/uploads\/Composition1-1.jpg\" alt=\"\" width=\"606\" height=\"429\" srcset=\"https:\/\/sitetab3.ac-reims.fr\/clg-curie\/-wp-\/wp-content\/uploads\/Composition1-1.jpg 1754w, https:\/\/sitetab3.ac-reims.fr\/clg-curie\/-wp-\/wp-content\/uploads\/Composition1-1-300x212.jpg 300w, https:\/\/sitetab3.ac-reims.fr\/clg-curie\/-wp-\/wp-content\/uploads\/Composition1-1-1024x724.jpg 1024w, https:\/\/sitetab3.ac-reims.fr\/clg-curie\/-wp-\/wp-content\/uploads\/Composition1-1-768x543.jpg 768w, https:\/\/sitetab3.ac-reims.fr\/clg-curie\/-wp-\/wp-content\/uploads\/Composition1-1-1536x1086.jpg 1536w\" sizes=\"(max-width: 606px) 100vw, 606px\" \/><\/a><\/p>\n<p><a href=\"http:\/\/sitetab3.ac-reims.fr\/clg-curie\/-wp-\/wp-content\/uploads\/Composition2-1.jpg\"><img loading=\"lazy\" decoding=\"async\" class=\"wp-image-1800 aligncenter\" src=\"http:\/\/sitetab3.ac-reims.fr\/clg-curie\/-wp-\/wp-content\/uploads\/Composition2-1.jpg\" alt=\"\" width=\"631\" height=\"446\" srcset=\"https:\/\/sitetab3.ac-reims.fr\/clg-curie\/-wp-\/wp-content\/uploads\/Composition2-1.jpg 1754w, https:\/\/sitetab3.ac-reims.fr\/clg-curie\/-wp-\/wp-content\/uploads\/Composition2-1-300x212.jpg 300w, https:\/\/sitetab3.ac-reims.fr\/clg-curie\/-wp-\/wp-content\/uploads\/Composition2-1-1024x724.jpg 1024w, https:\/\/sitetab3.ac-reims.fr\/clg-curie\/-wp-\/wp-content\/uploads\/Composition2-1-768x543.jpg 768w, https:\/\/sitetab3.ac-reims.fr\/clg-curie\/-wp-\/wp-content\/uploads\/Composition2-1-1536x1086.jpg 1536w\" sizes=\"(max-width: 631px) 100vw, 631px\" \/><\/a><a href=\"http:\/\/sitetab3.ac-reims.fr\/clg-curie\/-wp-\/wp-content\/uploads\/eps\/gymnastique\/acro_19\/6ba4fbf80be429bb3bfb9d9d66b1d682.gif\"><img loading=\"lazy\" decoding=\"async\" class=\"size-full wp-image-878 aligncenter\" src=\"http:\/\/sitetab3.ac-reims.fr\/clg-curie\/-wp-\/wp-content\/uploads\/eps\/gymnastique\/acro_19\/6ba4fbf80be429bb3bfb9d9d66b1d682.gif\" alt=\"6ba4fbf80be429bb3bfb9d9d66b1d682\" width=\"150\" height=\"150\" \/><\/a><\/p>\n<p style=\"text-align: left;\"><span style=\"font-size: 18pt;\"><em><span style=\"text-decoration: underline;\">Saison AS coll\u00e8ge Marie Curie 2019-2020<\/span><\/em><\/span><\/p>\n<p><img loading=\"lazy\" decoding=\"async\" class=\" size-full wp-image-446\" src=\"http:\/\/sitetab3.ac-reims.fr\/clg-curie\/-wp-\/wp-content\/uploads\/icones\/titre2.png\" alt=\"\" width=\"27\" height=\"27\" \/><span style=\"color: #000066; font-family: arial, helvetica, sans-serif; font-size: 14pt;\"><span style=\"color: #000080;\">CROSS NATIONAL \u00e0 REIMS\u00a0<\/span><\/span><\/p>\n<p style=\"text-align: center;\"><img loading=\"lazy\" decoding=\"async\" class=\" size-full wp-image-492\" src=\"http:\/\/sitetab3.ac-reims.fr\/clg-curie\/-wp-\/wp-content\/uploads\/eps\/symbole\/bravo1.jpg\" alt=\"bravo1\" width=\"330\" height=\"152\" srcset=\"https:\/\/sitetab3.ac-reims.fr\/clg-curie\/-wp-\/wp-content\/uploads\/eps\/symbole\/bravo1.jpg 330w, https:\/\/sitetab3.ac-reims.fr\/clg-curie\/-wp-\/wp-content\/uploads\/eps\/symbole\/bravo1-300x138.jpg 300w\" sizes=\"(max-width: 330px) 100vw, 330px\" \/><\/p>\n<p>Samedi 25 janvier, une \u00e9quipe de benjamins du coll\u00e8ge s&rsquo;est rendue \u00e0 Reims pour disputer le Championnat de France de Cross \u00e0 l&rsquo;hippodrome.<\/p>\n<p>Laly, Imane, Elanor, Sa\u00e2d, Achille et Enzo ont repr\u00e9sent\u00e9 le coll\u00e8ge de fa\u00e7on brillante, avec une volont\u00e9 et une certaine d\u00e9termination malgr\u00e9 une vraie temp\u00e9rature digne d&rsquo;un mois de Janvier.<\/p>\n<p>Face \u00e0 des adversaires aussi d\u00e9termin\u00e9s qu&rsquo;eux, l&rsquo;\u00e9quipe s&rsquo;est class\u00e9e 31\u00e8me sur 44.<\/p>\n<p>Bravo pour leur prestation&#8230;<\/p>\n<p>Un grand merci \u00e9galement aux parents qui ont fait le d\u00e9placement pour encourager notre \u00e9quipe&#8230;<\/p>\n<p><img loading=\"lazy\" decoding=\"async\" class=\" size-full wp-image-493\" style=\"border: 2px solid #000000;\" src=\"http:\/\/sitetab3.ac-reims.fr\/clg-curie\/-wp-\/wp-content\/uploads\/eps\/Cross_CF_2019\/cross2020-1.jpg\" alt=\"cross2020 1\" width=\"600\" height=\"450\" srcset=\"https:\/\/sitetab3.ac-reims.fr\/clg-curie\/-wp-\/wp-content\/uploads\/eps\/Cross_CF_2019\/cross2020-1.jpg 2364w, https:\/\/sitetab3.ac-reims.fr\/clg-curie\/-wp-\/wp-content\/uploads\/eps\/Cross_CF_2019\/cross2020-1-300x225.jpg 300w, https:\/\/sitetab3.ac-reims.fr\/clg-curie\/-wp-\/wp-content\/uploads\/eps\/Cross_CF_2019\/cross2020-1-768x576.jpg 768w, https:\/\/sitetab3.ac-reims.fr\/clg-curie\/-wp-\/wp-content\/uploads\/eps\/Cross_CF_2019\/cross2020-1-1024x768.jpg 1024w\" sizes=\"(max-width: 600px) 100vw, 600px\" \/><\/p>\n<p><img loading=\"lazy\" decoding=\"async\" class=\" size-full wp-image-494\" style=\"border: 2px solid #000000;\" src=\"http:\/\/sitetab3.ac-reims.fr\/clg-curie\/-wp-\/wp-content\/uploads\/eps\/Cross_CF_2019\/cross_2020.jpg\" alt=\"cross 2020\" width=\"600\" height=\"450\" srcset=\"https:\/\/sitetab3.ac-reims.fr\/clg-curie\/-wp-\/wp-content\/uploads\/eps\/Cross_CF_2019\/cross_2020.jpg 2364w, https:\/\/sitetab3.ac-reims.fr\/clg-curie\/-wp-\/wp-content\/uploads\/eps\/Cross_CF_2019\/cross_2020-300x225.jpg 300w, https:\/\/sitetab3.ac-reims.fr\/clg-curie\/-wp-\/wp-content\/uploads\/eps\/Cross_CF_2019\/cross_2020-768x576.jpg 768w, https:\/\/sitetab3.ac-reims.fr\/clg-curie\/-wp-\/wp-content\/uploads\/eps\/Cross_CF_2019\/cross_2020-1024x768.jpg 1024w\" sizes=\"(max-width: 600px) 100vw, 600px\" \/><\/p>\n<p><img loading=\"lazy\" decoding=\"async\" class=\" size-full wp-image-446\" src=\"http:\/\/sitetab3.ac-reims.fr\/clg-curie\/-wp-\/wp-content\/uploads\/icones\/titre2.png\" alt=\"\" width=\"27\" height=\"27\" \/><span style=\"color: #000066; font-family: arial, helvetica, sans-serif; font-size: 14pt;\"><span style=\"color: #000080;\">CHALLENGE DESCAVES<\/span><\/span><\/p>\n<p><img loading=\"lazy\" decoding=\"async\" class=\" size-full wp-image-495\" style=\"display: block; margin-left: auto; margin-right: auto;\" src=\"http:\/\/sitetab3.ac-reims.fr\/clg-curie\/-wp-\/wp-content\/uploads\/eps\/symbole\/5506ff8cb4216_BRAVOCREVETTE.gif\" alt=\"5506ff8cb4216 BRAVOCREVETTE\" width=\"150\" height=\"127\" \/><\/p>\n<p><span style=\"color: #000000; font-family: arial, helvetica, sans-serif; font-size: 10pt;\"><em><strong>MERCREDI 18 DECEMBRE<\/strong><\/em> les \u00e9l\u00e8ves de Marie Curie ont particip\u00e9 au Challenge Descaves. ce Challenge consiste \u00e0 participer \u00e0 un tournoi de basketball pour les filles et de handball pour les gar\u00e7ons.<br \/><\/span><\/p>\n<p><span style=\"font-size: 10pt;\">Au handball, les gar\u00e7ons terminent 1er de leur tournoi qualificatif le matin. Apr\u00e8s un match tr\u00e8s accroch\u00e9 pour la finale contre le coll\u00e8ge P. Brossolette, ils arrivent \u00e0 d\u00e9crocher la 1\u00e8re place \u00e0 la fin de la journ\u00e9e.<\/span><\/p>\n<p><span style=\"font-size: 10pt;\">Au basketball, les filles se classent 2\u00e8me du tounoi qualificatif le matin. L&rsquo;apr\u00e8s-midi, lors du tournoi des 2\u00e8mes, elles arrivent \u00e0 se classer 1\u00e8re de leur poule ce qui les classe 4\u00e8me du tournoi.<\/span><\/p>\n<p><span style=\"font-size: 10pt;\">A l&rsquo;issue de la journ\u00e9e, nos jeunes pousses finissent vainqueur du tournoi et remportent le Challenge\u00a0 Descaves pour la 10\u00e9me ann\u00e9e cons\u00e9cutive.<\/span><\/p>\n<p style=\"text-align: center;\"><img loading=\"lazy\" decoding=\"async\" class=\" size-full wp-image-496\" style=\"border: 2px solid #000000;\" src=\"http:\/\/sitetab3.ac-reims.fr\/clg-curie\/-wp-\/wp-content\/uploads\/eps\/challenge_descaves\/challenge_descaves_2019.jpg\" alt=\"challenge descaves 2019\" width=\"600\" height=\"292\" srcset=\"https:\/\/sitetab3.ac-reims.fr\/clg-curie\/-wp-\/wp-content\/uploads\/eps\/challenge_descaves\/challenge_descaves_2019.jpg 1024w, https:\/\/sitetab3.ac-reims.fr\/clg-curie\/-wp-\/wp-content\/uploads\/eps\/challenge_descaves\/challenge_descaves_2019-300x146.jpg 300w, https:\/\/sitetab3.ac-reims.fr\/clg-curie\/-wp-\/wp-content\/uploads\/eps\/challenge_descaves\/challenge_descaves_2019-768x374.jpg 768w\" sizes=\"(max-width: 600px) 100vw, 600px\" \/><\/p>\n<p style=\"text-align: center;\"><span style=\"font-size: 12pt;\">Encore un grand bravo \u00e0 nos marie curiciennes et marie curiciens!!!!!<\/span><\/p>\n<p><img loading=\"lazy\" decoding=\"async\" class=\" size-full wp-image-446\" src=\"http:\/\/sitetab3.ac-reims.fr\/clg-curie\/-wp-\/wp-content\/uploads\/icones\/titre2.png\" alt=\"\" width=\"27\" height=\"27\" \/><span style=\"color: #000066; font-family: arial, helvetica, sans-serif; font-size: 14pt;\"><span style=\"color: #000080;\">CROSS ACADEMIQUE<br \/><\/span><\/span><\/p>\n<p style=\"text-align: center;\"><img loading=\"lazy\" decoding=\"async\" class=\" size-full wp-image-497\" style=\"border: 2px solid #000000;\" src=\"http:\/\/sitetab3.ac-reims.fr\/clg-curie\/-wp-\/wp-content\/uploads\/eps\/cross_dep_2015\/IMG_20191127_1541291.jpg\" alt=\"IMG 20191127 1541291\" width=\"400\" height=\"300\" srcset=\"https:\/\/sitetab3.ac-reims.fr\/clg-curie\/-wp-\/wp-content\/uploads\/eps\/cross_dep_2015\/IMG_20191127_1541291.jpg 640w, https:\/\/sitetab3.ac-reims.fr\/clg-curie\/-wp-\/wp-content\/uploads\/eps\/cross_dep_2015\/IMG_20191127_1541291-300x225.jpg 300w\" sizes=\"(max-width: 400px) 100vw, 400px\" \/><\/p>\n<p><img loading=\"lazy\" decoding=\"async\" class=\" size-full wp-image-498\" style=\"display: block; margin-left: auto; margin-right: auto;\" src=\"http:\/\/sitetab3.ac-reims.fr\/clg-curie\/-wp-\/wp-content\/uploads\/eps\/cross_dep_2015\/primer-trofeo-copa-podio_24640-53974.jpg\" alt=\"primer-trofeo-copa-podio 24640-53974\" width=\"150\" height=\"150\" srcset=\"https:\/\/sitetab3.ac-reims.fr\/clg-curie\/-wp-\/wp-content\/uploads\/eps\/cross_dep_2015\/primer-trofeo-copa-podio_24640-53974.jpg 626w, https:\/\/sitetab3.ac-reims.fr\/clg-curie\/-wp-\/wp-content\/uploads\/eps\/cross_dep_2015\/primer-trofeo-copa-podio_24640-53974-150x150.jpg 150w, https:\/\/sitetab3.ac-reims.fr\/clg-curie\/-wp-\/wp-content\/uploads\/eps\/cross_dep_2015\/primer-trofeo-copa-podio_24640-53974-300x300.jpg 300w\" sizes=\"(max-width: 150px) 100vw, 150px\" \/><\/p>\n<p>Belle qualification de l&rsquo;\u00e9quipe mixte en benjamin(e)s au Championnat de France de CROSS qui se d\u00e9rouleront \u00e0 Reims le samedi 25 janvier 2020.<\/p>\n<p>Durant cette journ\u00e9e de CROSS bien pluvieuse, nos jeunes pousses se sont brillamment fait remarquer en finissant 1\u00e8re en benjamine avec notre championne Acad\u00e9mique PORENTRU Laly et FILALI S\u00e2ad qui termine 2\u00e8me en benjamin.<\/p>\n<p>F\u00e9licitations!!!! \u00e0 tous les participants qui ont permis la qualification de l&rsquo;\u00e9quipe 1 en se classant 1\u00e8re au classement par \u00e9quipe.<\/p>\n<p style=\"text-align: center;\"><img loading=\"lazy\" decoding=\"async\" class=\" size-full wp-image-499\" style=\"border: 2px solid #000000; display: block; margin-left: auto; margin-right: auto;\" src=\"http:\/\/sitetab3.ac-reims.fr\/clg-curie\/-wp-\/wp-content\/uploads\/eps\/cross_dep_2015\/crossacad2019.jpg\" alt=\"crossacad2019\" width=\"250\" height=\"250\" srcset=\"https:\/\/sitetab3.ac-reims.fr\/clg-curie\/-wp-\/wp-content\/uploads\/eps\/cross_dep_2015\/crossacad2019.jpg 2048w, https:\/\/sitetab3.ac-reims.fr\/clg-curie\/-wp-\/wp-content\/uploads\/eps\/cross_dep_2015\/crossacad2019-150x150.jpg 150w, https:\/\/sitetab3.ac-reims.fr\/clg-curie\/-wp-\/wp-content\/uploads\/eps\/cross_dep_2015\/crossacad2019-300x300.jpg 300w, https:\/\/sitetab3.ac-reims.fr\/clg-curie\/-wp-\/wp-content\/uploads\/eps\/cross_dep_2015\/crossacad2019-768x768.jpg 768w, https:\/\/sitetab3.ac-reims.fr\/clg-curie\/-wp-\/wp-content\/uploads\/eps\/cross_dep_2015\/crossacad2019-1024x1024.jpg 1024w\" sizes=\"(max-width: 250px) 100vw, 250px\" \/><\/p>\n<p style=\"text-align: center;\"><img loading=\"lazy\" decoding=\"async\" class=\" size-full wp-image-500\" src=\"http:\/\/sitetab3.ac-reims.fr\/clg-curie\/-wp-\/wp-content\/uploads\/eps\/symbole\/smiley_bravo.gif\" alt=\"smiley bravo\" width=\"200\" height=\"105\" \/><\/p>\n<p><img loading=\"lazy\" decoding=\"async\" class=\" size-full wp-image-446\" src=\"http:\/\/sitetab3.ac-reims.fr\/clg-curie\/-wp-\/wp-content\/uploads\/icones\/titre2.png\" alt=\"\" width=\"27\" height=\"27\" \/><span style=\"color: #000066; font-family: arial, helvetica, sans-serif; font-size: 14pt;\"><span style=\"color: #000080;\">CROSS DEPARTEMENTAL en images<\/span><\/span><\/p>\n<p style=\"text-align: center;\"><img loading=\"lazy\" decoding=\"async\" class=\" size-full wp-image-501\" style=\"border: 2px solid #000000;\" src=\"http:\/\/sitetab3.ac-reims.fr\/clg-curie\/-wp-\/wp-content\/uploads\/eps\/RESULTATCROSS13\/cross19_4.jpg.jpg\" alt=\"cross19 4.jpg\" width=\"450\" height=\"338\" srcset=\"https:\/\/sitetab3.ac-reims.fr\/clg-curie\/-wp-\/wp-content\/uploads\/eps\/RESULTATCROSS13\/cross19_4.jpg.jpg 533w, https:\/\/sitetab3.ac-reims.fr\/clg-curie\/-wp-\/wp-content\/uploads\/eps\/RESULTATCROSS13\/cross19_4.jpg-300x225.jpg 300w\" sizes=\"(max-width: 450px) 100vw, 450px\" \/><\/p>\n<p style=\"text-align: center;\"><img loading=\"lazy\" decoding=\"async\" class=\" size-full wp-image-502\" style=\"border: 1px solid #000000;\" src=\"http:\/\/sitetab3.ac-reims.fr\/clg-curie\/-wp-\/wp-content\/uploads\/eps\/RESULTATCROSS13\/cross19_3.jpg\" alt=\"cross19 3\" width=\"450\" height=\"450\" srcset=\"https:\/\/sitetab3.ac-reims.fr\/clg-curie\/-wp-\/wp-content\/uploads\/eps\/RESULTATCROSS13\/cross19_3.jpg 400w, https:\/\/sitetab3.ac-reims.fr\/clg-curie\/-wp-\/wp-content\/uploads\/eps\/RESULTATCROSS13\/cross19_3-150x150.jpg 150w, https:\/\/sitetab3.ac-reims.fr\/clg-curie\/-wp-\/wp-content\/uploads\/eps\/RESULTATCROSS13\/cross19_3-300x300.jpg 300w\" sizes=\"(max-width: 450px) 100vw, 450px\" \/><\/p>\n<p><img loading=\"lazy\" decoding=\"async\" class=\" size-full wp-image-503\" style=\"border: 1px solid #000000; display: block; margin-left: auto; margin-right: auto;\" src=\"http:\/\/sitetab3.ac-reims.fr\/clg-curie\/-wp-\/wp-content\/uploads\/eps\/RESULTATCROSS13\/cross19_2.jpg\" alt=\"cross19 2\" width=\"533\" height=\"400\" srcset=\"https:\/\/sitetab3.ac-reims.fr\/clg-curie\/-wp-\/wp-content\/uploads\/eps\/RESULTATCROSS13\/cross19_2.jpg 533w, https:\/\/sitetab3.ac-reims.fr\/clg-curie\/-wp-\/wp-content\/uploads\/eps\/RESULTATCROSS13\/cross19_2-300x225.jpg 300w\" sizes=\"(max-width: 533px) 100vw, 533px\" \/><\/p>\n<p><img loading=\"lazy\" decoding=\"async\" class=\" size-full wp-image-504\" style=\"border: 1px solid #000000; display: block; margin-left: auto; margin-right: auto;\" src=\"http:\/\/sitetab3.ac-reims.fr\/clg-curie\/-wp-\/wp-content\/uploads\/eps\/RESULTATCROSS13\/cross19_1.jpg\" alt=\"cross19 1\" width=\"450\" height=\"450\" srcset=\"https:\/\/sitetab3.ac-reims.fr\/clg-curie\/-wp-\/wp-content\/uploads\/eps\/RESULTATCROSS13\/cross19_1.jpg 400w, https:\/\/sitetab3.ac-reims.fr\/clg-curie\/-wp-\/wp-content\/uploads\/eps\/RESULTATCROSS13\/cross19_1-150x150.jpg 150w, https:\/\/sitetab3.ac-reims.fr\/clg-curie\/-wp-\/wp-content\/uploads\/eps\/RESULTATCROSS13\/cross19_1-300x300.jpg 300w\" sizes=\"(max-width: 450px) 100vw, 450px\" \/><\/p>\n<p><img loading=\"lazy\" decoding=\"async\" class=\" size-full wp-image-446\" src=\"http:\/\/sitetab3.ac-reims.fr\/clg-curie\/-wp-\/wp-content\/uploads\/icones\/titre2.png\" alt=\"\" width=\"27\" height=\"27\" \/><span style=\"color: #000066; font-family: arial, helvetica, sans-serif; font-size: 14pt;\"><span style=\"color: #000080;\">CROSS DEPARTEMENTAL du 13\/11\/2019<br \/><\/span><\/span><\/p>\n<p><img loading=\"lazy\" decoding=\"async\" class=\" size-full wp-image-505\" style=\"border: 1px solid #000000; display: block; margin-left: auto; margin-right: auto;\" src=\"http:\/\/sitetab3.ac-reims.fr\/clg-curie\/-wp-\/wp-content\/uploads\/eps\/RESULTATCROSS13\/fiche_heure_parcours_cross18.jpg\" alt=\"fiche heure parcours cross18\" width=\"600\" height=\"849\" srcset=\"https:\/\/sitetab3.ac-reims.fr\/clg-curie\/-wp-\/wp-content\/uploads\/eps\/RESULTATCROSS13\/fiche_heure_parcours_cross18.jpg 1240w, https:\/\/sitetab3.ac-reims.fr\/clg-curie\/-wp-\/wp-content\/uploads\/eps\/RESULTATCROSS13\/fiche_heure_parcours_cross18-212x300.jpg 212w, https:\/\/sitetab3.ac-reims.fr\/clg-curie\/-wp-\/wp-content\/uploads\/eps\/RESULTATCROSS13\/fiche_heure_parcours_cross18-768x1086.jpg 768w, https:\/\/sitetab3.ac-reims.fr\/clg-curie\/-wp-\/wp-content\/uploads\/eps\/RESULTATCROSS13\/fiche_heure_parcours_cross18-724x1024.jpg 724w\" sizes=\"(max-width: 600px) 100vw, 600px\" \/><\/p>\n<p><span style=\"font-size: 10pt;\">La cotisation \u00e0 l&rsquo;Association Sportive du coll\u00e8ge est de 20 euros. Les bons CAF peuvent \u00eatre utilis\u00e9s pour r\u00e9gler celle-ci&#8230;<\/span><\/p>\n<p><span style=\"font-size: 10pt;\">Elle vous donnera droit \u00e0 la pratique des diff\u00e9rentes activit\u00e9s cit\u00e9es sur le document ci-dessous et un tee-shirt \u00e0 l&rsquo;effigie de l&rsquo;Association Sportive.<\/span><\/p>\n<p><img loading=\"lazy\" decoding=\"async\" class=\" size-full wp-image-506\" style=\"border: 1px solid #000000; display: block; margin-left: auto; margin-right: auto;\" src=\"http:\/\/sitetab3.ac-reims.fr\/clg-curie\/-wp-\/wp-content\/uploads\/eps\/affiche_unss\/promotion_de_lAS.jpg\" alt=\"promotion de lAS\" width=\"620\" height=\"877\" srcset=\"https:\/\/sitetab3.ac-reims.fr\/clg-curie\/-wp-\/wp-content\/uploads\/eps\/affiche_unss\/promotion_de_lAS.jpg 1240w, https:\/\/sitetab3.ac-reims.fr\/clg-curie\/-wp-\/wp-content\/uploads\/eps\/affiche_unss\/promotion_de_lAS-212x300.jpg 212w, https:\/\/sitetab3.ac-reims.fr\/clg-curie\/-wp-\/wp-content\/uploads\/eps\/affiche_unss\/promotion_de_lAS-768x1086.jpg 768w, https:\/\/sitetab3.ac-reims.fr\/clg-curie\/-wp-\/wp-content\/uploads\/eps\/affiche_unss\/promotion_de_lAS-724x1024.jpg 724w\" sizes=\"(max-width: 620px) 100vw, 620px\" \/><br \/><span class=\"Apple-style-span\" style=\"color: #000080; font-family: arial, helvetica, sans-serif; font-size: 19px;\"><img loading=\"lazy\" decoding=\"async\" class=\" size-full wp-image-446\" src=\"http:\/\/sitetab3.ac-reims.fr\/clg-curie\/-wp-\/wp-content\/uploads\/icones\/titre2.png\" alt=\"\" width=\"27\" height=\"27\" \/><span style=\"color: #000066; font-family: arial,helvetica,sans-serif; font-size: 14pt;\"><span style=\"color: #000080;\">PRESENTATION<\/span><\/span> <\/span><\/p>\n<p style=\"text-align: left;\"><span style=\"font-size: 10pt;\">Cliquez sur l&rsquo;image ci-dessus pour d\u00e9couvrir l&rsquo;ensemble des activit\u00e9s propos\u00e9es par notre assocation.<\/span><\/p>\n<p><a href=\"https:\/\/fr.calameo.com\/read\/0050510261be16aefed32\" target=\"_blank\" rel=\"noopener noreferrer\"><img loading=\"lazy\" decoding=\"async\" class=\" size-full wp-image-507\" style=\"border: 1px solid #000000; display: block; margin-left: auto; margin-right: auto;\" src=\"http:\/\/sitetab3.ac-reims.fr\/clg-curie\/-wp-\/wp-content\/uploads\/actu\/ASMC.jpg\" alt=\"ASMC\" width=\"400\" height=\"225\" \/><\/a><\/p>\n<p><img loading=\"lazy\" decoding=\"async\" class=\" size-full wp-image-446\" src=\"http:\/\/sitetab3.ac-reims.fr\/clg-curie\/-wp-\/wp-content\/uploads\/icones\/titre2.png\" alt=\"\" width=\"27\" height=\"27\" \/><span style=\"color: #000066; font-family: arial,helvetica,sans-serif; font-size: 14pt;\"><span style=\"color: #000080;\"> RESULTATS<br \/><\/span><\/span><\/p>\n<p><span style=\"color: #ff0000;\"> <img loading=\"lazy\" decoding=\"async\" class=\" size-full wp-image-446\" src=\"http:\/\/sitetab3.ac-reims.fr\/clg-curie\/-wp-\/wp-content\/uploads\/icones\/titre2.png\" alt=\"\" width=\"15\" height=\"15\" \/><span style=\"text-decoration: underline;\"><strong>GYMNASTIQUE ACROBATIQUE<\/strong><\/span><\/span><\/p>\n<p>Les filles de l&rsquo;AS gymnastique acrobatique ont particip\u00e9 au Championnat de France \u00e0 Rouen le 30\/05.<\/p>\n<p>Apr\u00e8s avoir effectu\u00e9 une tr\u00e8s belle prestation, elles d\u00e9crochent la 4\u00e8me place \u00e0 quelques points de la 3\u00e8me \u00e9quipe.<\/p>\n<p><img loading=\"lazy\" decoding=\"async\" class=\" size-full wp-image-508\" style=\"display: block; margin-left: auto; margin-right: auto;\" src=\"http:\/\/sitetab3.ac-reims.fr\/clg-curie\/-wp-\/wp-content\/uploads\/eps\/symbole\/banni%C3%A8re-de-bravo-91022451.jpg\" alt=\"banni\u00e8re-de-bravo-91022451\" width=\"115\" height=\"53\" \/><img loading=\"lazy\" decoding=\"async\" class=\" size-full wp-image-509\" style=\"display: block; margin-left: auto; margin-right: auto;\" src=\"http:\/\/sitetab3.ac-reims.fr\/clg-curie\/-wp-\/wp-content\/uploads\/eps\/symbole\/bravo.jpg\" alt=\"bravo\" width=\"66\" height=\"42\" srcset=\"https:\/\/sitetab3.ac-reims.fr\/clg-curie\/-wp-\/wp-content\/uploads\/eps\/symbole\/bravo.jpg 700w, https:\/\/sitetab3.ac-reims.fr\/clg-curie\/-wp-\/wp-content\/uploads\/eps\/symbole\/bravo-300x194.jpg 300w\" sizes=\"(max-width: 66px) 100vw, 66px\" \/> <img loading=\"lazy\" decoding=\"async\" class=\" size-full wp-image-510\" style=\"border: 1px solid #000000; display: block; margin-left: auto; margin-right: auto;\" src=\"http:\/\/sitetab3.ac-reims.fr\/clg-curie\/-wp-\/wp-content\/uploads\/eps\/gymnastique\/acro.jpg\" alt=\"acro\" width=\"400\" height=\"400\" srcset=\"https:\/\/sitetab3.ac-reims.fr\/clg-curie\/-wp-\/wp-content\/uploads\/eps\/gymnastique\/acro.jpg 400w, https:\/\/sitetab3.ac-reims.fr\/clg-curie\/-wp-\/wp-content\/uploads\/eps\/gymnastique\/acro-150x150.jpg 150w, https:\/\/sitetab3.ac-reims.fr\/clg-curie\/-wp-\/wp-content\/uploads\/eps\/gymnastique\/acro-300x300.jpg 300w\" sizes=\"(max-width: 400px) 100vw, 400px\" \/><\/p>\n<p><span style=\"color: #ff0000;\">\u00a0\u00a0\u00a0\u00a0\u00a0\u00a0\u00a0 <img loading=\"lazy\" decoding=\"async\" class=\" size-full wp-image-446\" src=\"http:\/\/sitetab3.ac-reims.fr\/clg-curie\/-wp-\/wp-content\/uploads\/icones\/titre2.png\" alt=\"\" width=\"15\" height=\"15\" \/><span style=\"text-decoration: underline;\"><strong>GYMNASTIQUE<\/strong><\/span><\/span><\/p>\n<p>La section sportive gymnastique de Marie Curie a particip\u00e9 au <strong>Championnat de France \u00e0 Clermont Ferrand le 24\/05.<\/strong><\/p>\n<p>Les filles terminent 18\u00e8me sur 28, un tr\u00e8s bon r\u00e9sultat pour une premi\u00e8re&#8230;.<\/p>\n<p style=\"text-align: center;\"><span style=\"font-size: 36pt;\">FELICITATIONS!!!<\/span><\/p>\n<p style=\"text-align: center;\"><span style=\"font-size: 18pt;\">\u00e0 toutes les filles<\/span><\/p>\n<p><img loading=\"lazy\" decoding=\"async\" class=\" size-full wp-image-511\" style=\"border: 1px solid #000000; display: block; margin-left: auto; margin-right: auto;\" src=\"http:\/\/sitetab3.ac-reims.fr\/clg-curie\/-wp-\/wp-content\/uploads\/eps\/gymnastique\/francegym.jpg\" alt=\"francegym\" width=\"589\" height=\"332\" srcset=\"https:\/\/sitetab3.ac-reims.fr\/clg-curie\/-wp-\/wp-content\/uploads\/eps\/gymnastique\/francegym.jpg 776w, https:\/\/sitetab3.ac-reims.fr\/clg-curie\/-wp-\/wp-content\/uploads\/eps\/gymnastique\/francegym-300x169.jpg 300w, https:\/\/sitetab3.ac-reims.fr\/clg-curie\/-wp-\/wp-content\/uploads\/eps\/gymnastique\/francegym-768x432.jpg 768w\" sizes=\"(max-width: 589px) 100vw, 589px\" \/><\/p>\n<p><span style=\"color: #ff0000;\">\u00a0\u00a0\u00a0\u00a0\u00a0\u00a0\u00a0 <img loading=\"lazy\" decoding=\"async\" class=\" size-full wp-image-446\" src=\"http:\/\/sitetab3.ac-reims.fr\/clg-curie\/-wp-\/wp-content\/uploads\/icones\/titre2.png\" alt=\"\" width=\"15\" height=\"15\" \/><span style=\"text-decoration: underline;\"><strong>ATHLETISME<\/strong><\/span><\/span><\/p>\n<p><img loading=\"lazy\" decoding=\"async\" class=\" size-full wp-image-500\" style=\"display: block; margin-left: auto; margin-right: auto;\" src=\"http:\/\/sitetab3.ac-reims.fr\/clg-curie\/-wp-\/wp-content\/uploads\/eps\/symbole\/smiley_bravo.gif\" alt=\"smiley bravo\" width=\"118\" height=\"61\" \/><\/p>\n<p><span style=\"color: #000000;\"><img loading=\"lazy\" decoding=\"async\" class=\" size-full wp-image-512\" style=\"border: 1px solid #000000; display: block; margin-left: auto; margin-right: auto;\" src=\"http:\/\/sitetab3.ac-reims.fr\/clg-curie\/-wp-\/wp-content\/uploads\/eps\/athle\/CHAMPION_ACAD2018.jpg\" alt=\"CHAMPION ACAD2018\" width=\"609\" height=\"609\" srcset=\"https:\/\/sitetab3.ac-reims.fr\/clg-curie\/-wp-\/wp-content\/uploads\/eps\/athle\/CHAMPION_ACAD2018.jpg 680w, https:\/\/sitetab3.ac-reims.fr\/clg-curie\/-wp-\/wp-content\/uploads\/eps\/athle\/CHAMPION_ACAD2018-150x150.jpg 150w, https:\/\/sitetab3.ac-reims.fr\/clg-curie\/-wp-\/wp-content\/uploads\/eps\/athle\/CHAMPION_ACAD2018-300x300.jpg 300w\" sizes=\"(max-width: 609px) 100vw, 609px\" \/><\/span><\/p>\n<div>\u00a0<\/div>\n<div>\n<div><img loading=\"lazy\" decoding=\"async\" class=\" size-full wp-image-446\" src=\"http:\/\/sitetab3.ac-reims.fr\/clg-curie\/-wp-\/wp-content\/uploads\/icones\/titre2.png\" alt=\"\" width=\"27\" height=\"27\" \/><span style=\"color: #000066; font-family: arial,helvetica,sans-serif; font-size: 14pt;\"><span style=\"color: #000080;\"> PLANNING<br \/><\/span><\/span><\/div>\n<\/div>\n<div>\u00a0<\/div>\n<p><span style=\"font-family: arial,helvetica,sans-serif; font-size: small;\"><span style=\"color: #000000;\"><strong>ACTIVITES PROPOSEES en UNSS le Mercredi apr\u00e8s-midi <\/strong><span style=\"font-family: arial,helvetica,sans-serif; color: purple;\"><span style=\"color: #000000; text-decoration: none;\">(ann\u00e9e scolaire 2017-2018) <\/span><\/span><strong>:<\/strong> <\/span><\/span><\/p>\n<table style=\"width: 668px; height: 556px; border: #0a0000 0px solid;\" frame=\"border\" rules=\"rows\" align=\"center\">\n<tbody>\n<tr style=\"background-color: #828381;\">\n<td style=\"text-align: center; border: 1px solid #000000;\"><strong><span style=\"font-size: medium;\"><span style=\"color: #ffffff;\">ACTIVITES<\/span><\/span><\/strong><\/td>\n<td style=\"text-align: center; border: 1px solid #000000;\"><strong><strong><span style=\"font-size: medium;\"><span style=\"color: #ffffff;\">PROFESSEURS<\/span><\/span><\/strong><\/strong><\/td>\n<td style=\"text-align: center; border: 1px solid #000000;\"><strong><strong><span style=\"font-size: medium;\"><span style=\"color: #ffffff;\">LIEU \/ HORAIRES\u00a0<\/span><\/span><\/strong><\/strong><\/td>\n<td style=\"text-align: center; border: 1px solid #000000;\"><strong><span style=\"font-size: medium;\"><span style=\"color: #ffffff;\">INFOS \/ RESULTATS<\/span><\/span><\/strong><\/td>\n<\/tr>\n<tr>\n<td style=\"text-align: center; border: 1px solid #000000;\"><span style=\"font-size: small;\"><span style=\"font-size: x-small;\"><span style=\"font-size: small;\">\u00a0BADMINTON<\/span><\/span> <\/span><\/td>\n<td style=\"border: 1px solid #000000; text-align: center;\">\u00a0Mme SIMON<\/td>\n<td style=\"border: 1px solid #000000; text-align: center;\"><span style=\"font-size: medium;\">\u00a013h00 \u00e0 14h30<\/span>\n<p>\u00a0<\/p>\n<p>\u00a0<\/p>\n<p><span style=\"font-size: xx-small;\">(\u00e0 la halle de l&rsquo;UTT)<\/span><\/p>\n<\/td>\n<td style=\"text-align: center; border: 1px solid #000000;\" align=\"center\" valign=\"center\"><span style=\"font-size: medium;\"><a href=\"http:\/\/sitetab3.ac-reims.fr\/clg-curie\/-wp-\/bad\/\" target=\"_parent\" rel=\"noopener noreferrer\"><em>Cliquez ici<\/em><\/a>\u00a0<\/span>\u00a0\u00a0<img loading=\"lazy\" decoding=\"async\" class=\" size-full wp-image-513\" src=\"http:\/\/sitetab3.ac-reims.fr\/clg-curie\/-wp-\/wp-content\/uploads\/icones\/Bad.jpg\" alt=\"\" width=\"48\" height=\"47\" border=\"0\" \/><\/td>\n<\/tr>\n<tr style=\"background-color: #f8e7ce;\">\n<td style=\"text-align: center; border: 1px solid #000000;\"><span style=\"font-size: small;\"><span style=\"font-size: x-small;\"><span style=\"font-size: small;\">\u00a0BASKETBALL<\/span><\/span> <\/span><\/td>\n<td style=\"border: 1px solid #000000; text-align: center;\">\u00a0M. DE MARCH<\/td>\n<td style=\"border: 1px solid #000000; text-align: center;\"><span style=\"font-size: medium;\">\u00a014H30 \u00e0 16H00<\/span>\n<p>\u00a0<\/p>\n<p>\u00a0<\/p>\n<p><span style=\"font-family: Verdana, Arial, Helvetica, sans-serif; font-size: xx-small; text-align: center;\">(\u00e0 la halle de l&rsquo;UTT)<\/span><\/p>\n<\/td>\n<td style=\"text-align: center; border: 1px solid #000000;\"><span style=\"font-size: medium;\"><em><a href=\"http:\/\/sitetab3.ac-reims.fr\/clg-curie\/-wp-\/basket\/\" target=\"_self\" rel=\"noopener noreferrer\">Cliquez ici<\/a><\/em> \u00a0<\/span>\u00a0<img loading=\"lazy\" decoding=\"async\" class=\" size-full wp-image-514\" src=\"http:\/\/sitetab3.ac-reims.fr\/clg-curie\/-wp-\/wp-content\/uploads\/icones\/bask.jpg\" alt=\"\" width=\"49\" height=\"48\" border=\"0\" \/><\/td>\n<\/tr>\n<tr>\n<td style=\"text-align: center; border: 1px solid #000000;\"><span style=\"font-size: small;\"><span style=\"font-size: x-small;\"><span style=\"font-size: small;\">\u00a0ESCALADE<\/span><\/span> <\/span><\/td>\n<td style=\"border: 1px solid #000000; text-align: center;\">M. DEMARCH<\/td>\n<td style=\"border: 1px solid #000000; text-align: center;\"><span style=\"font-size: medium;\">\u00a013h \u00e0 14h30<\/span>\n<p>\u00a0<\/p>\n<p>\u00a0<\/p>\n<p><span style=\"font-size: x-small;\">(halle de l&rsquo;UTT)<\/span><\/p>\n<\/td>\n<td style=\"text-align: center; border: 1px solid #000000;\"><span style=\"font-size: medium;\"><em><a href=\"http:\/\/sitetab3.ac-reims.fr\/clg-curie\/-wp-\/escalade\/\" target=\"_self\" rel=\"noopener noreferrer\">Cliquez ici<\/a><\/em> \u00a0<\/span>\u00a0<img loading=\"lazy\" decoding=\"async\" class=\" size-full wp-image-515\" src=\"http:\/\/sitetab3.ac-reims.fr\/clg-curie\/-wp-\/wp-content\/uploads\/icones\/esca.jpg\" alt=\"\" width=\"49\" height=\"49\" border=\"0\" \/><\/td>\n<\/tr>\n<tr style=\"background-color: #f8e7ce;\">\n<td style=\"text-align: center; border: 1px solid #000000;\"><span style=\"font-size: small;\"><span style=\"font-size: x-small;\"><span style=\"font-size: small;\">VTT<\/span><\/span><\/span><\/td>\n<td style=\"border: 1px solid #000000; text-align: center;\">\u00a0M. DEFRANCE\n<p>\u00a0<\/p>\n<p>\u00a0<\/p>\n<p>Mme SIMON<\/p>\n<\/td>\n<td style=\"border: 1px solid #000000; text-align: center;\"><span style=\"font-size: medium;\">\u00a013h \u00e0 16h<\/span>\n<p>\u00a0<\/p>\n<p>\u00a0<\/p>\n<p><span style=\"font-size: x-small;\">(COSEC2)<\/span><\/p>\n<\/td>\n<td style=\"text-align: center; border: 1px solid #000000;\"><span style=\"font-size: medium;\"><em><a href=\"http:\/\/sitetab3.ac-reims.fr\/clg-curie\/-wp-\/futsal\/\" target=\"_self\" rel=\"noopener noreferrer\">Cliquez ici<\/a><\/em> \u00a0<\/span>\u00a0<img loading=\"lazy\" decoding=\"async\" class=\" size-full wp-image-516\" src=\"http:\/\/sitetab3.ac-reims.fr\/clg-curie\/-wp-\/wp-content\/uploads\/icones\/Fut.jpg\" alt=\"\" width=\"48\" height=\"49\" border=\"0\" \/><\/td>\n<\/tr>\n<tr>\n<td style=\"text-align: center; border: 1px solid #000000;\"><span style=\"font-size: small;\"><span style=\"font-size: x-small;\"><span style=\"font-size: small;\">\u00a0GYMNASTIQUE<\/span><\/span> <\/span><\/td>\n<td style=\"border: 1px solid #000000; text-align: center;\">Mme ROUVROY<\/td>\n<td style=\"border: 1px solid #000000; text-align: center;\"><span style=\"font-size: medium;\">\u00a014h \u00e0 16h30<\/span>\n<p>\u00a0<\/p>\n<p>\u00a0<\/p>\n<p><span style=\"font-size: xx-small;\">(COSEC2)<\/span><\/p>\n<\/td>\n<td style=\"text-align: center; border: 1px solid #000000;\"><span style=\"font-size: medium;\"><em><a href=\"http:\/\/sitetab3.ac-reims.fr\/clg-curie\/-wp-\/gym\/\" target=\"_self\" rel=\"noopener noreferrer\">Cliquez ici<\/a><\/em> \u00a0<\/span>\u00a0<img loading=\"lazy\" decoding=\"async\" class=\" size-full wp-image-517\" src=\"http:\/\/sitetab3.ac-reims.fr\/clg-curie\/-wp-\/wp-content\/uploads\/icones\/gym.jpg\" alt=\"\" width=\"49\" height=\"47\" border=\"0\" \/><\/td>\n<\/tr>\n<tr style=\"background-color: #f8e7ce;\">\n<td style=\"text-align: center; border: 1px solid #000000;\"><span style=\"font-size: small;\"><span style=\"font-size: x-small;\"><span style=\"font-size: small;\">ACROSPORT<\/span><\/span><\/span><\/td>\n<td style=\"border: 1px solid #000000; text-align: center;\">\u00a0Mme SPAY<\/td>\n<td style=\"border: 1px solid #000000; text-align: center;\"><span style=\"font-size: medium;\">12H50 \u00e0 13H50<\/span>\n<p>\u00a0<\/p>\n<p>\u00a0<\/p>\n<p><span style=\"font-size: medium;\"><span style=\"font-size: 8pt;\">(cosec 2)<\/span>\u00a0<\/span><\/p>\n<\/td>\n<td style=\"text-align: center; border: 1px solid #000000;\"><span style=\"font-size: medium;\"><em><a href=\"http:\/\/sitetab3.ac-reims.fr\/clg-curie\/-wp-\/hand\/\" target=\"_self\" rel=\"noopener noreferrer\">Cliquez ici<\/a><\/em> \u00a0<\/span>\u00a0<img loading=\"lazy\" decoding=\"async\" class=\" size-full wp-image-518\" src=\"http:\/\/sitetab3.ac-reims.fr\/clg-curie\/-wp-\/wp-content\/uploads\/icones\/Hand.jpg\" alt=\"\" width=\"49\" height=\"47\" border=\"0\" \/><\/td>\n<\/tr>\n<tr>\n<td style=\"text-align: center; border: 1px solid #000000;\"><span style=\"font-size: small;\"><span style=\"font-size: x-small;\"><span style=\"font-size: small;\">\u00a0NATATION<\/span><\/span> <\/span><\/td>\n<td style=\"border: 1px solid #000000; text-align: center;\">\u00a0Mme CROZAT<\/td>\n<td style=\"border: 1px solid #000000; text-align: center;\"><span style=\"font-size: medium;\">\u00a012h45 \u00e0 14h15<\/span>\n<p>\u00a0<\/p>\n<p>\u00a0<\/p>\n<p><span style=\"font-size: x-small;\">(piscine des Chartreux)<\/span><\/p>\n<\/td>\n<td style=\"text-align: center; border: 1px solid #000000;\"><span style=\"font-size: medium;\"><em><a href=\"http:\/\/sitetab3.ac-reims.fr\/clg-curie\/-wp-\/natation\/\" target=\"_self\" rel=\"noopener noreferrer\">Cliquez ici<\/a><\/em> \u00a0\u00a0<\/span><img loading=\"lazy\" decoding=\"async\" class=\" size-full wp-image-519\" src=\"http:\/\/sitetab3.ac-reims.fr\/clg-curie\/-wp-\/wp-content\/uploads\/icones\/Nat.jpg\" alt=\"\" width=\"50\" height=\"48\" border=\"0\" \/><\/td>\n<\/tr>\n<tr style=\"background-color: #f8e7ce;\">\n<td style=\"text-align: center; border: 1px solid #000000;\"><span style=\"font-size: small;\"><span style=\"font-size: x-small;\"><span style=\"font-size: small;\">FUTSAL FILLES<\/span><\/span><\/span><\/td>\n<td style=\"border: 1px solid #000000; text-align: center;\">Mme SPAY<\/td>\n<td style=\"border: 1px solid #000000; text-align: center;\"><span style=\"font-size: medium;\">12H45 \u00e0 13H50<\/span>\n<p>\u00a0<\/p>\n<p>\u00a0<\/p>\n<p><span style=\"font-size: medium;\"><span style=\"font-size: 8pt;\">(cosec 2)<\/span>\u00a0<\/span><\/p>\n<\/td>\n<td style=\"text-align: center; border: 1px solid #000000;\"><span style=\"font-size: medium;\"><em><a href=\"http:\/\/sitetab3.ac-reims.fr\/clg-curie\/-wp-\/step\/\" target=\"_self\" rel=\"noopener noreferrer\">Cliquez ici<\/a><\/em> \u00a0<\/span>\u00a0<img loading=\"lazy\" decoding=\"async\" class=\" size-full wp-image-520\" src=\"http:\/\/sitetab3.ac-reims.fr\/clg-curie\/-wp-\/wp-content\/uploads\/icones\/step.jpg\" alt=\"\" width=\"49\" height=\"51\" border=\"0\" \/><\/td>\n<\/tr>\n<tr>\n<td style=\"text-align: center; border: 1px solid #000000;\"><span style=\"font-size: small;\"><span style=\"font-size: x-small;\"><span style=\"font-size: small;\">TENNIS DE TABLE\u00a0<\/span><\/span> <\/span><\/td>\n<td style=\"border: 1px solid #000000; text-align: center;\">\u00a0Mme SIMON<\/td>\n<td style=\"border: 1px solid #000000; text-align: center;\"><span style=\"font-size: medium;\">\u00a014H30 \u00e0 16h00<\/span>\n<p>\u00a0<\/p>\n<p>\u00a0<\/p>\n<p><span style=\"font-size: x-small;\">(halle sportive de l&rsquo;UTT)<\/span><\/p>\n<\/td>\n<td style=\"text-align: center; border: 1px solid #000000;\"><span style=\"font-size: medium;\"><em><a href=\"http:\/\/sitetab3.ac-reims.fr\/clg-curie\/-wp-\/tennis-de-table\/\" target=\"_self\" rel=\"noopener noreferrer\">Cliquez ici<\/a><\/em> \u00a0\u00a0<\/span><img loading=\"lazy\" decoding=\"async\" class=\" size-full wp-image-521\" src=\"http:\/\/sitetab3.ac-reims.fr\/clg-curie\/-wp-\/wp-content\/uploads\/icones\/TdT.jpg\" alt=\"\" width=\"48\" height=\"51\" border=\"0\" \/><\/td>\n<\/tr>\n<\/tbody>\n<\/table>\n<p><span style=\"font-family: arial,helvetica,sans-serif; font-size: small;\"><span style=\"color: #000000;\"><strong>\u00a0<\/strong><\/span><\/span><\/p>\n<p><span style=\"font-family: arial,helvetica,sans-serif; font-size: small;\"><span style=\"color: #000000;\"><strong><img loading=\"lazy\" decoding=\"async\" class=\" size-full wp-image-446\" style=\"color: #000080; font-family: arial, helvetica, sans-serif; font-size: 19px; font-weight: bold;\" src=\"http:\/\/sitetab3.ac-reims.fr\/clg-curie\/-wp-\/wp-content\/uploads\/icones\/titre2.png\" alt=\"\" width=\"27\" height=\"27\" \/>\u00a0<span style=\"font-weight: bold; color: #000066; font-family: arial, helvetica, sans-serif; font-size: 14pt;\"><span style=\"color: #000080;\">MODALITES D&rsquo;ADHESION<\/span><\/span><span style=\"font-size: medium;\"><br \/><\/span><\/strong><\/span><\/span><\/p>\n<p><span style=\"font-family: arial,helvetica,sans-serif; font-size: small;\"><span style=\"color: #000000;\"><strong><span style=\"font-weight: bold; color: #000066; font-family: arial, helvetica, sans-serif; font-size: 14pt;\"><span style=\"color: #000080;\">\u00a0<\/span><\/span><\/strong><\/span><\/span><\/p>\n<p>\u00a0<\/p>\n<p>CAROLE<\/p>\n<p><iframe loading=\"lazy\" title=\"YouTube video player\" src=\"https:\/\/www.youtube.com\/embed\/63LTrEl1tqc\" width=\"560\" height=\"315\" frameborder=\"0\" allowfullscreen=\"allowfullscreen\"><\/iframe><\/p>\n\n\n<p><\/p>\n","protected":false},"excerpt":{"rendered":"<p>Saison AS coll\u00e8ge Marie Curie 2024-2025 Cross d\u00e9partemental\u00a0 13\/11\/24 Article en pr\u00e9paration \u00a0 Saison AS coll\u00e8ge Marie Curie 2023-2024 SECTION ESCALADE Ce mercredi 10 avril \u00e0 la CIMES, la section sportive escalade du coll\u00e8ge Marie Curie s\u2019est hiss\u00e9e sur la premi\u00e8re marche du podium au championnat acad\u00e9mique UNSS excellence! L\u2019\u00e9quipe, compos\u00e9e de Philom\u00e8ne PELLECUER, Andrea [&hellip;]<\/p>\n","protected":false},"author":1,"featured_media":446,"comment_status":"closed","ping_status":"open","sticky":false,"template":"","format":"standard","meta":{"ngg_post_thumbnail":0,"footnotes":""},"categories":[22],"tags":[],"_links":{"self":[{"href":"https:\/\/sitetab3.ac-reims.fr\/clg-curie\/-wp-\/wp-json\/wp\/v2\/posts\/99"}],"collection":[{"href":"https:\/\/sitetab3.ac-reims.fr\/clg-curie\/-wp-\/wp-json\/wp\/v2\/posts"}],"about":[{"href":"https:\/\/sitetab3.ac-reims.fr\/clg-curie\/-wp-\/wp-json\/wp\/v2\/types\/post"}],"author":[{"embeddable":true,"href":"https:\/\/sitetab3.ac-reims.fr\/clg-curie\/-wp-\/wp-json\/wp\/v2\/users\/1"}],"replies":[{"embeddable":true,"href":"https:\/\/sitetab3.ac-reims.fr\/clg-curie\/-wp-\/wp-json\/wp\/v2\/comments?post=99"}],"version-history":[{"count":54,"href":"https:\/\/sitetab3.ac-reims.fr\/clg-curie\/-wp-\/wp-json\/wp\/v2\/posts\/99\/revisions"}],"predecessor-version":[{"id":2424,"href":"https:\/\/sitetab3.ac-reims.fr\/clg-curie\/-wp-\/wp-json\/wp\/v2\/posts\/99\/revisions\/2424"}],"wp:featuredmedia":[{"embeddable":true,"href":"https:\/\/sitetab3.ac-reims.fr\/clg-curie\/-wp-\/wp-json\/wp\/v2\/media\/446"}],"wp:attachment":[{"href":"https:\/\/sitetab3.ac-reims.fr\/clg-curie\/-wp-\/wp-json\/wp\/v2\/media?parent=99"}],"wp:term":[{"taxonomy":"category","embeddable":true,"href":"https:\/\/sitetab3.ac-reims.fr\/clg-curie\/-wp-\/wp-json\/wp\/v2\/categories?post=99"},{"taxonomy":"post_tag","embeddable":true,"href":"https:\/\/sitetab3.ac-reims.fr\/clg-curie\/-wp-\/wp-json\/wp\/v2\/tags?post=99"}],"curies":[{"name":"wp","href":"https:\/\/api.w.org\/{rel}","templated":true}]}}