{"id":1571,"date":"2024-10-14T09:46:51","date_gmt":"2024-10-14T07:46:51","guid":{"rendered":"https:\/\/sitetab3.ac-reims.fr\/ec-asfeld\/-wp-\/?p=1571"},"modified":"2025-11-24T14:55:05","modified_gmt":"2025-11-24T13:55:05","slug":"le-harcelement","status":"publish","type":"post","link":"https:\/\/sitetab3.ac-reims.fr\/ec-asfeld\/-wp-\/le-harcelement\/","title":{"rendered":"Le Harc\u00e8lement"},"content":{"rendered":"\n<p>Suite \u00e0 la journ\u00e9e NaH : Non au Harc\u00e8lement, veuillez trouver ci apr\u00e8s 2 plaquettes d&rsquo;information pour vous aider face \u00e0 ces situations :<\/p>\n\n\n\n<div data-wp-interactive=\"core\/file\" class=\"wp-block-file\"><object data-wp-bind--hidden=\"!state.hasPdfPreview\"  class=\"wp-block-file__embed\" data=\"https:\/\/sitetab3.ac-reims.fr\/ec-asfeld\/-wp-\/wp-content\/uploads\/2024\/10\/Flyer-informations-aux-familles.pdf\" type=\"application\/pdf\" style=\"width:100%;height:600px\" aria-label=\"Contenu embarqu\u00e9 Flyer-informations-aux-familles.\"><\/object><a href=\"https:\/\/sitetab3.ac-reims.fr\/ec-asfeld\/-wp-\/wp-content\/uploads\/2024\/10\/Flyer-informations-aux-familles.pdf\">Flyer-informations-aux-familles<\/a><a href=\"https:\/\/sitetab3.ac-reims.fr\/ec-asfeld\/-wp-\/wp-content\/uploads\/2024\/10\/Flyer-informations-aux-familles.pdf\" class=\"wp-block-file__button wp-element-button\" download>T\u00e9l\u00e9charger<\/a><\/div>\n\n\n\n<div data-wp-interactive=\"core\/file\" class=\"wp-block-file\"><object data-wp-bind--hidden=\"!state.hasPdfPreview\"  class=\"wp-block-file__embed\" data=\"https:\/\/sitetab3.ac-reims.fr\/ec-asfeld\/-wp-\/wp-content\/uploads\/2024\/10\/Flyer-national-informations-aux-familles.pdf\" type=\"application\/pdf\" style=\"width:100%;height:600px\" aria-label=\"Contenu embarqu\u00e9 Flyer-national-informations-aux-familles.\"><\/object><a href=\"https:\/\/sitetab3.ac-reims.fr\/ec-asfeld\/-wp-\/wp-content\/uploads\/2024\/10\/Flyer-national-informations-aux-familles.pdf\">Flyer-national-informations-aux-familles<\/a><a href=\"https:\/\/sitetab3.ac-reims.fr\/ec-asfeld\/-wp-\/wp-content\/uploads\/2024\/10\/Flyer-national-informations-aux-familles.pdf\" class=\"wp-block-file__button wp-element-button\" download>T\u00e9l\u00e9charger<\/a><\/div>\n","protected":false},"excerpt":{"rendered":"<p>Suite \u00e0 la journ\u00e9e NaH : Non au Harc\u00e8lement, veuillez trouver ci apr\u00e8s 2 plaquettes d&rsquo;information pour vous aider face \u00e0 ces situations :<\/p>\n","protected":false},"author":1,"featured_media":0,"comment_status":"open","ping_status":"open","sticky":false,"template":"","format":"standard","meta":{"ngg_post_thumbnail":0,"footnotes":""},"categories":[14,15,16,17,18,13,12,22,11,10,19],"tags":[],"_links":{"self":[{"href":"https:\/\/sitetab3.ac-reims.fr\/ec-asfeld\/-wp-\/wp-json\/wp\/v2\/posts\/1571"}],"collection":[{"href":"https:\/\/sitetab3.ac-reims.fr\/ec-asfeld\/-wp-\/wp-json\/wp\/v2\/posts"}],"about":[{"href":"https:\/\/sitetab3.ac-reims.fr\/ec-asfeld\/-wp-\/wp-json\/wp\/v2\/types\/post"}],"author":[{"embeddable":true,"href":"https:\/\/sitetab3.ac-reims.fr\/ec-asfeld\/-wp-\/wp-json\/wp\/v2\/users\/1"}],"replies":[{"embeddable":true,"href":"https:\/\/sitetab3.ac-reims.fr\/ec-asfeld\/-wp-\/wp-json\/wp\/v2\/comments?post=1571"}],"version-history":[{"count":2,"href":"https:\/\/sitetab3.ac-reims.fr\/ec-asfeld\/-wp-\/wp-json\/wp\/v2\/posts\/1571\/revisions"}],"predecessor-version":[{"id":2694,"href":"https:\/\/sitetab3.ac-reims.fr\/ec-asfeld\/-wp-\/wp-json\/wp\/v2\/posts\/1571\/revisions\/2694"}],"wp:attachment":[{"href":"https:\/\/sitetab3.ac-reims.fr\/ec-asfeld\/-wp-\/wp-json\/wp\/v2\/media?parent=1571"}],"wp:term":[{"taxonomy":"category","embeddable":true,"href":"https:\/\/sitetab3.ac-reims.fr\/ec-asfeld\/-wp-\/wp-json\/wp\/v2\/categories?post=1571"},{"taxonomy":"post_tag","embeddable":true,"href":"https:\/\/sitetab3.ac-reims.fr\/ec-asfeld\/-wp-\/wp-json\/wp\/v2\/tags?post=1571"}],"curies":[{"name":"wp","href":"https:\/\/api.w.org\/{rel}","templated":true}]}}