{"id":2422,"date":"2025-08-28T12:35:21","date_gmt":"2025-08-28T10:35:21","guid":{"rendered":"https:\/\/sitetab3.ac-reims.fr\/ec-asfeld\/-wp-\/?p=2422"},"modified":"2025-08-28T12:35:23","modified_gmt":"2025-08-28T10:35:23","slug":"cest-la-rentree-2","status":"publish","type":"post","link":"https:\/\/sitetab3.ac-reims.fr\/ec-asfeld\/-wp-\/cest-la-rentree-2\/","title":{"rendered":"C&rsquo;est la rentr\u00e9e !"},"content":{"rendered":"\n<p>Lundi matin, d\u00e8s 8h20, nous attendons les enfants pour une nouvelle tr\u00e8s belle ann\u00e9e !<\/p>\n\n\n\n<p>La motivation et l&rsquo;\u00e9tat d&rsquo;esprit sont souvent la clef de la r\u00e9ussite scolaire, il est donc important de bien pr\u00e9parer ce moment !<\/p>\n\n\n\n<p>Bonne rentr\u00e9e \u00e0 toutes et tous !<\/p>\n\n\n\n<figure class=\"wp-block-image size-full\"><img loading=\"lazy\" decoding=\"async\" width=\"1200\" height=\"675\" src=\"https:\/\/sitetab3.ac-reims.fr\/ec-asfeld\/-wp-\/wp-content\/uploads\/2025\/08\/rentre-2023.webp\" alt=\"\" class=\"wp-image-2423\"\/><\/figure>\n\n\n\n<p><\/p>\n","protected":false},"excerpt":{"rendered":"<p>Lundi matin, d\u00e8s 8h20, nous attendons les enfants pour une nouvelle tr\u00e8s belle ann\u00e9e ! La motivation et l&rsquo;\u00e9tat d&rsquo;esprit sont souvent la clef de la r\u00e9ussite scolaire, il est donc important de bien pr\u00e9parer ce moment ! Bonne rentr\u00e9e \u00e0 toutes et tous !<\/p>\n","protected":false},"author":1,"featured_media":0,"comment_status":"open","ping_status":"open","sticky":false,"template":"","format":"standard","meta":{"ngg_post_thumbnail":0,"footnotes":""},"categories":[1],"tags":[],"_links":{"self":[{"href":"https:\/\/sitetab3.ac-reims.fr\/ec-asfeld\/-wp-\/wp-json\/wp\/v2\/posts\/2422"}],"collection":[{"href":"https:\/\/sitetab3.ac-reims.fr\/ec-asfeld\/-wp-\/wp-json\/wp\/v2\/posts"}],"about":[{"href":"https:\/\/sitetab3.ac-reims.fr\/ec-asfeld\/-wp-\/wp-json\/wp\/v2\/types\/post"}],"author":[{"embeddable":true,"href":"https:\/\/sitetab3.ac-reims.fr\/ec-asfeld\/-wp-\/wp-json\/wp\/v2\/users\/1"}],"replies":[{"embeddable":true,"href":"https:\/\/sitetab3.ac-reims.fr\/ec-asfeld\/-wp-\/wp-json\/wp\/v2\/comments?post=2422"}],"version-history":[{"count":1,"href":"https:\/\/sitetab3.ac-reims.fr\/ec-asfeld\/-wp-\/wp-json\/wp\/v2\/posts\/2422\/revisions"}],"predecessor-version":[{"id":2424,"href":"https:\/\/sitetab3.ac-reims.fr\/ec-asfeld\/-wp-\/wp-json\/wp\/v2\/posts\/2422\/revisions\/2424"}],"wp:attachment":[{"href":"https:\/\/sitetab3.ac-reims.fr\/ec-asfeld\/-wp-\/wp-json\/wp\/v2\/media?parent=2422"}],"wp:term":[{"taxonomy":"category","embeddable":true,"href":"https:\/\/sitetab3.ac-reims.fr\/ec-asfeld\/-wp-\/wp-json\/wp\/v2\/categories?post=2422"},{"taxonomy":"post_tag","embeddable":true,"href":"https:\/\/sitetab3.ac-reims.fr\/ec-asfeld\/-wp-\/wp-json\/wp\/v2\/tags?post=2422"}],"curies":[{"name":"wp","href":"https:\/\/api.w.org\/{rel}","templated":true}]}}