{"id":2689,"date":"2025-11-24T14:36:04","date_gmt":"2025-11-24T13:36:04","guid":{"rendered":"https:\/\/sitetab3.ac-reims.fr\/ec-asfeld\/-wp-\/?p=2689"},"modified":"2025-12-15T10:24:24","modified_gmt":"2025-12-15T09:24:24","slug":"le-pas-pole-dappui-a-la-scolarite","status":"publish","type":"post","link":"https:\/\/sitetab3.ac-reims.fr\/ec-asfeld\/-wp-\/le-pas-pole-dappui-a-la-scolarite\/","title":{"rendered":"Le PAS : p\u00f4le d&rsquo;appui \u00e0 la scolarit\u00e9"},"content":{"rendered":"\n<p>Votre enfant rencontre des difficult\u00e9s ou a des besoins particuliers ?<\/p>\n\n\n\n<!--more-->\n\n\n\n<p>Vous pouvez contacter directement le PAS :<\/p>\n\n\n\n<div data-wp-interactive=\"core\/file\" class=\"wp-block-file\"><object data-wp-bind--hidden=\"!state.hasPdfPreview\"  class=\"wp-block-file__embed\" data=\"https:\/\/sitetab3.ac-reims.fr\/ec-asfeld\/-wp-\/wp-content\/uploads\/2025\/11\/Flyer-PAS-Ardennes-Sud-Ouest2.pdf\" type=\"application\/pdf\" style=\"width:100%;height:600px\" aria-label=\"Contenu embarqu\u00e9 Flyer-PAS-Ardennes-Sud-Ouest2.\"><\/object><a id=\"wp-block-file--media-2f712fdf-bbe5-414b-85bc-94eca130c971\" href=\"https:\/\/sitetab3.ac-reims.fr\/ec-asfeld\/-wp-\/wp-content\/uploads\/2025\/11\/Flyer-PAS-Ardennes-Sud-Ouest2.pdf\">Flyer-PAS-Ardennes-Sud-Ouest2<\/a><a href=\"https:\/\/sitetab3.ac-reims.fr\/ec-asfeld\/-wp-\/wp-content\/uploads\/2025\/11\/Flyer-PAS-Ardennes-Sud-Ouest2.pdf\" class=\"wp-block-file__button wp-element-button\" download aria-describedby=\"wp-block-file--media-2f712fdf-bbe5-414b-85bc-94eca130c971\">T\u00e9l\u00e9charger<\/a><\/div>\n\n\n\n<p>La fiche de saisine peut \u00e9galement vous \u00eatre remise par l&rsquo;\u00e9cole.<\/p>\n","protected":false},"excerpt":{"rendered":"<p>Votre enfant rencontre des difficult\u00e9s ou a des besoins particuliers ?<\/p>\n","protected":false},"author":1,"featured_media":0,"comment_status":"open","ping_status":"open","sticky":false,"template":"","format":"standard","meta":{"ngg_post_thumbnail":0,"footnotes":""},"categories":[22],"tags":[59],"_links":{"self":[{"href":"https:\/\/sitetab3.ac-reims.fr\/ec-asfeld\/-wp-\/wp-json\/wp\/v2\/posts\/2689"}],"collection":[{"href":"https:\/\/sitetab3.ac-reims.fr\/ec-asfeld\/-wp-\/wp-json\/wp\/v2\/posts"}],"about":[{"href":"https:\/\/sitetab3.ac-reims.fr\/ec-asfeld\/-wp-\/wp-json\/wp\/v2\/types\/post"}],"author":[{"embeddable":true,"href":"https:\/\/sitetab3.ac-reims.fr\/ec-asfeld\/-wp-\/wp-json\/wp\/v2\/users\/1"}],"replies":[{"embeddable":true,"href":"https:\/\/sitetab3.ac-reims.fr\/ec-asfeld\/-wp-\/wp-json\/wp\/v2\/comments?post=2689"}],"version-history":[{"count":3,"href":"https:\/\/sitetab3.ac-reims.fr\/ec-asfeld\/-wp-\/wp-json\/wp\/v2\/posts\/2689\/revisions"}],"predecessor-version":[{"id":2715,"href":"https:\/\/sitetab3.ac-reims.fr\/ec-asfeld\/-wp-\/wp-json\/wp\/v2\/posts\/2689\/revisions\/2715"}],"wp:attachment":[{"href":"https:\/\/sitetab3.ac-reims.fr\/ec-asfeld\/-wp-\/wp-json\/wp\/v2\/media?parent=2689"}],"wp:term":[{"taxonomy":"category","embeddable":true,"href":"https:\/\/sitetab3.ac-reims.fr\/ec-asfeld\/-wp-\/wp-json\/wp\/v2\/categories?post=2689"},{"taxonomy":"post_tag","embeddable":true,"href":"https:\/\/sitetab3.ac-reims.fr\/ec-asfeld\/-wp-\/wp-json\/wp\/v2\/tags?post=2689"}],"curies":[{"name":"wp","href":"https:\/\/api.w.org\/{rel}","templated":true}]}}