{"id":2713,"date":"2025-09-01T10:12:32","date_gmt":"2025-09-01T08:12:32","guid":{"rendered":"https:\/\/sitetab3.ac-reims.fr\/ec-asfeld\/-wp-\/?p=2713"},"modified":"2025-12-15T10:23:24","modified_gmt":"2025-12-15T09:23:24","slug":"presentation-de-lecole","status":"publish","type":"post","link":"https:\/\/sitetab3.ac-reims.fr\/ec-asfeld\/-wp-\/presentation-de-lecole\/","title":{"rendered":"Pr\u00e9sentation de l&rsquo;\u00e9cole"},"content":{"rendered":"\n<p>L&rsquo;\u00e9cole du pr\u00e9 vers l&rsquo;Aisne d&rsquo; ASFELD accueille cette ann\u00e9e 183 \u00e9l\u00e8ves r\u00e9partis dans 9 classes, de la Petite Section au CM2<\/p>\n\n\n\n<p>Une ULIS vient compl\u00e9ter le dispositif pour des enfants en situation de handicap.<\/p>\n\n\n\n<p>L&rsquo;\u00e9cole est vaste, r\u00e9partie sur 3 b\u00e2timents et comporte 2 cours de r\u00e9cr\u00e9ation (une sp\u00e9cifique pour les \u00e9l\u00e8ves de maternelles) et de nombreux coins, recoins et jardinets !<\/p>\n\n\n\n<p>L&rsquo;entr\u00e9e principale se fait au 1 rue de la Barre (espace s\u00e9curis\u00e9 devant l&rsquo;\u00e9cole), juste en face de la c\u00e9l\u00e8bre \u00e9glise d&rsquo;Asfeld.<\/p>\n\n\n\n<p>Les enfants sont accueillis de 8h20 \u00e0 11h30 du lundi au vendredi, y compris le mercredi : ce choix est bas\u00e9 sur le constat simple que l&rsquo;enseignement est plus efficace le matin !<\/p>\n\n\n\n<p>Les apr\u00e8s-midi se d\u00e9roulent de 13h05 \u00e0 16h15 les lundis, mardis et vendredis.<\/p>\n\n\n\n<p>Des temps p\u00e9riscolaires (garderie, cantine, activit\u00e9s) existent sur notre \u00e9cole <strong>tous les jours<\/strong> de 7h30 \u00e0 18h30 (A voir avec la communaut\u00e9 de communes du pays reth\u00e9lois). <\/p>\n","protected":false},"excerpt":{"rendered":"<p>L&rsquo;\u00e9cole du pr\u00e9 vers l&rsquo;Aisne d&rsquo; ASFELD accueille cette ann\u00e9e 183 \u00e9l\u00e8ves r\u00e9partis dans 9 classes, de la Petite Section au CM2 Une ULIS vient compl\u00e9ter le dispositif pour des enfants en situation de handicap. L&rsquo;\u00e9cole est vaste, r\u00e9partie sur 3 b\u00e2timents et comporte 2 cours de r\u00e9cr\u00e9ation (une sp\u00e9cifique pour les \u00e9l\u00e8ves de maternelles) [&hellip;]<\/p>\n","protected":false},"author":1,"featured_media":0,"comment_status":"open","ping_status":"open","sticky":false,"template":"","format":"standard","meta":{"ngg_post_thumbnail":0,"footnotes":""},"categories":[22,25],"tags":[],"_links":{"self":[{"href":"https:\/\/sitetab3.ac-reims.fr\/ec-asfeld\/-wp-\/wp-json\/wp\/v2\/posts\/2713"}],"collection":[{"href":"https:\/\/sitetab3.ac-reims.fr\/ec-asfeld\/-wp-\/wp-json\/wp\/v2\/posts"}],"about":[{"href":"https:\/\/sitetab3.ac-reims.fr\/ec-asfeld\/-wp-\/wp-json\/wp\/v2\/types\/post"}],"author":[{"embeddable":true,"href":"https:\/\/sitetab3.ac-reims.fr\/ec-asfeld\/-wp-\/wp-json\/wp\/v2\/users\/1"}],"replies":[{"embeddable":true,"href":"https:\/\/sitetab3.ac-reims.fr\/ec-asfeld\/-wp-\/wp-json\/wp\/v2\/comments?post=2713"}],"version-history":[{"count":1,"href":"https:\/\/sitetab3.ac-reims.fr\/ec-asfeld\/-wp-\/wp-json\/wp\/v2\/posts\/2713\/revisions"}],"predecessor-version":[{"id":2714,"href":"https:\/\/sitetab3.ac-reims.fr\/ec-asfeld\/-wp-\/wp-json\/wp\/v2\/posts\/2713\/revisions\/2714"}],"wp:attachment":[{"href":"https:\/\/sitetab3.ac-reims.fr\/ec-asfeld\/-wp-\/wp-json\/wp\/v2\/media?parent=2713"}],"wp:term":[{"taxonomy":"category","embeddable":true,"href":"https:\/\/sitetab3.ac-reims.fr\/ec-asfeld\/-wp-\/wp-json\/wp\/v2\/categories?post=2713"},{"taxonomy":"post_tag","embeddable":true,"href":"https:\/\/sitetab3.ac-reims.fr\/ec-asfeld\/-wp-\/wp-json\/wp\/v2\/tags?post=2713"}],"curies":[{"name":"wp","href":"https:\/\/api.w.org\/{rel}","templated":true}]}}