{"id":2733,"date":"2026-01-29T15:50:00","date_gmt":"2026-01-29T14:50:00","guid":{"rendered":"https:\/\/sitetab3.ac-reims.fr\/ec-asfeld\/-wp-\/?p=2733"},"modified":"2026-03-09T10:18:54","modified_gmt":"2026-03-09T09:18:54","slug":"profitez-des-fromages-franc-comtois-au-meilleur-prix-epingle","status":"publish","type":"post","link":"https:\/\/sitetab3.ac-reims.fr\/ec-asfeld\/-wp-\/profitez-des-fromages-franc-comtois-au-meilleur-prix-epingle\/","title":{"rendered":"Profitez des fromages franc-comtois au meilleur prix ! [\u00e9pingl\u00e9]"},"content":{"rendered":"\n<p>Chers parents,<\/p>\n\n\n\n<p>Nous proposons une <strong>vente de fromages <\/strong>provenant de <strong>la Fruiti\u00e8re des Monts de Joux<\/strong>, situ\u00e9e dans le Jura.<\/p>\n\n\n\n<!--more-->\n\n\n\n<p>La fruiti\u00e8re propose une <strong>belle gamme de fromages de grande qualit\u00e9<\/strong>, issus d\u2019un savoir-faire reconnu, dont <strong>4 fromages AOP<\/strong> :<\/p>\n\n\n\n<p>\u2022 Comt\u00e9 AOP<\/p>\n\n\n\n<p>\u2022 Morbier AOP<\/p>\n\n\n\n<p>\u2022 Mont d\u2019Or AOP<\/p>\n\n\n\n<p>\u2022 Bleu de Gex AOP<\/p>\n\n\n\n<p>\u2022 Tomme de Montagne<\/p>\n\n\n\n<p>\u2022 Raclette<\/p>\n\n\n\n<p>Des produits <strong>authentiques<\/strong>, <strong>savoureux<\/strong>, <strong>vari\u00e9s<\/strong> pour satisfaire tous les go\u00fbts et propos\u00e9s \u00e0 des <strong>tarifs tr\u00e8s avantageux<\/strong>.<\/p>\n\n\n\n<p>\ud83d\udc49 <strong>Plus vous commandez, plus vous contribuez au financement des projets des \u00e9l\u00e8ves !<\/strong> N\u2019h\u00e9sitez pas \u00e0 en faire profiter <strong>votre entourage : famille, amis, voisins, coll\u00e8gues\u2026 <\/strong>Chaque commande compte et participe directement \u00e0 la vie de l\u2019\u00e9cole.<\/p>\n\n\n\n<p>Un bon de commande a \u00e9t\u00e9 remis \u00e0 votre enfant, vous le trouverez \u00e9galement ci dessous !<\/p>\n\n\n\n<p>Un grand merci pour votre soutien et votre gourmandise solidaire.<\/p>\n\n\n\n<p>L\u2019\u00e9quipe enseignante<\/p>\n\n\n\n<div data-wp-interactive=\"core\/file\" class=\"wp-block-file\"><object data-wp-bind--hidden=\"!state.hasPdfPreview\"  class=\"wp-block-file__embed\" data=\"https:\/\/sitetab3.ac-reims.fr\/ec-asfeld\/-wp-\/wp-content\/uploads\/2026\/01\/Commande-de-fromage-1.pdf\" type=\"application\/pdf\" style=\"width:100%;height:600px\" aria-label=\"Contenu embarqu\u00e9 Commande-de-fromage-1.\"><\/object><a id=\"wp-block-file--media-540a6615-0e2b-47c4-a5db-7420936eafef\" href=\"https:\/\/sitetab3.ac-reims.fr\/ec-asfeld\/-wp-\/wp-content\/uploads\/2026\/01\/Commande-de-fromage-1.pdf\">Commande-de-fromage-1<\/a><a href=\"https:\/\/sitetab3.ac-reims.fr\/ec-asfeld\/-wp-\/wp-content\/uploads\/2026\/01\/Commande-de-fromage-1.pdf\" class=\"wp-block-file__button wp-element-button\" download aria-describedby=\"wp-block-file--media-540a6615-0e2b-47c4-a5db-7420936eafef\">T\u00e9l\u00e9charger<\/a><\/div>\n","protected":false},"excerpt":{"rendered":"<p>Chers parents, Nous proposons une vente de fromages provenant de la Fruiti\u00e8re des Monts de Joux, situ\u00e9e dans le Jura.<\/p>\n","protected":false},"author":1,"featured_media":0,"comment_status":"open","ping_status":"open","sticky":false,"template":"","format":"standard","meta":{"ngg_post_thumbnail":0,"footnotes":""},"categories":[14,15,16,17,18,13,12,22,11,10,19,23],"tags":[63],"_links":{"self":[{"href":"https:\/\/sitetab3.ac-reims.fr\/ec-asfeld\/-wp-\/wp-json\/wp\/v2\/posts\/2733"}],"collection":[{"href":"https:\/\/sitetab3.ac-reims.fr\/ec-asfeld\/-wp-\/wp-json\/wp\/v2\/posts"}],"about":[{"href":"https:\/\/sitetab3.ac-reims.fr\/ec-asfeld\/-wp-\/wp-json\/wp\/v2\/types\/post"}],"author":[{"embeddable":true,"href":"https:\/\/sitetab3.ac-reims.fr\/ec-asfeld\/-wp-\/wp-json\/wp\/v2\/users\/1"}],"replies":[{"embeddable":true,"href":"https:\/\/sitetab3.ac-reims.fr\/ec-asfeld\/-wp-\/wp-json\/wp\/v2\/comments?post=2733"}],"version-history":[{"count":2,"href":"https:\/\/sitetab3.ac-reims.fr\/ec-asfeld\/-wp-\/wp-json\/wp\/v2\/posts\/2733\/revisions"}],"predecessor-version":[{"id":2741,"href":"https:\/\/sitetab3.ac-reims.fr\/ec-asfeld\/-wp-\/wp-json\/wp\/v2\/posts\/2733\/revisions\/2741"}],"wp:attachment":[{"href":"https:\/\/sitetab3.ac-reims.fr\/ec-asfeld\/-wp-\/wp-json\/wp\/v2\/media?parent=2733"}],"wp:term":[{"taxonomy":"category","embeddable":true,"href":"https:\/\/sitetab3.ac-reims.fr\/ec-asfeld\/-wp-\/wp-json\/wp\/v2\/categories?post=2733"},{"taxonomy":"post_tag","embeddable":true,"href":"https:\/\/sitetab3.ac-reims.fr\/ec-asfeld\/-wp-\/wp-json\/wp\/v2\/tags?post=2733"}],"curies":[{"name":"wp","href":"https:\/\/api.w.org\/{rel}","templated":true}]}}