{"id":2789,"date":"2026-03-16T10:34:02","date_gmt":"2026-03-16T09:34:02","guid":{"rendered":"https:\/\/sitetab3.ac-reims.fr\/ec-asfeld\/-wp-\/?p=2789"},"modified":"2026-03-16T11:18:12","modified_gmt":"2026-03-16T10:18:12","slug":"conference-sur-les-ecrans","status":"publish","type":"post","link":"https:\/\/sitetab3.ac-reims.fr\/ec-asfeld\/-wp-\/conference-sur-les-ecrans\/","title":{"rendered":"Conf\u00e9rence sur les \u00e9crans"},"content":{"rendered":"\n<p>Une conf\u00e9rence sur la bonne utilisation des \u00e9crans est pr\u00e9vue le 11 mai \u00e0 la salle polyvalente d&rsquo;Asfeld. Il s&rsquo;agit d&rsquo;un temps important pour bien appr\u00e9hender cette \u00e9volution de la soci\u00e9t\u00e9 auquel je vous invite \u00e0 participer. Il convient de vous y inscrire en flashant le QR code dans l&rsquo;invitation.<\/p>\n\n\n\n<!--more-->\n\n\n\n<div data-wp-interactive=\"core\/file\" class=\"wp-block-file\"><object data-wp-bind--hidden=\"!state.hasPdfPreview\"  class=\"wp-block-file__embed\" data=\"https:\/\/sitetab3.ac-reims.fr\/ec-asfeld\/-wp-\/wp-content\/uploads\/2026\/03\/Invitation-a-la-conference-AROEVEN-2.pdf\" type=\"application\/pdf\" style=\"width:100%;height:600px\" aria-label=\"Contenu embarqu\u00e9 Invitation-a-la-conference-AROEVEN-2.\"><\/object><a id=\"wp-block-file--media-34d73f8d-dbdc-4825-9c75-da08c39bc097\" href=\"https:\/\/sitetab3.ac-reims.fr\/ec-asfeld\/-wp-\/wp-content\/uploads\/2026\/03\/Invitation-a-la-conference-AROEVEN-2.pdf\">Invitation-a-la-conference-AROEVEN-2<\/a><a href=\"https:\/\/sitetab3.ac-reims.fr\/ec-asfeld\/-wp-\/wp-content\/uploads\/2026\/03\/Invitation-a-la-conference-AROEVEN-2.pdf\" class=\"wp-block-file__button wp-element-button\" download aria-describedby=\"wp-block-file--media-34d73f8d-dbdc-4825-9c75-da08c39bc097\">T\u00e9l\u00e9charger<\/a><\/div>\n\n\n\n<figure class=\"wp-block-image size-large\"><img loading=\"lazy\" decoding=\"async\" width=\"724\" height=\"1024\" src=\"https:\/\/sitetab3.ac-reims.fr\/ec-asfeld\/-wp-\/wp-content\/uploads\/2026\/03\/Affiche-Conference-college-Asfeld-724x1024.png\" alt=\"\" class=\"wp-image-2791\" srcset=\"https:\/\/sitetab3.ac-reims.fr\/ec-asfeld\/-wp-\/wp-content\/uploads\/2026\/03\/Affiche-Conference-college-Asfeld-724x1024.png 724w, https:\/\/sitetab3.ac-reims.fr\/ec-asfeld\/-wp-\/wp-content\/uploads\/2026\/03\/Affiche-Conference-college-Asfeld-212x300.png 212w, https:\/\/sitetab3.ac-reims.fr\/ec-asfeld\/-wp-\/wp-content\/uploads\/2026\/03\/Affiche-Conference-college-Asfeld-768x1086.png 768w, https:\/\/sitetab3.ac-reims.fr\/ec-asfeld\/-wp-\/wp-content\/uploads\/2026\/03\/Affiche-Conference-college-Asfeld-1086x1536.png 1086w, https:\/\/sitetab3.ac-reims.fr\/ec-asfeld\/-wp-\/wp-content\/uploads\/2026\/03\/Affiche-Conference-college-Asfeld.png 1414w\" sizes=\"(max-width: 724px) 100vw, 724px\" \/><\/figure>\n","protected":false},"excerpt":{"rendered":"<p>Une conf\u00e9rence sur la bonne utilisation des \u00e9crans est pr\u00e9vue le 11 mai \u00e0 la salle polyvalente d&rsquo;Asfeld. Il s&rsquo;agit d&rsquo;un temps important pour bien appr\u00e9hender cette \u00e9volution de la soci\u00e9t\u00e9 auquel je vous invite \u00e0 participer. Il convient de vous y inscrire en flashant le QR code dans l&rsquo;invitation.<\/p>\n","protected":false},"author":1,"featured_media":0,"comment_status":"open","ping_status":"open","sticky":false,"template":"","format":"standard","meta":{"ngg_post_thumbnail":0,"footnotes":""},"categories":[14,15,16,17,18,13,12,22,11,10,19,23],"tags":[],"_links":{"self":[{"href":"https:\/\/sitetab3.ac-reims.fr\/ec-asfeld\/-wp-\/wp-json\/wp\/v2\/posts\/2789"}],"collection":[{"href":"https:\/\/sitetab3.ac-reims.fr\/ec-asfeld\/-wp-\/wp-json\/wp\/v2\/posts"}],"about":[{"href":"https:\/\/sitetab3.ac-reims.fr\/ec-asfeld\/-wp-\/wp-json\/wp\/v2\/types\/post"}],"author":[{"embeddable":true,"href":"https:\/\/sitetab3.ac-reims.fr\/ec-asfeld\/-wp-\/wp-json\/wp\/v2\/users\/1"}],"replies":[{"embeddable":true,"href":"https:\/\/sitetab3.ac-reims.fr\/ec-asfeld\/-wp-\/wp-json\/wp\/v2\/comments?post=2789"}],"version-history":[{"count":2,"href":"https:\/\/sitetab3.ac-reims.fr\/ec-asfeld\/-wp-\/wp-json\/wp\/v2\/posts\/2789\/revisions"}],"predecessor-version":[{"id":2794,"href":"https:\/\/sitetab3.ac-reims.fr\/ec-asfeld\/-wp-\/wp-json\/wp\/v2\/posts\/2789\/revisions\/2794"}],"wp:attachment":[{"href":"https:\/\/sitetab3.ac-reims.fr\/ec-asfeld\/-wp-\/wp-json\/wp\/v2\/media?parent=2789"}],"wp:term":[{"taxonomy":"category","embeddable":true,"href":"https:\/\/sitetab3.ac-reims.fr\/ec-asfeld\/-wp-\/wp-json\/wp\/v2\/categories?post=2789"},{"taxonomy":"post_tag","embeddable":true,"href":"https:\/\/sitetab3.ac-reims.fr\/ec-asfeld\/-wp-\/wp-json\/wp\/v2\/tags?post=2789"}],"curies":[{"name":"wp","href":"https:\/\/api.w.org\/{rel}","templated":true}]}}