{"id":43,"count":1,"description":"","link":"https:\/\/sitetab3.ac-reims.fr\/ec-chateau-porcien\/-wp-\/category\/representants-des-parents-deleves-au-conseil-decole\/","name":"Repr\u00e9sentants des parents d'\u00e9l\u00e8ves au conseil d'\u00e9cole","slug":"representants-des-parents-deleves-au-conseil-decole","taxonomy":"category","parent":0,"meta":[],"_links":{"self":[{"href":"https:\/\/sitetab3.ac-reims.fr\/ec-chateau-porcien\/-wp-\/wp-json\/wp\/v2\/categories\/43"}],"collection":[{"href":"https:\/\/sitetab3.ac-reims.fr\/ec-chateau-porcien\/-wp-\/wp-json\/wp\/v2\/categories"}],"about":[{"href":"https:\/\/sitetab3.ac-reims.fr\/ec-chateau-porcien\/-wp-\/wp-json\/wp\/v2\/taxonomies\/category"}],"wp:post_type":[{"href":"https:\/\/sitetab3.ac-reims.fr\/ec-chateau-porcien\/-wp-\/wp-json\/wp\/v2\/posts?categories=43"}],"curies":[{"name":"wp","href":"https:\/\/api.w.org\/{rel}","templated":true}]}}