{"id":68,"count":3,"description":"","link":"https:\/\/sitetab3.ac-reims.fr\/ec-chateau-porcien\/-wp-\/category\/climat-scolaire-sante-et-securite\/","name":"Climat scolaire, sant\u00e9 et s\u00e9curit\u00e9","slug":"climat-scolaire-sante-et-securite","taxonomy":"category","parent":0,"meta":[],"_links":{"self":[{"href":"https:\/\/sitetab3.ac-reims.fr\/ec-chateau-porcien\/-wp-\/wp-json\/wp\/v2\/categories\/68"}],"collection":[{"href":"https:\/\/sitetab3.ac-reims.fr\/ec-chateau-porcien\/-wp-\/wp-json\/wp\/v2\/categories"}],"about":[{"href":"https:\/\/sitetab3.ac-reims.fr\/ec-chateau-porcien\/-wp-\/wp-json\/wp\/v2\/taxonomies\/category"}],"wp:post_type":[{"href":"https:\/\/sitetab3.ac-reims.fr\/ec-chateau-porcien\/-wp-\/wp-json\/wp\/v2\/posts?categories=68"}],"curies":[{"name":"wp","href":"https:\/\/api.w.org\/{rel}","templated":true}]}}