{"id":1629,"date":"2025-10-10T14:00:00","date_gmt":"2025-10-10T12:00:00","guid":{"rendered":"http:\/\/sitetab3.ac-reims.fr\/ec-chateau-porcien\/-wp-\/?p=1629"},"modified":"2025-11-03T09:08:36","modified_gmt":"2025-11-03T08:08:36","slug":"representants-des-parents-deleves","status":"publish","type":"post","link":"https:\/\/sitetab3.ac-reims.fr\/ec-chateau-porcien\/-wp-\/representants-des-parents-deleves\/","title":{"rendered":"Liste des parents \u00e9lus"},"content":{"rendered":"<p style=\"text-align: center;\"><a href=\"http:\/\/sitetab3.ac-reims.fr\/ec-chateau-porcien\/-wp-\/wp-content\/uploads\/2020\/10\/parents_enfants.png\"><img loading=\"lazy\" decoding=\"async\" class=\"aligncenter size-medium wp-image-5388\" src=\"http:\/\/sitetab3.ac-reims.fr\/ec-chateau-porcien\/-wp-\/wp-content\/uploads\/2020\/10\/parents_enfants-300x139.png\" alt=\"\" width=\"300\" height=\"139\" srcset=\"https:\/\/sitetab3.ac-reims.fr\/ec-chateau-porcien\/-wp-\/wp-content\/uploads\/2020\/10\/parents_enfants-300x139.png 300w, https:\/\/sitetab3.ac-reims.fr\/ec-chateau-porcien\/-wp-\/wp-content\/uploads\/2020\/10\/parents_enfants.png 598w\" sizes=\"(max-width: 300px) 100vw, 300px\" \/><\/a>Les repr\u00e9sentants des parents d&rsquo;\u00e9l\u00e8ves au conseil d&rsquo;\u00e9cole ont \u00e9t\u00e9 \u00e9lus le vendredi 10 octobre 2025. Leur mandat reste effectif jusqu&rsquo;au mois d&rsquo;octobre 2026.<!--more--><\/p>\n<p align=\"CENTER\"><span style=\"font-size: medium;\"><u><b>TITULAIRES<\/b><\/u><\/span><\/p>\n<p align=\"CENTER\"><span style=\"font-size: medium;\">BRIQUET \u00c9milie<\/span><\/p>\n<p align=\"CENTER\"><span style=\"font-size: medium;\">ANDRE L\u00e6titia<\/span><\/p>\n<p align=\"CENTER\"><span style=\"font-size: medium;\">BOUILLON Chlo\u00e9<\/span><\/p>\n<p align=\"CENTER\"><span style=\"font-size: medium;\">BOULEY Camille<\/span><\/p>\n<p align=\"CENTER\"><span style=\"font-size: medium;\">CANON Justine<\/span><\/p>\n<p align=\"CENTER\"><span style=\"font-size: medium;\">CHAUSSON Arnaud<\/span><\/p>\n<p align=\"CENTER\"><span style=\"font-size: medium;\">FLEITER Gwendoline<\/span><\/p>\n<p align=\"CENTER\"><span style=\"font-size: medium;\">MATEUS Blandine<\/span><\/p>\n<p align=\"CENTER\"><span style=\"font-size: medium;\">PAQUEZ Caroline<\/span><\/p>\n<p align=\"CENTER\"><span style=\"font-size: medium;\"><u><b>SUPPLEANTES<\/b><\/u><\/span><\/p>\n<p align=\"CENTER\"><span style=\"font-size: medium;\">BRODIER St\u00e9phanie<\/span><\/p>\n<p align=\"CENTER\"><span style=\"font-size: medium;\">DESSAIN Laurine<\/span><\/p>\n<p align=\"CENTER\"><span style=\"font-size: medium;\">SCHOONBAERT Margaux<\/span><\/p>\n<p align=\"CENTER\"><span style=\"font-size: medium;\">HERVIEU Jessica<\/span><\/p>\n","protected":false},"excerpt":{"rendered":"<p>Les repr\u00e9sentants des parents d&rsquo;\u00e9l\u00e8ves au conseil d&rsquo;\u00e9cole ont \u00e9t\u00e9 \u00e9lus le vendredi 10 octobre 2025. Leur mandat reste effectif jusqu&rsquo;au mois d&rsquo;octobre 2026.<\/p>\n","protected":false},"author":1,"featured_media":0,"comment_status":"closed","ping_status":"open","sticky":false,"template":"","format":"standard","meta":{"ngg_post_thumbnail":0,"footnotes":""},"categories":[43],"tags":[],"_links":{"self":[{"href":"https:\/\/sitetab3.ac-reims.fr\/ec-chateau-porcien\/-wp-\/wp-json\/wp\/v2\/posts\/1629"}],"collection":[{"href":"https:\/\/sitetab3.ac-reims.fr\/ec-chateau-porcien\/-wp-\/wp-json\/wp\/v2\/posts"}],"about":[{"href":"https:\/\/sitetab3.ac-reims.fr\/ec-chateau-porcien\/-wp-\/wp-json\/wp\/v2\/types\/post"}],"author":[{"embeddable":true,"href":"https:\/\/sitetab3.ac-reims.fr\/ec-chateau-porcien\/-wp-\/wp-json\/wp\/v2\/users\/1"}],"replies":[{"embeddable":true,"href":"https:\/\/sitetab3.ac-reims.fr\/ec-chateau-porcien\/-wp-\/wp-json\/wp\/v2\/comments?post=1629"}],"version-history":[{"count":26,"href":"https:\/\/sitetab3.ac-reims.fr\/ec-chateau-porcien\/-wp-\/wp-json\/wp\/v2\/posts\/1629\/revisions"}],"predecessor-version":[{"id":6892,"href":"https:\/\/sitetab3.ac-reims.fr\/ec-chateau-porcien\/-wp-\/wp-json\/wp\/v2\/posts\/1629\/revisions\/6892"}],"wp:attachment":[{"href":"https:\/\/sitetab3.ac-reims.fr\/ec-chateau-porcien\/-wp-\/wp-json\/wp\/v2\/media?parent=1629"}],"wp:term":[{"taxonomy":"category","embeddable":true,"href":"https:\/\/sitetab3.ac-reims.fr\/ec-chateau-porcien\/-wp-\/wp-json\/wp\/v2\/categories?post=1629"},{"taxonomy":"post_tag","embeddable":true,"href":"https:\/\/sitetab3.ac-reims.fr\/ec-chateau-porcien\/-wp-\/wp-json\/wp\/v2\/tags?post=1629"}],"curies":[{"name":"wp","href":"https:\/\/api.w.org\/{rel}","templated":true}]}}