{"id":2907,"date":"2025-11-11T12:08:36","date_gmt":"2025-11-11T11:08:36","guid":{"rendered":"http:\/\/sitetab3.ac-reims.fr\/ec-chateau-porcien\/-wp-\/?p=2907"},"modified":"2025-11-11T15:08:47","modified_gmt":"2025-11-11T14:08:47","slug":"manifestation-commemorative-du-11-novembre","status":"publish","type":"post","link":"https:\/\/sitetab3.ac-reims.fr\/ec-chateau-porcien\/-wp-\/manifestation-commemorative-du-11-novembre\/","title":{"rendered":"Manifestation comm\u00e9morative du 11 novembre"},"content":{"rendered":"<p style=\"text-align: center;\">Invit\u00e9s par le conseil municipal de Ch\u00e2teau-Porcien, les \u00e9l\u00e8ves ont particip\u00e9 \u00e0 la c\u00e9r\u00e9monie comm\u00e9morative du mardi 11 novembre 2025. Leur pr\u00e9sence et leurs voix d\u2019enfants ont rappel\u00e9 que la m\u00e9moire ne devait jamais cesser de se transmettre.<\/p>\n<p style=\"text-align: center;\">Bravo aux enfants pour ce tr\u00e8s bel hommage rendu \u00e0 leurs a\u00een\u00e9s morts pour la France et merci aux familles qui les ont accompagn\u00e9s dans leur d\u00e9marche.<\/p>\n\n<div class=\"wp-block-image\">\n<figure class=\"aligncenter size-full is-resized\"><img loading=\"lazy\" decoding=\"async\" width=\"1440\" height=\"1080\" src=\"https:\/\/sitetab3.ac-reims.fr\/ec-chateau-porcien\/-wp-\/wp-content\/uploads\/2025\/11\/20251111-115429_1.jpg\" alt=\"\" class=\"wp-image-6909\" style=\"width:492px;height:auto\" srcset=\"https:\/\/sitetab3.ac-reims.fr\/ec-chateau-porcien\/-wp-\/wp-content\/uploads\/2025\/11\/20251111-115429_1.jpg 1440w, https:\/\/sitetab3.ac-reims.fr\/ec-chateau-porcien\/-wp-\/wp-content\/uploads\/2025\/11\/20251111-115429_1-300x225.jpg 300w, https:\/\/sitetab3.ac-reims.fr\/ec-chateau-porcien\/-wp-\/wp-content\/uploads\/2025\/11\/20251111-115429_1-1024x768.jpg 1024w, https:\/\/sitetab3.ac-reims.fr\/ec-chateau-porcien\/-wp-\/wp-content\/uploads\/2025\/11\/20251111-115429_1-768x576.jpg 768w\" sizes=\"(max-width: 1440px) 100vw, 1440px\" \/><\/figure><\/div>","protected":false},"excerpt":{"rendered":"<p>Invit\u00e9s par le conseil municipal de Ch\u00e2teau-Porcien, les \u00e9l\u00e8ves ont particip\u00e9 \u00e0 la c\u00e9r\u00e9monie comm\u00e9morative du mardi 11 novembre 2025. Leur pr\u00e9sence et leurs voix d\u2019enfants ont rappel\u00e9 que la m\u00e9moire ne devait jamais cesser de se transmettre. Bravo aux enfants pour ce tr\u00e8s bel hommage rendu \u00e0 leurs a\u00een\u00e9s morts pour la France et [&hellip;]<\/p>\n","protected":false},"author":1,"featured_media":0,"comment_status":"closed","ping_status":"open","sticky":false,"template":"","format":"standard","meta":{"ngg_post_thumbnail":0,"footnotes":""},"categories":[75],"tags":[],"_links":{"self":[{"href":"https:\/\/sitetab3.ac-reims.fr\/ec-chateau-porcien\/-wp-\/wp-json\/wp\/v2\/posts\/2907"}],"collection":[{"href":"https:\/\/sitetab3.ac-reims.fr\/ec-chateau-porcien\/-wp-\/wp-json\/wp\/v2\/posts"}],"about":[{"href":"https:\/\/sitetab3.ac-reims.fr\/ec-chateau-porcien\/-wp-\/wp-json\/wp\/v2\/types\/post"}],"author":[{"embeddable":true,"href":"https:\/\/sitetab3.ac-reims.fr\/ec-chateau-porcien\/-wp-\/wp-json\/wp\/v2\/users\/1"}],"replies":[{"embeddable":true,"href":"https:\/\/sitetab3.ac-reims.fr\/ec-chateau-porcien\/-wp-\/wp-json\/wp\/v2\/comments?post=2907"}],"version-history":[{"count":18,"href":"https:\/\/sitetab3.ac-reims.fr\/ec-chateau-porcien\/-wp-\/wp-json\/wp\/v2\/posts\/2907\/revisions"}],"predecessor-version":[{"id":6910,"href":"https:\/\/sitetab3.ac-reims.fr\/ec-chateau-porcien\/-wp-\/wp-json\/wp\/v2\/posts\/2907\/revisions\/6910"}],"wp:attachment":[{"href":"https:\/\/sitetab3.ac-reims.fr\/ec-chateau-porcien\/-wp-\/wp-json\/wp\/v2\/media?parent=2907"}],"wp:term":[{"taxonomy":"category","embeddable":true,"href":"https:\/\/sitetab3.ac-reims.fr\/ec-chateau-porcien\/-wp-\/wp-json\/wp\/v2\/categories?post=2907"},{"taxonomy":"post_tag","embeddable":true,"href":"https:\/\/sitetab3.ac-reims.fr\/ec-chateau-porcien\/-wp-\/wp-json\/wp\/v2\/tags?post=2907"}],"curies":[{"name":"wp","href":"https:\/\/api.w.org\/{rel}","templated":true}]}}