{"id":3535,"date":"2025-12-10T10:00:00","date_gmt":"2025-12-10T09:00:00","guid":{"rendered":"http:\/\/sitetab3.ac-reims.fr\/ec-chateau-porcien\/-wp-\/?p=3535"},"modified":"2025-12-13T10:01:03","modified_gmt":"2025-12-13T09:01:03","slug":"marche-de-noel-2","status":"publish","type":"post","link":"https:\/\/sitetab3.ac-reims.fr\/ec-chateau-porcien\/-wp-\/marche-de-noel-2\/","title":{"rendered":"March\u00e9 de No\u00ebl"},"content":{"rendered":"\n<p>Chaleureux remerciements \u00e0 l&rsquo;association des parents d&rsquo;\u00e9l\u00e8ves pour la qualit\u00e9 de l&rsquo;organisation, la beaut\u00e9 du march\u00e9 et la diversit\u00e9 des stands propos\u00e9s. F\u00e9licitations aux enfants pour leurs jolies productions r\u00e9alis\u00e9es avec beaucoup de soin et cr\u00e9ativit\u00e9. Et merci \u00e0 tous les parents venus nous soutenir en famille !<\/p>\n\n\n<div class=\"wp-block-image\">\n<figure class=\"aligncenter size-large is-resized\"><img loading=\"lazy\" decoding=\"async\" width=\"576\" height=\"1024\" src=\"https:\/\/sitetab3.ac-reims.fr\/ec-chateau-porcien\/-wp-\/wp-content\/uploads\/2025\/12\/20251210_215021-576x1024.jpeg\" alt=\"\" class=\"wp-image-6954\" style=\"width:233px;height:auto\" srcset=\"https:\/\/sitetab3.ac-reims.fr\/ec-chateau-porcien\/-wp-\/wp-content\/uploads\/2025\/12\/20251210_215021-576x1024.jpeg 576w, https:\/\/sitetab3.ac-reims.fr\/ec-chateau-porcien\/-wp-\/wp-content\/uploads\/2025\/12\/20251210_215021-169x300.jpeg 169w, https:\/\/sitetab3.ac-reims.fr\/ec-chateau-porcien\/-wp-\/wp-content\/uploads\/2025\/12\/20251210_215021.jpeg 720w\" sizes=\"(max-width: 576px) 100vw, 576px\" \/><\/figure><\/div>\n\n<div class=\"wp-block-image\">\n<figure class=\"aligncenter size-large is-resized\"><img loading=\"lazy\" decoding=\"async\" width=\"576\" height=\"1024\" src=\"https:\/\/sitetab3.ac-reims.fr\/ec-chateau-porcien\/-wp-\/wp-content\/uploads\/2025\/12\/20251210_214927-576x1024.jpeg\" alt=\"\" class=\"wp-image-6955\" style=\"width:230px;height:auto\" srcset=\"https:\/\/sitetab3.ac-reims.fr\/ec-chateau-porcien\/-wp-\/wp-content\/uploads\/2025\/12\/20251210_214927-576x1024.jpeg 576w, https:\/\/sitetab3.ac-reims.fr\/ec-chateau-porcien\/-wp-\/wp-content\/uploads\/2025\/12\/20251210_214927-169x300.jpeg 169w, https:\/\/sitetab3.ac-reims.fr\/ec-chateau-porcien\/-wp-\/wp-content\/uploads\/2025\/12\/20251210_214927.jpeg 720w\" sizes=\"(max-width: 576px) 100vw, 576px\" \/><\/figure><\/div>\n\n<div class=\"wp-block-image\">\n<figure class=\"aligncenter size-large is-resized\"><img loading=\"lazy\" decoding=\"async\" width=\"605\" height=\"1024\" src=\"https:\/\/sitetab3.ac-reims.fr\/ec-chateau-porcien\/-wp-\/wp-content\/uploads\/2025\/12\/20251210_214514-605x1024.jpeg\" alt=\"\" class=\"wp-image-6956\" style=\"width:227px;height:auto\" srcset=\"https:\/\/sitetab3.ac-reims.fr\/ec-chateau-porcien\/-wp-\/wp-content\/uploads\/2025\/12\/20251210_214514-605x1024.jpeg 605w, https:\/\/sitetab3.ac-reims.fr\/ec-chateau-porcien\/-wp-\/wp-content\/uploads\/2025\/12\/20251210_214514-177x300.jpeg 177w, https:\/\/sitetab3.ac-reims.fr\/ec-chateau-porcien\/-wp-\/wp-content\/uploads\/2025\/12\/20251210_214514-768x1299.jpeg 768w, https:\/\/sitetab3.ac-reims.fr\/ec-chateau-porcien\/-wp-\/wp-content\/uploads\/2025\/12\/20251210_214514-908x1536.jpeg 908w, https:\/\/sitetab3.ac-reims.fr\/ec-chateau-porcien\/-wp-\/wp-content\/uploads\/2025\/12\/20251210_214514.jpeg 1080w\" sizes=\"(max-width: 605px) 100vw, 605px\" \/><\/figure><\/div>","protected":false},"excerpt":{"rendered":"<p>Chaleureux remerciements \u00e0 l&rsquo;association des parents d&rsquo;\u00e9l\u00e8ves pour la qualit\u00e9 de l&rsquo;organisation, la beaut\u00e9 du march\u00e9 et la diversit\u00e9 des stands propos\u00e9s. F\u00e9licitations aux enfants pour leurs jolies productions r\u00e9alis\u00e9es avec beaucoup de soin et cr\u00e9ativit\u00e9. Et merci \u00e0 tous les parents venus nous soutenir en famille !<\/p>\n","protected":false},"author":1,"featured_media":0,"comment_status":"closed","ping_status":"open","sticky":false,"template":"","format":"standard","meta":{"ngg_post_thumbnail":0,"footnotes":""},"categories":[28],"tags":[],"_links":{"self":[{"href":"https:\/\/sitetab3.ac-reims.fr\/ec-chateau-porcien\/-wp-\/wp-json\/wp\/v2\/posts\/3535"}],"collection":[{"href":"https:\/\/sitetab3.ac-reims.fr\/ec-chateau-porcien\/-wp-\/wp-json\/wp\/v2\/posts"}],"about":[{"href":"https:\/\/sitetab3.ac-reims.fr\/ec-chateau-porcien\/-wp-\/wp-json\/wp\/v2\/types\/post"}],"author":[{"embeddable":true,"href":"https:\/\/sitetab3.ac-reims.fr\/ec-chateau-porcien\/-wp-\/wp-json\/wp\/v2\/users\/1"}],"replies":[{"embeddable":true,"href":"https:\/\/sitetab3.ac-reims.fr\/ec-chateau-porcien\/-wp-\/wp-json\/wp\/v2\/comments?post=3535"}],"version-history":[{"count":18,"href":"https:\/\/sitetab3.ac-reims.fr\/ec-chateau-porcien\/-wp-\/wp-json\/wp\/v2\/posts\/3535\/revisions"}],"predecessor-version":[{"id":6957,"href":"https:\/\/sitetab3.ac-reims.fr\/ec-chateau-porcien\/-wp-\/wp-json\/wp\/v2\/posts\/3535\/revisions\/6957"}],"wp:attachment":[{"href":"https:\/\/sitetab3.ac-reims.fr\/ec-chateau-porcien\/-wp-\/wp-json\/wp\/v2\/media?parent=3535"}],"wp:term":[{"taxonomy":"category","embeddable":true,"href":"https:\/\/sitetab3.ac-reims.fr\/ec-chateau-porcien\/-wp-\/wp-json\/wp\/v2\/categories?post=3535"},{"taxonomy":"post_tag","embeddable":true,"href":"https:\/\/sitetab3.ac-reims.fr\/ec-chateau-porcien\/-wp-\/wp-json\/wp\/v2\/tags?post=3535"}],"curies":[{"name":"wp","href":"https:\/\/api.w.org\/{rel}","templated":true}]}}