{"id":3629,"date":"2025-06-19T09:17:44","date_gmt":"2025-06-19T07:17:44","guid":{"rendered":"http:\/\/sitetab3.ac-reims.fr\/ec-chateau-porcien\/-wp-\/?p=3629"},"modified":"2025-11-05T17:00:07","modified_gmt":"2025-11-05T16:00:07","slug":"apejd-lassociation-des-parents-deleves-de-lecole-jean-dion","status":"publish","type":"post","link":"https:\/\/sitetab3.ac-reims.fr\/ec-chateau-porcien\/-wp-\/apejd-lassociation-des-parents-deleves-de-lecole-jean-dion\/","title":{"rendered":"APEJD: l&rsquo;association des parents d&rsquo;\u00e9l\u00e8ves de l&rsquo;\u00e9cole Jean Dion"},"content":{"rendered":"<p><img loading=\"lazy\" decoding=\"async\" class=\"aligncenter wp-image-3630 \" src=\"http:\/\/sitetab3.ac-reims.fr\/ec-chateau-porcien\/-wp-\/wp-content\/uploads\/2016\/12\/Association-parents-d\u00e9l\u00e8ves.jpg\" alt=\"association-parents-deleves\" width=\"372\" height=\"209\" srcset=\"https:\/\/sitetab3.ac-reims.fr\/ec-chateau-porcien\/-wp-\/wp-content\/uploads\/2016\/12\/Association-parents-d\u00e9l\u00e8ves.jpg 640w, https:\/\/sitetab3.ac-reims.fr\/ec-chateau-porcien\/-wp-\/wp-content\/uploads\/2016\/12\/Association-parents-d\u00e9l\u00e8ves-300x169.jpg 300w\" sizes=\"(max-width: 372px) 100vw, 372px\" \/><\/p>\n<p style=\"text-align: center;\">Comment contacter l&rsquo;Association des Parents d&rsquo;\u00e9l\u00e8ves de l&rsquo;Ecole Jean Dion (APEJD)?<!--more--><\/p>\n<p style=\"text-align: center;\"><a href=\"apejd.08360@gmail.com\"><img loading=\"lazy\" decoding=\"async\" class=\"aligncenter wp-image-3634\" src=\"http:\/\/sitetab3.ac-reims.fr\/ec-chateau-porcien\/-wp-\/wp-content\/uploads\/2016\/12\/u18799057.jpg\" alt=\"u18799057\" width=\"126\" height=\"126\" srcset=\"https:\/\/sitetab3.ac-reims.fr\/ec-chateau-porcien\/-wp-\/wp-content\/uploads\/2016\/12\/u18799057.jpg 170w, https:\/\/sitetab3.ac-reims.fr\/ec-chateau-porcien\/-wp-\/wp-content\/uploads\/2016\/12\/u18799057-150x150.jpg 150w\" sizes=\"(max-width: 126px) 100vw, 126px\" \/><\/a> <a href=\"http:\/\/apejd.08360@gmail.com\">apejd.08360@gmail.com<\/a><\/p>\n<p><a href=\"https:\/\/www.facebook.com\/profile.php?id=61580284515153\"><img loading=\"lazy\" decoding=\"async\" class=\"aligncenter wp-image-3633\" src=\"http:\/\/sitetab3.ac-reims.fr\/ec-chateau-porcien\/-wp-\/wp-content\/uploads\/2016\/12\/facebook-300x171.jpg\" alt=\"facebook\" width=\"172\" height=\"98\" srcset=\"https:\/\/sitetab3.ac-reims.fr\/ec-chateau-porcien\/-wp-\/wp-content\/uploads\/2016\/12\/facebook-300x171.jpg 300w, https:\/\/sitetab3.ac-reims.fr\/ec-chateau-porcien\/-wp-\/wp-content\/uploads\/2016\/12\/facebook-768x437.jpg 768w, https:\/\/sitetab3.ac-reims.fr\/ec-chateau-porcien\/-wp-\/wp-content\/uploads\/2016\/12\/facebook-1024x582.jpg 1024w, https:\/\/sitetab3.ac-reims.fr\/ec-chateau-porcien\/-wp-\/wp-content\/uploads\/2016\/12\/facebook.jpg 1247w\" sizes=\"(max-width: 172px) 100vw, 172px\" \/><\/a><\/p>\n","protected":false},"excerpt":{"rendered":"<p>Comment contacter l&rsquo;Association des Parents d&rsquo;\u00e9l\u00e8ves de l&rsquo;Ecole Jean Dion (APEJD)?<\/p>\n","protected":false},"author":1,"featured_media":0,"comment_status":"closed","ping_status":"open","sticky":false,"template":"","format":"standard","meta":{"ngg_post_thumbnail":0,"footnotes":""},"categories":[31],"tags":[],"_links":{"self":[{"href":"https:\/\/sitetab3.ac-reims.fr\/ec-chateau-porcien\/-wp-\/wp-json\/wp\/v2\/posts\/3629"}],"collection":[{"href":"https:\/\/sitetab3.ac-reims.fr\/ec-chateau-porcien\/-wp-\/wp-json\/wp\/v2\/posts"}],"about":[{"href":"https:\/\/sitetab3.ac-reims.fr\/ec-chateau-porcien\/-wp-\/wp-json\/wp\/v2\/types\/post"}],"author":[{"embeddable":true,"href":"https:\/\/sitetab3.ac-reims.fr\/ec-chateau-porcien\/-wp-\/wp-json\/wp\/v2\/users\/1"}],"replies":[{"embeddable":true,"href":"https:\/\/sitetab3.ac-reims.fr\/ec-chateau-porcien\/-wp-\/wp-json\/wp\/v2\/comments?post=3629"}],"version-history":[{"count":7,"href":"https:\/\/sitetab3.ac-reims.fr\/ec-chateau-porcien\/-wp-\/wp-json\/wp\/v2\/posts\/3629\/revisions"}],"predecessor-version":[{"id":6894,"href":"https:\/\/sitetab3.ac-reims.fr\/ec-chateau-porcien\/-wp-\/wp-json\/wp\/v2\/posts\/3629\/revisions\/6894"}],"wp:attachment":[{"href":"https:\/\/sitetab3.ac-reims.fr\/ec-chateau-porcien\/-wp-\/wp-json\/wp\/v2\/media?parent=3629"}],"wp:term":[{"taxonomy":"category","embeddable":true,"href":"https:\/\/sitetab3.ac-reims.fr\/ec-chateau-porcien\/-wp-\/wp-json\/wp\/v2\/categories?post=3629"},{"taxonomy":"post_tag","embeddable":true,"href":"https:\/\/sitetab3.ac-reims.fr\/ec-chateau-porcien\/-wp-\/wp-json\/wp\/v2\/tags?post=3629"}],"curies":[{"name":"wp","href":"https:\/\/api.w.org\/{rel}","templated":true}]}}