{"id":4956,"date":"2025-09-03T10:38:00","date_gmt":"2025-09-03T08:38:00","guid":{"rendered":"http:\/\/sitetab3.ac-reims.fr\/ec-chateau-porcien\/-wp-\/?p=4956"},"modified":"2025-11-05T17:04:03","modified_gmt":"2025-11-05T16:04:03","slug":"rencontrer-la-psychologue-scolaire","status":"publish","type":"post","link":"https:\/\/sitetab3.ac-reims.fr\/ec-chateau-porcien\/-wp-\/rencontrer-la-psychologue-scolaire\/","title":{"rendered":"Rencontrer la psychologue scolaire"},"content":{"rendered":"<p><a href=\"http:\/\/sitetab3.ac-reims.fr\/ec-chateau-porcien\/-wp-\/wp-content\/uploads\/2020\/09\/enfant-question-point-interrogation_59690-276.jpg\"><img loading=\"lazy\" decoding=\"async\" class=\"aligncenter size-medium wp-image-4957\" src=\"http:\/\/sitetab3.ac-reims.fr\/ec-chateau-porcien\/-wp-\/wp-content\/uploads\/2020\/09\/enfant-question-point-interrogation_59690-276-300x300.jpg\" alt=\"\" width=\"300\" height=\"300\" srcset=\"https:\/\/sitetab3.ac-reims.fr\/ec-chateau-porcien\/-wp-\/wp-content\/uploads\/2020\/09\/enfant-question-point-interrogation_59690-276-300x300.jpg 300w, https:\/\/sitetab3.ac-reims.fr\/ec-chateau-porcien\/-wp-\/wp-content\/uploads\/2020\/09\/enfant-question-point-interrogation_59690-276-150x150.jpg 150w, https:\/\/sitetab3.ac-reims.fr\/ec-chateau-porcien\/-wp-\/wp-content\/uploads\/2020\/09\/enfant-question-point-interrogation_59690-276.jpg 626w\" sizes=\"(max-width: 300px) 100vw, 300px\" \/><\/a><\/p>\n<p style=\"text-align: center;\">La psychologue scolaire aide l\u2019enfant en difficult\u00e9 d&rsquo;apprentissage ou de comportement \u00e0 mieux vivre sa scolarit\u00e9 et \u00e0 optimiser ses apprentissages.<\/p>\n<p style=\"text-align: center;\">rased-chateau08@ac-reims.fr<\/p>\n<p style=\"text-align: center;\">06 07 42 51 22<\/p>\n<pre class=\"moz-quote-pre\">&nbsp;<\/pre>\n","protected":false},"excerpt":{"rendered":"<p>La psychologue scolaire aide l\u2019enfant en difficult\u00e9 d&rsquo;apprentissage ou de comportement \u00e0 mieux vivre sa scolarit\u00e9 et \u00e0 optimiser ses apprentissages. rased-chateau08@ac-reims.fr 06 07 42 51 22 &nbsp;<\/p>\n","protected":false},"author":1,"featured_media":0,"comment_status":"closed","ping_status":"open","sticky":false,"template":"","format":"standard","meta":{"ngg_post_thumbnail":0,"footnotes":""},"categories":[69],"tags":[],"_links":{"self":[{"href":"https:\/\/sitetab3.ac-reims.fr\/ec-chateau-porcien\/-wp-\/wp-json\/wp\/v2\/posts\/4956"}],"collection":[{"href":"https:\/\/sitetab3.ac-reims.fr\/ec-chateau-porcien\/-wp-\/wp-json\/wp\/v2\/posts"}],"about":[{"href":"https:\/\/sitetab3.ac-reims.fr\/ec-chateau-porcien\/-wp-\/wp-json\/wp\/v2\/types\/post"}],"author":[{"embeddable":true,"href":"https:\/\/sitetab3.ac-reims.fr\/ec-chateau-porcien\/-wp-\/wp-json\/wp\/v2\/users\/1"}],"replies":[{"embeddable":true,"href":"https:\/\/sitetab3.ac-reims.fr\/ec-chateau-porcien\/-wp-\/wp-json\/wp\/v2\/comments?post=4956"}],"version-history":[{"count":4,"href":"https:\/\/sitetab3.ac-reims.fr\/ec-chateau-porcien\/-wp-\/wp-json\/wp\/v2\/posts\/4956\/revisions"}],"predecessor-version":[{"id":6880,"href":"https:\/\/sitetab3.ac-reims.fr\/ec-chateau-porcien\/-wp-\/wp-json\/wp\/v2\/posts\/4956\/revisions\/6880"}],"wp:attachment":[{"href":"https:\/\/sitetab3.ac-reims.fr\/ec-chateau-porcien\/-wp-\/wp-json\/wp\/v2\/media?parent=4956"}],"wp:term":[{"taxonomy":"category","embeddable":true,"href":"https:\/\/sitetab3.ac-reims.fr\/ec-chateau-porcien\/-wp-\/wp-json\/wp\/v2\/categories?post=4956"},{"taxonomy":"post_tag","embeddable":true,"href":"https:\/\/sitetab3.ac-reims.fr\/ec-chateau-porcien\/-wp-\/wp-json\/wp\/v2\/tags?post=4956"}],"curies":[{"name":"wp","href":"https:\/\/api.w.org\/{rel}","templated":true}]}}