{"id":5786,"date":"2025-06-17T14:21:00","date_gmt":"2025-06-17T12:21:00","guid":{"rendered":"https:\/\/sitetab3.ac-reims.fr\/ec-chateau-porcien\/-wp-\/?p=5786"},"modified":"2025-08-21T18:48:43","modified_gmt":"2025-08-21T16:48:43","slug":"une-difficulte-il-faut-en-parler","status":"publish","type":"post","link":"https:\/\/sitetab3.ac-reims.fr\/ec-chateau-porcien\/-wp-\/une-difficulte-il-faut-en-parler\/","title":{"rendered":"Une difficult\u00e9? Il faut en parler"},"content":{"rendered":"\n<div class=\"wp-block-image\"><figure class=\"aligncenter size-large is-resized\"><img loading=\"lazy\" decoding=\"async\" src=\"https:\/\/sitetab3.ac-reims.fr\/ec-chateau-porcien\/-wp-\/wp-content\/uploads\/2022\/10\/Tu-as-besoin-daide-numeros-987x1024.png\" alt=\"\" class=\"wp-image-5787\" width=\"341\" height=\"353\" srcset=\"https:\/\/sitetab3.ac-reims.fr\/ec-chateau-porcien\/-wp-\/wp-content\/uploads\/2022\/10\/Tu-as-besoin-daide-numeros-987x1024.png 987w, https:\/\/sitetab3.ac-reims.fr\/ec-chateau-porcien\/-wp-\/wp-content\/uploads\/2022\/10\/Tu-as-besoin-daide-numeros-289x300.png 289w, https:\/\/sitetab3.ac-reims.fr\/ec-chateau-porcien\/-wp-\/wp-content\/uploads\/2022\/10\/Tu-as-besoin-daide-numeros-768x797.png 768w, https:\/\/sitetab3.ac-reims.fr\/ec-chateau-porcien\/-wp-\/wp-content\/uploads\/2022\/10\/Tu-as-besoin-daide-numeros.png 1452w\" sizes=\"(max-width: 341px) 100vw, 341px\" \/><\/figure><\/div>\n\n\n\n<p class=\"has-text-align-center\">Notre \u00e9cole adh\u00e8re au programme national pHARe (plan de lutte contre le harc\u00e8lement) : <a rel=\"noreferrer noopener\" href=\"https:\/\/www.education.gouv.fr\/non-au-harcelement\/phare-un-programme-de-lutte-contre-le-harcelement-l-ecole-323435\" target=\"_blank\"> https:\/\/www.education.gouv.fr\/non-au-harcelement\/phare-un-programme-de-lutte-contre-le-harcelement-l-ecole-323435<\/a><\/p>\n\n\n\n<p><\/p>\n","protected":false},"excerpt":{"rendered":"<p>Notre \u00e9cole adh\u00e8re au programme national pHARe (plan de lutte contre le harc\u00e8lement) : https:\/\/www.education.gouv.fr\/non-au-harcelement\/phare-un-programme-de-lutte-contre-le-harcelement-l-ecole-323435<\/p>\n","protected":false},"author":1,"featured_media":0,"comment_status":"closed","ping_status":"open","sticky":false,"template":"","format":"standard","meta":{"ngg_post_thumbnail":0,"footnotes":""},"categories":[68],"tags":[],"_links":{"self":[{"href":"https:\/\/sitetab3.ac-reims.fr\/ec-chateau-porcien\/-wp-\/wp-json\/wp\/v2\/posts\/5786"}],"collection":[{"href":"https:\/\/sitetab3.ac-reims.fr\/ec-chateau-porcien\/-wp-\/wp-json\/wp\/v2\/posts"}],"about":[{"href":"https:\/\/sitetab3.ac-reims.fr\/ec-chateau-porcien\/-wp-\/wp-json\/wp\/v2\/types\/post"}],"author":[{"embeddable":true,"href":"https:\/\/sitetab3.ac-reims.fr\/ec-chateau-porcien\/-wp-\/wp-json\/wp\/v2\/users\/1"}],"replies":[{"embeddable":true,"href":"https:\/\/sitetab3.ac-reims.fr\/ec-chateau-porcien\/-wp-\/wp-json\/wp\/v2\/comments?post=5786"}],"version-history":[{"count":3,"href":"https:\/\/sitetab3.ac-reims.fr\/ec-chateau-porcien\/-wp-\/wp-json\/wp\/v2\/posts\/5786\/revisions"}],"predecessor-version":[{"id":6590,"href":"https:\/\/sitetab3.ac-reims.fr\/ec-chateau-porcien\/-wp-\/wp-json\/wp\/v2\/posts\/5786\/revisions\/6590"}],"wp:attachment":[{"href":"https:\/\/sitetab3.ac-reims.fr\/ec-chateau-porcien\/-wp-\/wp-json\/wp\/v2\/media?parent=5786"}],"wp:term":[{"taxonomy":"category","embeddable":true,"href":"https:\/\/sitetab3.ac-reims.fr\/ec-chateau-porcien\/-wp-\/wp-json\/wp\/v2\/categories?post=5786"},{"taxonomy":"post_tag","embeddable":true,"href":"https:\/\/sitetab3.ac-reims.fr\/ec-chateau-porcien\/-wp-\/wp-json\/wp\/v2\/tags?post=5786"}],"curies":[{"name":"wp","href":"https:\/\/api.w.org\/{rel}","templated":true}]}}