{"id":6350,"date":"2026-02-03T14:55:00","date_gmt":"2026-02-03T13:55:00","guid":{"rendered":"https:\/\/sitetab3.ac-reims.fr\/ec-chateau-porcien\/-wp-\/?p=6350"},"modified":"2026-02-03T20:47:04","modified_gmt":"2026-02-03T19:47:04","slug":"inscription-a-lecole","status":"publish","type":"post","link":"https:\/\/sitetab3.ac-reims.fr\/ec-chateau-porcien\/-wp-\/inscription-a-lecole\/","title":{"rendered":"Inscriptions \u00e0 l&rsquo;\u00e9cole"},"content":{"rendered":"<div class=\"wp-block-image\">\n<figure class=\"aligncenter size-full\"><img loading=\"lazy\" decoding=\"async\" width=\"389\" height=\"129\" src=\"https:\/\/sitetab3.ac-reims.fr\/ec-chateau-porcien\/-wp-\/wp-content\/uploads\/2026\/02\/bienvenue-a-lecole.jpg\" alt=\"\" class=\"wp-image-7108\" srcset=\"https:\/\/sitetab3.ac-reims.fr\/ec-chateau-porcien\/-wp-\/wp-content\/uploads\/2026\/02\/bienvenue-a-lecole.jpg 389w, https:\/\/sitetab3.ac-reims.fr\/ec-chateau-porcien\/-wp-\/wp-content\/uploads\/2026\/02\/bienvenue-a-lecole-300x99.jpg 300w\" sizes=\"(max-width: 389px) 100vw, 389px\" \/><\/figure><\/div>\n\n\n<p><strong>\u00c9tape 1: <\/strong>Avant l&rsquo;admission \u00e0 l&rsquo;\u00e9cole, il est imp\u00e9ratif de prendre contact avec la Communaut\u00e9 de Communes du Pays Rethelois afin d&rsquo;obtenir un certificat d&rsquo;inscription : <a href=\"https:\/\/www.paysrethelois.fr\/fr\/les-inscriptions-scolaires.html\">https:\/\/www.paysrethelois.fr\/fr\/les-inscriptions-scolaires.html<\/a><\/p>\n\n\n\n<p><strong>\u00c9tape 2: <\/strong>Contacter l&rsquo;\u00e9cole par mail <a href=\"mailto:ce.0080528f@ac-reims.fr\">ce.0080528f@ac-reims.fr<\/a> et transmettre les pi\u00e8ces suivantes:<\/p>\n\n\n\n<ul>\n<li>Fiches de renseignements et d&rsquo;urgence compl\u00e9t\u00e9es et sign\u00e9es (\u00e0 t\u00e9l\u00e9charger ci-dessous)<\/li>\n<\/ul>\n\n\n\n<ul>\n<li>Copie du livret de famille (pages des parents et de l&rsquo;enfant)<\/li>\n<\/ul>\n\n\n\n<ul>\n<li>Copie du carnet de sant\u00e9 attestant des vaccinations obligatoires<\/li>\n<\/ul>\n\n\n\n<ul>\n<li>Certificat de radiation (si l&rsquo;enfant \u00e9tait scolaris\u00e9 dans une autre \u00e9cole)<\/li>\n<\/ul>\n\n\n\n<div data-wp-interactive=\"core\/file\" class=\"wp-block-file\"><object data-wp-bind--hidden=\"!state.hasPdfPreview\"  class=\"wp-block-file__embed\" data=\"https:\/\/sitetab3.ac-reims.fr\/ec-chateau-porcien\/-wp-\/wp-content\/uploads\/2025\/02\/Fiche-renseignements-modifiable-ecole-Chateau-Porcien-2.pdf\" type=\"application\/pdf\" style=\"width:100%;height:200px\" aria-label=\"Contenu embarqu\u00e9 Fiche-renseignements-modifiable-ecole-Chateau-Porcien-2.\"><\/object><a href=\"https:\/\/sitetab3.ac-reims.fr\/ec-chateau-porcien\/-wp-\/wp-content\/uploads\/2025\/02\/Fiche-renseignements-modifiable-ecole-Chateau-Porcien-2.pdf\">Fiche-renseignements-modifiable-ecole-Chateau-Porcien-2<\/a><a href=\"https:\/\/sitetab3.ac-reims.fr\/ec-chateau-porcien\/-wp-\/wp-content\/uploads\/2025\/02\/Fiche-renseignements-modifiable-ecole-Chateau-Porcien-2.pdf\" class=\"wp-block-file__button wp-element-button\" download>T\u00e9l\u00e9charger<\/a><\/div>\n\n\n\n<div data-wp-interactive=\"core\/file\" class=\"wp-block-file\"><object data-wp-bind--hidden=\"!state.hasPdfPreview\"  class=\"wp-block-file__embed\" data=\"https:\/\/sitetab3.ac-reims.fr\/ec-chateau-porcien\/-wp-\/wp-content\/uploads\/2025\/02\/Fiche-d-urgence-modifiable-ecole-Chateau-Porcien-1.pdf\" type=\"application\/pdf\" style=\"width:100%;height:200px\" aria-label=\"Contenu embarqu\u00e9 Fiche-d-urgence-modifiable-ecole-Chateau-Porcien-1.\"><\/object><a href=\"https:\/\/sitetab3.ac-reims.fr\/ec-chateau-porcien\/-wp-\/wp-content\/uploads\/2025\/02\/Fiche-d-urgence-modifiable-ecole-Chateau-Porcien-1.pdf\">Fiche-d-urgence-modifiable-ecole-Chateau-Porcien-1<\/a><a href=\"https:\/\/sitetab3.ac-reims.fr\/ec-chateau-porcien\/-wp-\/wp-content\/uploads\/2025\/02\/Fiche-d-urgence-modifiable-ecole-Chateau-Porcien-1.pdf\" class=\"wp-block-file__button wp-element-button\" download>T\u00e9l\u00e9charger<\/a><\/div>\n","protected":false},"excerpt":{"rendered":"<p>\u00c9tape 1: Avant l&rsquo;admission \u00e0 l&rsquo;\u00e9cole, il est imp\u00e9ratif de prendre contact avec la Communaut\u00e9 de Communes du Pays Rethelois afin d&rsquo;obtenir un certificat d&rsquo;inscription : https:\/\/www.paysrethelois.fr\/fr\/les-inscriptions-scolaires.html \u00c9tape 2: Contacter l&rsquo;\u00e9cole par mail ce.0080528f@ac-reims.fr et transmettre les pi\u00e8ces suivantes:<\/p>\n","protected":false},"author":1,"featured_media":0,"comment_status":"closed","ping_status":"open","sticky":false,"template":"","format":"standard","meta":{"ngg_post_thumbnail":0,"footnotes":""},"categories":[30],"tags":[],"_links":{"self":[{"href":"https:\/\/sitetab3.ac-reims.fr\/ec-chateau-porcien\/-wp-\/wp-json\/wp\/v2\/posts\/6350"}],"collection":[{"href":"https:\/\/sitetab3.ac-reims.fr\/ec-chateau-porcien\/-wp-\/wp-json\/wp\/v2\/posts"}],"about":[{"href":"https:\/\/sitetab3.ac-reims.fr\/ec-chateau-porcien\/-wp-\/wp-json\/wp\/v2\/types\/post"}],"author":[{"embeddable":true,"href":"https:\/\/sitetab3.ac-reims.fr\/ec-chateau-porcien\/-wp-\/wp-json\/wp\/v2\/users\/1"}],"replies":[{"embeddable":true,"href":"https:\/\/sitetab3.ac-reims.fr\/ec-chateau-porcien\/-wp-\/wp-json\/wp\/v2\/comments?post=6350"}],"version-history":[{"count":10,"href":"https:\/\/sitetab3.ac-reims.fr\/ec-chateau-porcien\/-wp-\/wp-json\/wp\/v2\/posts\/6350\/revisions"}],"predecessor-version":[{"id":7109,"href":"https:\/\/sitetab3.ac-reims.fr\/ec-chateau-porcien\/-wp-\/wp-json\/wp\/v2\/posts\/6350\/revisions\/7109"}],"wp:attachment":[{"href":"https:\/\/sitetab3.ac-reims.fr\/ec-chateau-porcien\/-wp-\/wp-json\/wp\/v2\/media?parent=6350"}],"wp:term":[{"taxonomy":"category","embeddable":true,"href":"https:\/\/sitetab3.ac-reims.fr\/ec-chateau-porcien\/-wp-\/wp-json\/wp\/v2\/categories?post=6350"},{"taxonomy":"post_tag","embeddable":true,"href":"https:\/\/sitetab3.ac-reims.fr\/ec-chateau-porcien\/-wp-\/wp-json\/wp\/v2\/tags?post=6350"}],"curies":[{"name":"wp","href":"https:\/\/api.w.org\/{rel}","templated":true}]}}