{"id":6571,"date":"2025-09-06T17:06:00","date_gmt":"2025-09-06T15:06:00","guid":{"rendered":"https:\/\/sitetab3.ac-reims.fr\/ec-chateau-porcien\/-wp-\/?p=6571"},"modified":"2025-11-04T12:13:27","modified_gmt":"2025-11-04T11:13:27","slug":"labellisation-e3d","status":"publish","type":"post","link":"https:\/\/sitetab3.ac-reims.fr\/ec-chateau-porcien\/-wp-\/labellisation-e3d\/","title":{"rendered":"Labellisation E3D"},"content":{"rendered":"\n<p>Notre \u00e9cole est labellis\u00e9e E3D \u00ab\u00a0\u00c9cole en D\u00e9marche de D\u00e9veloppement Durable\u00a0\u00bb. Ce label formalise l\u2019engagement des \u00e9l\u00e8ves et des \u00e9quipes enseignantes au service de la transition \u00e9cologique et solidaire. C&rsquo;est une belle reconnaissance des actions men\u00e9es dans notre \u00e9cole.<\/p>\n\n\n\n<div data-wp-interactive=\"core\/file\" class=\"wp-block-file\"><object data-wp-bind--hidden=\"!state.hasPdfPreview\"  class=\"wp-block-file__embed\" data=\"https:\/\/sitetab3.ac-reims.fr\/ec-chateau-porcien\/-wp-\/wp-content\/uploads\/2024\/09\/Diplome-E3D.pdf\" type=\"application\/pdf\" style=\"width:100%;height:600px\" aria-label=\"Contenu embarqu\u00e9 Diplome-E3D.\"><\/object><a href=\"https:\/\/sitetab3.ac-reims.fr\/ec-chateau-porcien\/-wp-\/wp-content\/uploads\/2024\/09\/Diplome-E3D.pdf\">Diplome-E3D<\/a><a href=\"https:\/\/sitetab3.ac-reims.fr\/ec-chateau-porcien\/-wp-\/wp-content\/uploads\/2024\/09\/Diplome-E3D.pdf\" class=\"wp-block-file__button wp-element-button\" download>T\u00e9l\u00e9charger<\/a><\/div>\n","protected":false},"excerpt":{"rendered":"<p>Notre \u00e9cole est labellis\u00e9e E3D \u00ab\u00a0\u00c9cole en D\u00e9marche de D\u00e9veloppement Durable\u00a0\u00bb. Ce label formalise l\u2019engagement des \u00e9l\u00e8ves et des \u00e9quipes enseignantes au service de la transition \u00e9cologique et solidaire. C&rsquo;est une belle reconnaissance des actions men\u00e9es dans notre \u00e9cole.<\/p>\n","protected":false},"author":1,"featured_media":0,"comment_status":"closed","ping_status":"open","sticky":false,"template":"","format":"standard","meta":{"ngg_post_thumbnail":0,"footnotes":""},"categories":[77],"tags":[],"_links":{"self":[{"href":"https:\/\/sitetab3.ac-reims.fr\/ec-chateau-porcien\/-wp-\/wp-json\/wp\/v2\/posts\/6571"}],"collection":[{"href":"https:\/\/sitetab3.ac-reims.fr\/ec-chateau-porcien\/-wp-\/wp-json\/wp\/v2\/posts"}],"about":[{"href":"https:\/\/sitetab3.ac-reims.fr\/ec-chateau-porcien\/-wp-\/wp-json\/wp\/v2\/types\/post"}],"author":[{"embeddable":true,"href":"https:\/\/sitetab3.ac-reims.fr\/ec-chateau-porcien\/-wp-\/wp-json\/wp\/v2\/users\/1"}],"replies":[{"embeddable":true,"href":"https:\/\/sitetab3.ac-reims.fr\/ec-chateau-porcien\/-wp-\/wp-json\/wp\/v2\/comments?post=6571"}],"version-history":[{"count":6,"href":"https:\/\/sitetab3.ac-reims.fr\/ec-chateau-porcien\/-wp-\/wp-json\/wp\/v2\/posts\/6571\/revisions"}],"predecessor-version":[{"id":6899,"href":"https:\/\/sitetab3.ac-reims.fr\/ec-chateau-porcien\/-wp-\/wp-json\/wp\/v2\/posts\/6571\/revisions\/6899"}],"wp:attachment":[{"href":"https:\/\/sitetab3.ac-reims.fr\/ec-chateau-porcien\/-wp-\/wp-json\/wp\/v2\/media?parent=6571"}],"wp:term":[{"taxonomy":"category","embeddable":true,"href":"https:\/\/sitetab3.ac-reims.fr\/ec-chateau-porcien\/-wp-\/wp-json\/wp\/v2\/categories?post=6571"},{"taxonomy":"post_tag","embeddable":true,"href":"https:\/\/sitetab3.ac-reims.fr\/ec-chateau-porcien\/-wp-\/wp-json\/wp\/v2\/tags?post=6571"}],"curies":[{"name":"wp","href":"https:\/\/api.w.org\/{rel}","templated":true}]}}